{"id":9985,"date":"2025-04-16T10:49:51","date_gmt":"2025-04-16T13:49:51","guid":{"rendered":"https:\/\/focotocantinense.com.br\/?p=9985"},"modified":"2025-04-16T10:51:15","modified_gmt":"2025-04-16T13:51:15","slug":"3a-feira-de-adocao-de-animais-na-aleto-atrai-centenas-e-promove-conscientizacao","status":"publish","type":"post","link":"https:\/\/focotocantinense.com.br\/?p=9985","title":{"rendered":"3\u00aa Feira de Ado\u00e7\u00e3o de Animais na Aleto atrai centenas e promove conscientiza\u00e7\u00e3o"},"content":{"rendered":"\n<p>A entrada da Assembleia Legislativa do Tocantins (Aleto) recebeu nesta ter\u00e7a-feira, 15, centenas de pessoas para a 3\u00aa edi\u00e7\u00e3o da Feira de Ado\u00e7\u00e3o de Animais. Idealizada em 2023 pelo deputado estadual Eduardo Fortes (PSD), o evento tem como objetivo incentivar a ado\u00e7\u00e3o respons\u00e1vel e oferecer servi\u00e7os gratuitos para pets e tutores.<\/p>\n\n\n\n<p>Em seu discurso, Fortes destacou que a defesa dos animais vai al\u00e9m da cria\u00e7\u00e3o de leis. &#8220;\u00c9 preciso agir constantemente, envolvendo autoridades e popula\u00e7\u00e3o na promo\u00e7\u00e3o do bem-estar animal&#8221;, afirmou. O parlamentar tamb\u00e9m anunciou um novo projeto de lei que autoriza a alimenta\u00e7\u00e3o de pets em \u00f3rg\u00e3os p\u00fablicos e pro\u00edbe concursos p\u00fablicos para quem maltrata animais.<\/p>\n\n\n\n<p>O prefeito de Palmas, Eduardo Siqueira Campos (Podemos), presente no evento, ressaltou a nova pol\u00edtica da gest\u00e3o municipal em rela\u00e7\u00e3o aos animais dom\u00e9sticos. &#8220;Palmas j\u00e1 tinha tradi\u00e7\u00e3o no cuidado de esp\u00e9cies silvestres, como corujas e araras, mas agora estamos priorizando tamb\u00e9m os pets&#8221;, declarou.<\/p>\n\n\n\n<p>A secret\u00e1ria de Prote\u00e7\u00e3o e Bem-Estar Animal de Palmas, Gabriela Siqueira, explicou que a ado\u00e7\u00e3o \u00e9 a etapa final de um processo que inclui resgate e tratamento. &#8220;Antes de chegar a um novo lar, esses animais passam por cuidados essenciais&#8221;, disse.<\/p>\n\n\n\n<p>Representando a primeira-dama do Tocantins, Karynne Sotero, Eudila Martins anunciou o lan\u00e7amento do projeto&nbsp;&#8220;TO Amigo do Pet&#8221;, que come\u00e7ar\u00e1 em Alian\u00e7a do Tocantins no dia 1\u00ba de maio.<\/p>\n\n\n\n<p>O deputado federal Felipe Becari (Uni\u00e3o Brasil-SP), reconhecido nacionalmente pela defesa dos animais, elogiou a iniciativa tocantinense. &#8220;O mandato pol\u00edtico \u00e9 passageiro, mas a luta pelos animais deve ser permanente&#8221;, destacou. Ele tamb\u00e9m enfatizou a import\u00e2ncia da educa\u00e7\u00e3o para evitar problemas futuros relacionados ao sofrimento animal.<\/p>\n\n\n\n<p><strong>Atra\u00e7\u00f5es e servi\u00e7os<\/strong><\/p>\n\n\n\n<p>Durante o evento, c\u00e3es farejadores do Batalh\u00e3o de Choque da Pol\u00edcia Militar realizaram uma simula\u00e7\u00e3o. A feira, que segue at\u00e9 as 18 horas, disponibilizou inicialmente 60 animais para ado\u00e7\u00e3o (40 c\u00e3es e 20 gatos), todos vacinados, vermifugados e microchipados.<\/p>\n\n\n\n<p>Al\u00e9m da ado\u00e7\u00e3o, foram oferecidos atendimento veterin\u00e1rio gratuito, vacina\u00e7\u00e3o antirr\u00e1bica, aplica\u00e7\u00e3o de coleiras contra calazar e orienta\u00e7\u00f5es sobre sa\u00fade animal.<\/p>\n\n\n\n<p>A iniciativa conta com o apoio de ONGs, institui\u00e7\u00f5es de ensino, cl\u00ednicas veterin\u00e1rias e empresas privadas, como Virbac e MSD Sa\u00fade Animal. Entre as autoridades presentes estavam o deputado federal Alexandre Guimar\u00e3es (MDB) e as vereadoras C\u00e9lia Lima (PSD), Luciely Oliveira (PT) e Mary Cats (Podemos), conhecida por sua atua\u00e7\u00e3o em defesa dos animais na capital.<\/p>\n\n\n\n<figure class=\"wp-block-image size-full is-resized\"><img loading=\"lazy\" decoding=\"async\" width=\"723\" height=\"369\" src=\"https:\/\/focotocantinense.com.br\/wp-content\/uploads\/2025\/04\/portes.jpeg\" alt=\"\" class=\"wp-image-9986\" style=\"width:840px;height:auto\" srcset=\"https:\/\/focotocantinense.com.br\/wp-content\/uploads\/2025\/04\/portes.jpeg 723w, https:\/\/focotocantinense.com.br\/wp-content\/uploads\/2025\/04\/portes-300x153.jpeg 300w\" sizes=\"auto, (max-width: 723px) 100vw, 723px\" \/><\/figure>\n\n\n\n<p><\/p>\n\n\n\n<figure class=\"wp-block-image size-large\"><img loading=\"lazy\" decoding=\"async\" width=\"1024\" height=\"256\" src=\"https:\/\/focotocantinense.com.br\/wp-content\/uploads\/2025\/04\/Vinicius-Martins-ESPECIALISTA-EM-RISOS-5-1024x256.jpeg\" alt=\"\" class=\"wp-image-9982\" srcset=\"https:\/\/focotocantinense.com.br\/wp-content\/uploads\/2025\/04\/Vinicius-Martins-ESPECIALISTA-EM-RISOS-5-1024x256.jpeg 1024w, https:\/\/focotocantinense.com.br\/wp-content\/uploads\/2025\/04\/Vinicius-Martins-ESPECIALISTA-EM-RISOS-5-300x75.jpeg 300w, https:\/\/focotocantinense.com.br\/wp-content\/uploads\/2025\/04\/Vinicius-Martins-ESPECIALISTA-EM-RISOS-5-768x192.jpeg 768w, https:\/\/focotocantinense.com.br\/wp-content\/uploads\/2025\/04\/Vinicius-Martins-ESPECIALISTA-EM-RISOS-5-1536x384.jpeg 1536w, https:\/\/focotocantinense.com.br\/wp-content\/uploads\/2025\/04\/Vinicius-Martins-ESPECIALISTA-EM-RISOS-5.jpeg 1584w\" sizes=\"auto, (max-width: 1024px) 100vw, 1024px\" \/><\/figure>\n\n\n\n<p><\/p>\n","protected":false},"excerpt":{"rendered":"<p>A entrada da Assembleia Legislativa do Tocantins (Aleto) recebeu nesta ter\u00e7a-feira, 15, centenas de pessoas para a 3\u00aa edi\u00e7\u00e3o da Feira de Ado\u00e7\u00e3o de Animais. Idealizada em 2023 pelo deputado estadual Eduardo Fortes (PSD), o evento tem como objetivo incentivar a ado\u00e7\u00e3o respons\u00e1vel e oferecer servi\u00e7os gratuitos para pets e tutores. Em seu discurso, Fortes &hellip;<\/p>\n","protected":false},"author":5,"featured_media":9986,"comment_status":"open","ping_status":"open","sticky":false,"template":"","format":"standard","meta":{"footnotes":""},"categories":[1],"tags":[],"class_list":["post-9985","post","type-post","status-publish","format-standard","has-post-thumbnail","","category-sem-categoria"],"_links":{"self":[{"href":"https:\/\/focotocantinense.com.br\/index.php?rest_route=\/wp\/v2\/posts\/9985","targetHints":{"allow":["GET"]}}],"collection":[{"href":"https:\/\/focotocantinense.com.br\/index.php?rest_route=\/wp\/v2\/posts"}],"about":[{"href":"https:\/\/focotocantinense.com.br\/index.php?rest_route=\/wp\/v2\/types\/post"}],"author":[{"embeddable":true,"href":"https:\/\/focotocantinense.com.br\/index.php?rest_route=\/wp\/v2\/users\/5"}],"replies":[{"embeddable":true,"href":"https:\/\/focotocantinense.com.br\/index.php?rest_route=%2Fwp%2Fv2%2Fcomments&post=9985"}],"version-history":[{"count":3,"href":"https:\/\/focotocantinense.com.br\/index.php?rest_route=\/wp\/v2\/posts\/9985\/revisions"}],"predecessor-version":[{"id":9989,"href":"https:\/\/focotocantinense.com.br\/index.php?rest_route=\/wp\/v2\/posts\/9985\/revisions\/9989"}],"wp:featuredmedia":[{"embeddable":true,"href":"https:\/\/focotocantinense.com.br\/index.php?rest_route=\/wp\/v2\/media\/9986"}],"wp:attachment":[{"href":"https:\/\/focotocantinense.com.br\/index.php?rest_route=%2Fwp%2Fv2%2Fmedia&parent=9985"}],"wp:term":[{"taxonomy":"category","embeddable":true,"href":"https:\/\/focotocantinense.com.br\/index.php?rest_route=%2Fwp%2Fv2%2Fcategories&post=9985"},{"taxonomy":"post_tag","embeddable":true,"href":"https:\/\/focotocantinense.com.br\/index.php?rest_route=%2Fwp%2Fv2%2Ftags&post=9985"}],"curies":[{"name":"wp","href":"https:\/\/api.w.org\/{rel}","templated":true}]}}