{"id":9980,"date":"2025-04-14T20:00:59","date_gmt":"2025-04-14T23:00:59","guid":{"rendered":"https:\/\/focotocantinense.com.br\/?p=9980"},"modified":"2025-04-14T20:01:20","modified_gmt":"2025-04-14T23:01:20","slug":"governador-wanderlei-barbosa-decreta-ponto-facultativo-para-quinta-feira-17-vespera-do-feriado-da-paixao-de-cristo","status":"publish","type":"post","link":"https:\/\/focotocantinense.com.br\/?p=9980","title":{"rendered":"Governador Wanderlei Barbosa decreta ponto facultativo para quinta-feira, 17, v\u00e9spera do feriado da Paix\u00e3o de Cristo"},"content":{"rendered":"\n<p>O governador do Tocantins, Wanderlei Barbosa, decretou ponto facultativo para quinta-feira, 17 de abril, data que antecede o feriado da Paix\u00e3o de Cristo, comemorado na sexta-feira, 18. O ato foi publicado no Di\u00e1rio Oficial do Estado (DOE)  por meio do Decreto n\u00b0 6.942.<\/p>\n\n\n\n<p>O expediente nas reparti\u00e7\u00f5es p\u00fablicas volta \u00e0 normalidade somente na ter\u00e7a-feira, 22 de abril, a partir das 8 horas, j\u00e1 que a segunda-feira, 21, \u00e9 feriado nacional em comemora\u00e7\u00e3o ao Dia de Tiradentes.<\/p>\n\n\n\n<p>\u201cEste recesso \u00e9 para que nossos servidores tenham um tempo de descanso com suas fam\u00edlias e para celebrar a sua f\u00e9, especialmente neste per\u00edodo de P\u00e1scoa, que carrega um profundo significado espiritual aos crist\u00e3os\u201d, afirmou o governador Wanderlei Barbosa.<\/p>\n\n\n\n<p>O ponto facultativo n\u00e3o se aplica aos servi\u00e7os essenciais, como sa\u00fade, seguran\u00e7a p\u00fablica, fiscaliza\u00e7\u00e3o tribut\u00e1ria e outros que n\u00e3o possam ser interrompidos, cabendo aos respectivos dirigentes estaduais adotar as provid\u00eancias necess\u00e1rias \u00e0 garantia de sua continuidade.<\/p>\n\n\n\n<figure class=\"wp-block-image size-full is-resized\"><img loading=\"lazy\" decoding=\"async\" width=\"883\" height=\"546\" src=\"https:\/\/focotocantinense.com.br\/wp-content\/uploads\/2025\/04\/aaaaaaaaaaaaaaaaaaaaaaaaaaa.jpeg\" alt=\"\" class=\"wp-image-9981\" style=\"width:376px;height:auto\" srcset=\"https:\/\/focotocantinense.com.br\/wp-content\/uploads\/2025\/04\/aaaaaaaaaaaaaaaaaaaaaaaaaaa.jpeg 883w, https:\/\/focotocantinense.com.br\/wp-content\/uploads\/2025\/04\/aaaaaaaaaaaaaaaaaaaaaaaaaaa-300x186.jpeg 300w, https:\/\/focotocantinense.com.br\/wp-content\/uploads\/2025\/04\/aaaaaaaaaaaaaaaaaaaaaaaaaaa-768x475.jpeg 768w\" sizes=\"auto, (max-width: 883px) 100vw, 883px\" \/><\/figure>\n\n\n\n<p><\/p>\n\n\n\n<figure class=\"wp-block-image size-large\"><img loading=\"lazy\" decoding=\"async\" width=\"1024\" height=\"256\" src=\"https:\/\/focotocantinense.com.br\/wp-content\/uploads\/2025\/04\/Vinicius-Martins-ESPECIALISTA-EM-RISOS-5-1024x256.jpeg\" alt=\"\" class=\"wp-image-9982\" srcset=\"https:\/\/focotocantinense.com.br\/wp-content\/uploads\/2025\/04\/Vinicius-Martins-ESPECIALISTA-EM-RISOS-5-1024x256.jpeg 1024w, https:\/\/focotocantinense.com.br\/wp-content\/uploads\/2025\/04\/Vinicius-Martins-ESPECIALISTA-EM-RISOS-5-300x75.jpeg 300w, https:\/\/focotocantinense.com.br\/wp-content\/uploads\/2025\/04\/Vinicius-Martins-ESPECIALISTA-EM-RISOS-5-768x192.jpeg 768w, https:\/\/focotocantinense.com.br\/wp-content\/uploads\/2025\/04\/Vinicius-Martins-ESPECIALISTA-EM-RISOS-5-1536x384.jpeg 1536w, https:\/\/focotocantinense.com.br\/wp-content\/uploads\/2025\/04\/Vinicius-Martins-ESPECIALISTA-EM-RISOS-5.jpeg 1584w\" sizes=\"auto, (max-width: 1024px) 100vw, 1024px\" \/><\/figure>\n","protected":false},"excerpt":{"rendered":"<p>O governador do Tocantins, Wanderlei Barbosa, decretou ponto facultativo para quinta-feira, 17 de abril, data que antecede o feriado da Paix\u00e3o de Cristo, comemorado na sexta-feira, 18. O ato foi publicado no Di\u00e1rio Oficial do Estado (DOE) por meio do Decreto n\u00b0 6.942. O expediente nas reparti\u00e7\u00f5es p\u00fablicas volta \u00e0 normalidade somente na ter\u00e7a-feira, 22 &hellip;<\/p>\n","protected":false},"author":5,"featured_media":9981,"comment_status":"open","ping_status":"open","sticky":false,"template":"","format":"standard","meta":{"footnotes":""},"categories":[37],"tags":[],"class_list":["post-9980","post","type-post","status-publish","format-standard","has-post-thumbnail","","category-palmas"],"_links":{"self":[{"href":"https:\/\/focotocantinense.com.br\/index.php?rest_route=\/wp\/v2\/posts\/9980","targetHints":{"allow":["GET"]}}],"collection":[{"href":"https:\/\/focotocantinense.com.br\/index.php?rest_route=\/wp\/v2\/posts"}],"about":[{"href":"https:\/\/focotocantinense.com.br\/index.php?rest_route=\/wp\/v2\/types\/post"}],"author":[{"embeddable":true,"href":"https:\/\/focotocantinense.com.br\/index.php?rest_route=\/wp\/v2\/users\/5"}],"replies":[{"embeddable":true,"href":"https:\/\/focotocantinense.com.br\/index.php?rest_route=%2Fwp%2Fv2%2Fcomments&post=9980"}],"version-history":[{"count":2,"href":"https:\/\/focotocantinense.com.br\/index.php?rest_route=\/wp\/v2\/posts\/9980\/revisions"}],"predecessor-version":[{"id":9984,"href":"https:\/\/focotocantinense.com.br\/index.php?rest_route=\/wp\/v2\/posts\/9980\/revisions\/9984"}],"wp:featuredmedia":[{"embeddable":true,"href":"https:\/\/focotocantinense.com.br\/index.php?rest_route=\/wp\/v2\/media\/9981"}],"wp:attachment":[{"href":"https:\/\/focotocantinense.com.br\/index.php?rest_route=%2Fwp%2Fv2%2Fmedia&parent=9980"}],"wp:term":[{"taxonomy":"category","embeddable":true,"href":"https:\/\/focotocantinense.com.br\/index.php?rest_route=%2Fwp%2Fv2%2Fcategories&post=9980"},{"taxonomy":"post_tag","embeddable":true,"href":"https:\/\/focotocantinense.com.br\/index.php?rest_route=%2Fwp%2Fv2%2Ftags&post=9980"}],"curies":[{"name":"wp","href":"https:\/\/api.w.org\/{rel}","templated":true}]}}