{"id":9975,"date":"2025-04-14T19:44:49","date_gmt":"2025-04-14T22:44:49","guid":{"rendered":"https:\/\/focotocantinense.com.br\/?p=9975"},"modified":"2025-04-14T19:45:34","modified_gmt":"2025-04-14T22:45:34","slug":"prefeitura-de-gurupi-realiza-mais-uma-operacao-para-retirada-de-animais-soltos-nas-ruas","status":"publish","type":"post","link":"https:\/\/focotocantinense.com.br\/?p=9975","title":{"rendered":"Prefeitura de Gurupi realiza mais uma opera\u00e7\u00e3o para retirada de animais soltos nas ruas"},"content":{"rendered":"\n<p>A Prefeitura de Gurupi, por meio da Secretaria Municipal de Desenvolvimento Econ\u00f4mico e Meio Ambiente, deu in\u00edcio nesta semana a uma opera\u00e7\u00e3o para retirada de cavalos soltos nas ruas da cidade. A a\u00e7\u00e3o visa garantir a seguran\u00e7a dos motoristas e pedestres, j\u00e1 que a presen\u00e7a dos animais em vias p\u00fablicas tem representado risco \u00e0 popula\u00e7\u00e3o.<\/p>\n\n\n\n<p>De acordo com o secret\u00e1rio da pasta, Wilson Souza, nos \u00faltimos quatro meses, 20 cavalos j\u00e1 foram recolhidos pelas equipes da secretaria. \u201cA opera\u00e7\u00e3o ir\u00e1 continuar at\u00e9 eliminarmos esse problema. A colabora\u00e7\u00e3o dos propriet\u00e1rios desses animais \u00e9 essencial para garantir a seguran\u00e7a dos moradores\u201d, afirmou.<\/p>\n\n\n\n<p>Os animais recolhidos t\u00eam sido encontrados em condi\u00e7\u00f5es prec\u00e1rias, sem acesso a cuidados b\u00e1sicos. A veterin\u00e1ria Anna Beatriz Bezerra, respons\u00e1vel t\u00e9cnica da a\u00e7\u00e3o, destacou a situa\u00e7\u00e3o cr\u00edtica em que muitos deles s\u00e3o encontrados. \u201cEles chegam at\u00e9 n\u00f3s abandonados, sem qualquer tipo de assist\u00eancia. Por isso, permanecer\u00e3o sob a vigil\u00e2ncia da nossa equipe para receberem os atendimentos necess\u00e1rios\u201d, explicou.<\/p>\n\n\n\n<p>Os cavalos recolhidos ficar\u00e3o sob os cuidados dos profissionais por at\u00e9 cinco dias. Caso os propriet\u00e1rios n\u00e3o se apresentem com comprova\u00e7\u00e3o de condi\u00e7\u00f5es adequadas para manter os animais, eles ser\u00e3o disponibilizados para ado\u00e7\u00e3o respons\u00e1vel.<\/p>\n\n\n\n<p>Um espa\u00e7o foi adaptado para a estadia tempor\u00e1ria dos cavalos, contando com infraestrutura b\u00e1sica e, em breve, receber\u00e1 um sistema de monitoramento para garantir a seguran\u00e7a e o bem-estar dos animais durante o per\u00edodo de recupera\u00e7\u00e3o.<\/p>\n\n\n\n<figure class=\"wp-block-image size-large\"><img loading=\"lazy\" decoding=\"async\" width=\"1024\" height=\"606\" src=\"https:\/\/focotocantinense.com.br\/wp-content\/uploads\/2025\/04\/d890e1ab-beeb-48e0-9f10-5e3332f57f1f-1024x606.jpeg\" alt=\"\" class=\"wp-image-9976\" srcset=\"https:\/\/focotocantinense.com.br\/wp-content\/uploads\/2025\/04\/d890e1ab-beeb-48e0-9f10-5e3332f57f1f-1024x606.jpeg 1024w, https:\/\/focotocantinense.com.br\/wp-content\/uploads\/2025\/04\/d890e1ab-beeb-48e0-9f10-5e3332f57f1f-300x177.jpeg 300w, https:\/\/focotocantinense.com.br\/wp-content\/uploads\/2025\/04\/d890e1ab-beeb-48e0-9f10-5e3332f57f1f-768x454.jpeg 768w, https:\/\/focotocantinense.com.br\/wp-content\/uploads\/2025\/04\/d890e1ab-beeb-48e0-9f10-5e3332f57f1f.jpeg 1280w\" sizes=\"auto, (max-width: 1024px) 100vw, 1024px\" \/><\/figure>\n\n\n\n<p><\/p>\n\n\n\n<figure class=\"wp-block-image size-large\"><img loading=\"lazy\" decoding=\"async\" width=\"1024\" height=\"256\" src=\"https:\/\/focotocantinense.com.br\/wp-content\/uploads\/2025\/04\/Vinicius-Martins-ESPECIALISTA-EM-RISOS-4-1024x256.jpeg\" alt=\"\" class=\"wp-image-9965\" srcset=\"https:\/\/focotocantinense.com.br\/wp-content\/uploads\/2025\/04\/Vinicius-Martins-ESPECIALISTA-EM-RISOS-4-1024x256.jpeg 1024w, https:\/\/focotocantinense.com.br\/wp-content\/uploads\/2025\/04\/Vinicius-Martins-ESPECIALISTA-EM-RISOS-4-300x75.jpeg 300w, https:\/\/focotocantinense.com.br\/wp-content\/uploads\/2025\/04\/Vinicius-Martins-ESPECIALISTA-EM-RISOS-4-768x192.jpeg 768w, https:\/\/focotocantinense.com.br\/wp-content\/uploads\/2025\/04\/Vinicius-Martins-ESPECIALISTA-EM-RISOS-4-1536x384.jpeg 1536w, https:\/\/focotocantinense.com.br\/wp-content\/uploads\/2025\/04\/Vinicius-Martins-ESPECIALISTA-EM-RISOS-4.jpeg 1584w\" sizes=\"auto, (max-width: 1024px) 100vw, 1024px\" \/><\/figure>\n","protected":false},"excerpt":{"rendered":"<p>A Prefeitura de Gurupi, por meio da Secretaria Municipal de Desenvolvimento Econ\u00f4mico e Meio Ambiente, deu in\u00edcio nesta semana a uma opera\u00e7\u00e3o para retirada de cavalos soltos nas ruas da cidade. A a\u00e7\u00e3o visa garantir a seguran\u00e7a dos motoristas e pedestres, j\u00e1 que a presen\u00e7a dos animais em vias p\u00fablicas tem representado risco \u00e0 popula\u00e7\u00e3o. &hellip;<\/p>\n","protected":false},"author":5,"featured_media":9976,"comment_status":"open","ping_status":"open","sticky":false,"template":"","format":"standard","meta":{"footnotes":""},"categories":[38],"tags":[],"class_list":["post-9975","post","type-post","status-publish","format-standard","has-post-thumbnail","","category-gurupi"],"_links":{"self":[{"href":"https:\/\/focotocantinense.com.br\/index.php?rest_route=\/wp\/v2\/posts\/9975","targetHints":{"allow":["GET"]}}],"collection":[{"href":"https:\/\/focotocantinense.com.br\/index.php?rest_route=\/wp\/v2\/posts"}],"about":[{"href":"https:\/\/focotocantinense.com.br\/index.php?rest_route=\/wp\/v2\/types\/post"}],"author":[{"embeddable":true,"href":"https:\/\/focotocantinense.com.br\/index.php?rest_route=\/wp\/v2\/users\/5"}],"replies":[{"embeddable":true,"href":"https:\/\/focotocantinense.com.br\/index.php?rest_route=%2Fwp%2Fv2%2Fcomments&post=9975"}],"version-history":[{"count":2,"href":"https:\/\/focotocantinense.com.br\/index.php?rest_route=\/wp\/v2\/posts\/9975\/revisions"}],"predecessor-version":[{"id":9979,"href":"https:\/\/focotocantinense.com.br\/index.php?rest_route=\/wp\/v2\/posts\/9975\/revisions\/9979"}],"wp:featuredmedia":[{"embeddable":true,"href":"https:\/\/focotocantinense.com.br\/index.php?rest_route=\/wp\/v2\/media\/9976"}],"wp:attachment":[{"href":"https:\/\/focotocantinense.com.br\/index.php?rest_route=%2Fwp%2Fv2%2Fmedia&parent=9975"}],"wp:term":[{"taxonomy":"category","embeddable":true,"href":"https:\/\/focotocantinense.com.br\/index.php?rest_route=%2Fwp%2Fv2%2Fcategories&post=9975"},{"taxonomy":"post_tag","embeddable":true,"href":"https:\/\/focotocantinense.com.br\/index.php?rest_route=%2Fwp%2Fv2%2Ftags&post=9975"}],"curies":[{"name":"wp","href":"https:\/\/api.w.org\/{rel}","templated":true}]}}