{"id":9971,"date":"2025-04-14T18:24:30","date_gmt":"2025-04-14T21:24:30","guid":{"rendered":"https:\/\/focotocantinense.com.br\/?p=9971"},"modified":"2025-04-14T18:25:29","modified_gmt":"2025-04-14T21:25:29","slug":"gurupi-ganha-nova-assembleia-de-deus-sob-lideranca-do-pastor-wesley-carvalho","status":"publish","type":"post","link":"https:\/\/focotocantinense.com.br\/?p=9971","title":{"rendered":"Gurupi ganha nova Assembleia de Deus sob lideran\u00e7a do pastor Wesley Carvalho"},"content":{"rendered":"\n<p><strong>Por Jonas Amaral<\/strong><\/p>\n\n\n\n<p>Com uma vis\u00e3o clara de avivamento espiritual e fidelidade \u00e0s ra\u00edzes do pentecostalismo cl\u00e1ssico, foi oficialmente fundada recentemente em Gurupi a Assembleia de Deus \u2013 Cristo \u00c9, sob a lideran\u00e7a do pastor Wesley Carvalho, ex-membro do minist\u00e9rio de madureira. O novo minist\u00e9rio surge com a proposta de resgatar princ\u00edpios b\u00edblicos fundamentais, como a santidade, a prega\u00e7\u00e3o genu\u00edna do evangelho e a manifesta\u00e7\u00e3o ativa do Esp\u00edrito Santo.<\/p>\n\n\n\n<p><strong>Um chamado de Deus para Gurupi<\/strong><br>Segundo o pastor Wesley, bacharel em Direito e conhecido por sua firme atua\u00e7\u00e3o pastoral na cidade, a cria\u00e7\u00e3o da nova igreja nasceu de uma convic\u00e7\u00e3o divina:<\/p>\n\n\n\n<p>\u201cA Assembleia de Deus \u2013 Cristo \u00c9 \u00e9 um projeto que Deus assentou no meu cora\u00e7\u00e3o para ser uma grande porta de evangeliza\u00e7\u00e3o para Gurupi e para todos que passarem por aqui. J\u00e1 tivemos dois grandes cultos, com salva\u00e7\u00e3o de almas e muita gente se achegando. Come\u00e7amos com desafios, mas temos vencido cada um deles pela gra\u00e7a de Deus.\u201d<\/p>\n\n\n\n<p><strong>Retorno \u00e0s origens do pentecostalismo<\/strong><br>Segundo o Pr. Wesley Carvalho, a proposta do novo minist\u00e9rio \u00e9 reconectar a igreja aos fundamentos do pentecostalismo cl\u00e1ssico, com \u00eanfase na prega\u00e7\u00e3o expositiva das Escrituras, na busca por vidas santificadas e na atua\u00e7\u00e3o vis\u00edvel do Esp\u00edrito Santo nos cultos e na vida dos crentes.<\/p>\n\n\n\n<p>\u201cCreio firmemente que este minist\u00e9rio crescer\u00e1 muito em Gurupi, no Tocantins e no Brasil, porque quando Deus d\u00e1 uma miss\u00e3o, Ele tamb\u00e9m entrega as ferramentas. Ele abre e fecha portas, manifesta a Sua presen\u00e7a e nos guia, assim como fez com o povo no deserto\u201d, destacou o pastor.<\/p>\n\n\n\n<p><strong>Convoca\u00e7\u00e3o \u00e0 parceria e apoio<\/strong><br>Em fase de estrutura\u00e7\u00e3o, a igreja est\u00e1 em busca de colaboradores e patrocinadores para ajudar com recursos b\u00e1sicos, como equipamentos de som, cadeiras e ar-condicionado. Pr. Wesley refor\u00e7a o convite a todos que sentirem no cora\u00e7\u00e3o o desejo de contribuir com a obra do Reino.<\/p>\n\n\n\n<p>\u201cQuem desejar ser um colaborador dessa miss\u00e3o pode fazer uma doa\u00e7\u00e3o via Pix na chave: (63) 98400-4866. Estamos certos de que, juntos, colheremos muitos frutos espirituais.\u201d<\/p>\n\n\n\n<figure class=\"wp-block-image size-full is-resized\"><img loading=\"lazy\" decoding=\"async\" width=\"736\" height=\"488\" src=\"https:\/\/focotocantinense.com.br\/wp-content\/uploads\/2025\/04\/aaaaaaaaaaaa.jpeg\" alt=\"\" class=\"wp-image-9972\" style=\"width:840px;height:auto\" srcset=\"https:\/\/focotocantinense.com.br\/wp-content\/uploads\/2025\/04\/aaaaaaaaaaaa.jpeg 736w, https:\/\/focotocantinense.com.br\/wp-content\/uploads\/2025\/04\/aaaaaaaaaaaa-300x199.jpeg 300w, https:\/\/focotocantinense.com.br\/wp-content\/uploads\/2025\/04\/aaaaaaaaaaaa-310x205.jpeg 310w\" sizes=\"auto, (max-width: 736px) 100vw, 736px\" \/><\/figure>\n\n\n\n<p><\/p>\n\n\n\n<p><strong>Localiza\u00e7\u00e3o e expectativas<\/strong><br>A nova igreja est\u00e1 localizada na Rua 20, entre as avenidas Sergipe e Minas Gerais, ao lado do antigo Col\u00e9gio Odair L\u00facio. De acordo o pastor, os cultos j\u00e1 est\u00e3o sendo realizados e t\u00eam reunido dezenas de fi\u00e9is com cora\u00e7\u00f5es sedentos por avivamento.<\/p>\n\n\n\n<p>\u201cNossas expectativas s\u00e3o grandes. Deus tem nos honrado, tem mostrado que est\u00e1 conosco, e estamos preparados para os desafios dos pr\u00f3ximos anos com a certeza de que este ser\u00e1 um grande minist\u00e9rio, para honra, gl\u00f3ria e louvor do nome do Senhor Jesus.\u201d<\/p>\n\n\n\n<figure class=\"wp-block-image size-large\"><img loading=\"lazy\" decoding=\"async\" width=\"1024\" height=\"256\" src=\"https:\/\/focotocantinense.com.br\/wp-content\/uploads\/2025\/04\/Vinicius-Martins-ESPECIALISTA-EM-RISOS-4-1024x256.jpeg\" alt=\"\" class=\"wp-image-9965\" srcset=\"https:\/\/focotocantinense.com.br\/wp-content\/uploads\/2025\/04\/Vinicius-Martins-ESPECIALISTA-EM-RISOS-4-1024x256.jpeg 1024w, https:\/\/focotocantinense.com.br\/wp-content\/uploads\/2025\/04\/Vinicius-Martins-ESPECIALISTA-EM-RISOS-4-300x75.jpeg 300w, https:\/\/focotocantinense.com.br\/wp-content\/uploads\/2025\/04\/Vinicius-Martins-ESPECIALISTA-EM-RISOS-4-768x192.jpeg 768w, https:\/\/focotocantinense.com.br\/wp-content\/uploads\/2025\/04\/Vinicius-Martins-ESPECIALISTA-EM-RISOS-4-1536x384.jpeg 1536w, https:\/\/focotocantinense.com.br\/wp-content\/uploads\/2025\/04\/Vinicius-Martins-ESPECIALISTA-EM-RISOS-4.jpeg 1584w\" sizes=\"auto, (max-width: 1024px) 100vw, 1024px\" \/><\/figure>\n","protected":false},"excerpt":{"rendered":"<p>Por Jonas Amaral Com uma vis\u00e3o clara de avivamento espiritual e fidelidade \u00e0s ra\u00edzes do pentecostalismo cl\u00e1ssico, foi oficialmente fundada recentemente em Gurupi a Assembleia de Deus \u2013 Cristo \u00c9, sob a lideran\u00e7a do pastor Wesley Carvalho, ex-membro do minist\u00e9rio de madureira. O novo minist\u00e9rio surge com a proposta de resgatar princ\u00edpios b\u00edblicos fundamentais, como &hellip;<\/p>\n","protected":false},"author":5,"featured_media":9972,"comment_status":"open","ping_status":"open","sticky":false,"template":"","format":"standard","meta":{"footnotes":""},"categories":[1],"tags":[],"class_list":["post-9971","post","type-post","status-publish","format-standard","has-post-thumbnail","","category-sem-categoria"],"_links":{"self":[{"href":"https:\/\/focotocantinense.com.br\/index.php?rest_route=\/wp\/v2\/posts\/9971","targetHints":{"allow":["GET"]}}],"collection":[{"href":"https:\/\/focotocantinense.com.br\/index.php?rest_route=\/wp\/v2\/posts"}],"about":[{"href":"https:\/\/focotocantinense.com.br\/index.php?rest_route=\/wp\/v2\/types\/post"}],"author":[{"embeddable":true,"href":"https:\/\/focotocantinense.com.br\/index.php?rest_route=\/wp\/v2\/users\/5"}],"replies":[{"embeddable":true,"href":"https:\/\/focotocantinense.com.br\/index.php?rest_route=%2Fwp%2Fv2%2Fcomments&post=9971"}],"version-history":[{"count":2,"href":"https:\/\/focotocantinense.com.br\/index.php?rest_route=\/wp\/v2\/posts\/9971\/revisions"}],"predecessor-version":[{"id":9974,"href":"https:\/\/focotocantinense.com.br\/index.php?rest_route=\/wp\/v2\/posts\/9971\/revisions\/9974"}],"wp:featuredmedia":[{"embeddable":true,"href":"https:\/\/focotocantinense.com.br\/index.php?rest_route=\/wp\/v2\/media\/9972"}],"wp:attachment":[{"href":"https:\/\/focotocantinense.com.br\/index.php?rest_route=%2Fwp%2Fv2%2Fmedia&parent=9971"}],"wp:term":[{"taxonomy":"category","embeddable":true,"href":"https:\/\/focotocantinense.com.br\/index.php?rest_route=%2Fwp%2Fv2%2Fcategories&post=9971"},{"taxonomy":"post_tag","embeddable":true,"href":"https:\/\/focotocantinense.com.br\/index.php?rest_route=%2Fwp%2Fv2%2Ftags&post=9971"}],"curies":[{"name":"wp","href":"https:\/\/api.w.org\/{rel}","templated":true}]}}