{"id":9967,"date":"2025-04-14T17:55:05","date_gmt":"2025-04-14T20:55:05","guid":{"rendered":"https:\/\/focotocantinense.com.br\/?p=9967"},"modified":"2025-04-16T10:56:09","modified_gmt":"2025-04-16T13:56:09","slug":"aleto-realiza-3a-feira-de-adocao-com-servicos-gratuitos-e-acoes-de-conscientizacao","status":"publish","type":"post","link":"https:\/\/focotocantinense.com.br\/?p=9967","title":{"rendered":"Aleto realiza 3\u00aa Feira de Ado\u00e7\u00e3o com servi\u00e7os gratuitos e a\u00e7\u00f5es de conscientiza\u00e7\u00e3o"},"content":{"rendered":"\n<p><\/p>\n\n\n\n<p><\/p>\n\n\n\n<figure class=\"wp-block-image size-large is-resized\"><img loading=\"lazy\" decoding=\"async\" width=\"1024\" height=\"640\" src=\"https:\/\/focotocantinense.com.br\/wp-content\/uploads\/2025\/04\/Sem-titulo-1024x640.jpg\" alt=\"\" class=\"wp-image-9968\" style=\"width:382px;height:auto\" srcset=\"https:\/\/focotocantinense.com.br\/wp-content\/uploads\/2025\/04\/Sem-titulo-1024x640.jpg 1024w, https:\/\/focotocantinense.com.br\/wp-content\/uploads\/2025\/04\/Sem-titulo-300x187.jpg 300w, https:\/\/focotocantinense.com.br\/wp-content\/uploads\/2025\/04\/Sem-titulo-768x480.jpg 768w, https:\/\/focotocantinense.com.br\/wp-content\/uploads\/2025\/04\/Sem-titulo.jpg 1130w\" sizes=\"auto, (max-width: 1024px) 100vw, 1024px\" \/><\/figure>\n\n\n\n<p><\/p>\n\n\n\n<p>A Assembleia Legislativa do Tocantins (Aleto) realiza no pr\u00f3ximo dia 15 de abril, das 8 \u00e0s 18 horas, no hall da sede do parlamento, a 3\u00aa edi\u00e7\u00e3o da Feira de Ado\u00e7\u00e3o de Animais. Criada em 2023 por iniciativa do deputado estadual Eduardo Fortes (PSD), a feira promove a ado\u00e7\u00e3o respons\u00e1vel, al\u00e9m de servi\u00e7os e benef\u00edcios para pets e tutores.<\/p>\n\n\n\n<p>O evento reunir\u00e1 cerca de 60 animais resgatados por ONGs e protetores independentes, 40 c\u00e3es e 20 gatos, vacinados, vermifugados e prontos para ganhar um novo lar. Al\u00e9m da ado\u00e7\u00e3o, a feira oferece atendimento veterin\u00e1rio gratuito, com servi\u00e7os como vacina\u00e7\u00e3o antirr\u00e1bica, aplica\u00e7\u00e3o de coleiras contra calazar, microchipagem e orienta\u00e7\u00f5es sobre sa\u00fade animal.<\/p>\n\n\n\n<p>Segundo Eduardo Fortes, o projeto tem incentivado a\u00e7\u00f5es semelhantes em cidades tocantinenses. \u201cO que estamos fazendo na Aleto \u00e9 simples, mas com muito comprometimento. A feira mostra que pol\u00edtica p\u00fablica funciona quando h\u00e1 seriedade, e que a prote\u00e7\u00e3o animal precisa ser tratada como pauta permanente\u201d, afirma o deputado, que tamb\u00e9m \u00e9 m\u00e9dico-veterin\u00e1rio.<\/p>\n\n\n\n<p>O parlamentar j\u00e1 resgatou e adotou animais ao longo da vida, e carrega com ele hist\u00f3rias de abandono, recupera\u00e7\u00e3o e afeto. \u201cEu sei o que \u00e9 resgatar um bicho machucado da rua, cuidar com as pr\u00f3prias m\u00e3os e ver ele se recuperar. O Luke, meu cachorro, foi atropelado antes de ser adotado, e hoje \u00e9 o xod\u00f3 l\u00e1 de casa, vive grudado com a gente. A ado\u00e7\u00e3o, al\u00e9m de mudar a vida do animal, muda tamb\u00e9m a vida de quem acolhe. Quando algu\u00e9m sai daqui entendendo que animal n\u00e3o \u00e9 coisa, \u00e9 vida, j\u00e1 valeu o esfor\u00e7o\u201d, conta.<\/p>\n\n\n\n<p><strong>Palestras<\/strong><\/p>\n\n\n\n<p>A programa\u00e7\u00e3o da feira inclui tamb\u00e9m algumas palestras: &#8220;Leishmaniose: transmiss\u00e3o e preven\u00e7\u00e3o&#8221;, ministrada por Lucil\u00e2ndia Bezerra, e &#8220;Primeiros cuidados com o novo pet&#8221;, com a Amanda Grechinski. Tamb\u00e9m est\u00e1 confirmada a presen\u00e7a do deputado federal Felipe Becari (SP), refer\u00eancia nacional na pauta de prote\u00e7\u00e3o animal.<\/p>\n\n\n\n<p><strong>Demonstra\u00e7\u00f5es e brindes<\/strong><\/p>\n\n\n\n<p>Haver\u00e1 ainda demonstra\u00e7\u00f5es da Pol\u00edcia Militar e do Corpo de Bombeiros com c\u00e3es farejadores e t\u00e9cnicas de resgate. Durante o evento, ser\u00e3o distribu\u00eddos petiscos, ra\u00e7\u00e3o e kits pets, al\u00e9m da emiss\u00e3o de carteirinha de identifica\u00e7\u00e3o para os adotados.<\/p>\n\n\n\n<p>A feira conta com apoio de ONGs, institui\u00e7\u00f5es de ensino, cl\u00ednicas veterin\u00e1rias e empresas privadas, como Virbac e MSD Sa\u00fade Animal.<\/p>\n\n\n\n<p><\/p>\n\n\n\n<figure class=\"wp-block-gallery has-nested-images columns-default is-cropped wp-block-gallery-1 is-layout-flex wp-block-gallery-is-layout-flex\">\n<figure class=\"wp-block-image size-large\"><img loading=\"lazy\" decoding=\"async\" width=\"1024\" height=\"256\" data-id=\"9982\" src=\"https:\/\/focotocantinense.com.br\/wp-content\/uploads\/2025\/04\/Vinicius-Martins-ESPECIALISTA-EM-RISOS-5-1024x256.jpeg\" alt=\"\" class=\"wp-image-9982\" srcset=\"https:\/\/focotocantinense.com.br\/wp-content\/uploads\/2025\/04\/Vinicius-Martins-ESPECIALISTA-EM-RISOS-5-1024x256.jpeg 1024w, https:\/\/focotocantinense.com.br\/wp-content\/uploads\/2025\/04\/Vinicius-Martins-ESPECIALISTA-EM-RISOS-5-300x75.jpeg 300w, https:\/\/focotocantinense.com.br\/wp-content\/uploads\/2025\/04\/Vinicius-Martins-ESPECIALISTA-EM-RISOS-5-768x192.jpeg 768w, https:\/\/focotocantinense.com.br\/wp-content\/uploads\/2025\/04\/Vinicius-Martins-ESPECIALISTA-EM-RISOS-5-1536x384.jpeg 1536w, https:\/\/focotocantinense.com.br\/wp-content\/uploads\/2025\/04\/Vinicius-Martins-ESPECIALISTA-EM-RISOS-5.jpeg 1584w\" sizes=\"auto, (max-width: 1024px) 100vw, 1024px\" \/><\/figure>\n<\/figure>\n","protected":false},"excerpt":{"rendered":"<p>A Assembleia Legislativa do Tocantins (Aleto) realiza no pr\u00f3ximo dia 15 de abril, das 8 \u00e0s 18 horas, no hall da sede do parlamento, a 3\u00aa edi\u00e7\u00e3o da Feira de Ado\u00e7\u00e3o de Animais. Criada em 2023 por iniciativa do deputado estadual Eduardo Fortes (PSD), a feira promove a ado\u00e7\u00e3o respons\u00e1vel, al\u00e9m de servi\u00e7os e benef\u00edcios &hellip;<\/p>\n","protected":false},"author":5,"featured_media":9969,"comment_status":"open","ping_status":"open","sticky":false,"template":"","format":"standard","meta":{"footnotes":""},"categories":[1],"tags":[],"class_list":["post-9967","post","type-post","status-publish","format-standard","has-post-thumbnail","","category-sem-categoria"],"_links":{"self":[{"href":"https:\/\/focotocantinense.com.br\/index.php?rest_route=\/wp\/v2\/posts\/9967","targetHints":{"allow":["GET"]}}],"collection":[{"href":"https:\/\/focotocantinense.com.br\/index.php?rest_route=\/wp\/v2\/posts"}],"about":[{"href":"https:\/\/focotocantinense.com.br\/index.php?rest_route=\/wp\/v2\/types\/post"}],"author":[{"embeddable":true,"href":"https:\/\/focotocantinense.com.br\/index.php?rest_route=\/wp\/v2\/users\/5"}],"replies":[{"embeddable":true,"href":"https:\/\/focotocantinense.com.br\/index.php?rest_route=%2Fwp%2Fv2%2Fcomments&post=9967"}],"version-history":[{"count":4,"href":"https:\/\/focotocantinense.com.br\/index.php?rest_route=\/wp\/v2\/posts\/9967\/revisions"}],"predecessor-version":[{"id":9993,"href":"https:\/\/focotocantinense.com.br\/index.php?rest_route=\/wp\/v2\/posts\/9967\/revisions\/9993"}],"wp:featuredmedia":[{"embeddable":true,"href":"https:\/\/focotocantinense.com.br\/index.php?rest_route=\/wp\/v2\/media\/9969"}],"wp:attachment":[{"href":"https:\/\/focotocantinense.com.br\/index.php?rest_route=%2Fwp%2Fv2%2Fmedia&parent=9967"}],"wp:term":[{"taxonomy":"category","embeddable":true,"href":"https:\/\/focotocantinense.com.br\/index.php?rest_route=%2Fwp%2Fv2%2Fcategories&post=9967"},{"taxonomy":"post_tag","embeddable":true,"href":"https:\/\/focotocantinense.com.br\/index.php?rest_route=%2Fwp%2Fv2%2Ftags&post=9967"}],"curies":[{"name":"wp","href":"https:\/\/api.w.org\/{rel}","templated":true}]}}