{"id":9963,"date":"2025-04-12T17:21:18","date_gmt":"2025-04-12T20:21:18","guid":{"rendered":"https:\/\/focotocantinense.com.br\/?p=9963"},"modified":"2025-04-12T17:21:19","modified_gmt":"2025-04-12T20:21:19","slug":"prefeitura-de-gurupi-decreta-ponto-facultativo-na-proxima-quinta-feira-17-vespera-da-sexta-feira-santa","status":"publish","type":"post","link":"https:\/\/focotocantinense.com.br\/?p=9963","title":{"rendered":"Prefeitura de Gurupi decreta ponto facultativo na pr\u00f3xima quinta-feira, 17, v\u00e9spera da Sexta-feira Santa"},"content":{"rendered":"\n<p>A Prefeitura de Gurupi decretou ponto facultativo nas reparti\u00e7\u00f5es p\u00fablicas municipais na pr\u00f3xima quinta-feira, 17, que antecede o feriado da Sexta-feira Santa. O decreto n\u00ba 0679 foi publicado no Di\u00e1rio Oficial do Munic\u00edpio desta sexta-feira, 11.<\/p>\n\n\n\n<p>O Decreto leva em considera\u00e7\u00e3o a redu\u00e7\u00e3o na demanda pelos servi\u00e7os p\u00fablicos n\u00e3o essenciais, em virtude do feriado da Sexta-feira da Paix\u00e3o.<\/p>\n\n\n\n<p>O ponto facultativo n\u00e3o se aplica a servi\u00e7os essenciais de sa\u00fade como UPA e SAMU; Conselho Tutelar; entre outros servi\u00e7os considerados essenciais que, por sua natureza, n\u00e3o possam ser paralisados ou interrompidos.<\/p>\n\n\n\n<p>No departamento de Licita\u00e7\u00f5es da Administra\u00e7\u00e3o Direta, os prazos fruir\u00e3o normalmente.<\/p>\n\n\n\n<figure class=\"wp-block-image size-large\"><img loading=\"lazy\" decoding=\"async\" width=\"1024\" height=\"256\" src=\"https:\/\/focotocantinense.com.br\/wp-content\/uploads\/2025\/04\/Vinicius-Martins-ESPECIALISTA-EM-RISOS-4-1024x256.jpeg\" alt=\"\" class=\"wp-image-9965\" srcset=\"https:\/\/focotocantinense.com.br\/wp-content\/uploads\/2025\/04\/Vinicius-Martins-ESPECIALISTA-EM-RISOS-4-1024x256.jpeg 1024w, https:\/\/focotocantinense.com.br\/wp-content\/uploads\/2025\/04\/Vinicius-Martins-ESPECIALISTA-EM-RISOS-4-300x75.jpeg 300w, https:\/\/focotocantinense.com.br\/wp-content\/uploads\/2025\/04\/Vinicius-Martins-ESPECIALISTA-EM-RISOS-4-768x192.jpeg 768w, https:\/\/focotocantinense.com.br\/wp-content\/uploads\/2025\/04\/Vinicius-Martins-ESPECIALISTA-EM-RISOS-4-1536x384.jpeg 1536w, https:\/\/focotocantinense.com.br\/wp-content\/uploads\/2025\/04\/Vinicius-Martins-ESPECIALISTA-EM-RISOS-4.jpeg 1584w\" sizes=\"auto, (max-width: 1024px) 100vw, 1024px\" \/><\/figure>\n","protected":false},"excerpt":{"rendered":"<p>A Prefeitura de Gurupi decretou ponto facultativo nas reparti\u00e7\u00f5es p\u00fablicas municipais na pr\u00f3xima quinta-feira, 17, que antecede o feriado da Sexta-feira Santa. O decreto n\u00ba 0679 foi publicado no Di\u00e1rio Oficial do Munic\u00edpio desta sexta-feira, 11. O Decreto leva em considera\u00e7\u00e3o a redu\u00e7\u00e3o na demanda pelos servi\u00e7os p\u00fablicos n\u00e3o essenciais, em virtude do feriado da &hellip;<\/p>\n","protected":false},"author":5,"featured_media":9964,"comment_status":"open","ping_status":"open","sticky":false,"template":"","format":"standard","meta":{"footnotes":""},"categories":[1],"tags":[],"class_list":["post-9963","post","type-post","status-publish","format-standard","has-post-thumbnail","","category-sem-categoria"],"_links":{"self":[{"href":"https:\/\/focotocantinense.com.br\/index.php?rest_route=\/wp\/v2\/posts\/9963","targetHints":{"allow":["GET"]}}],"collection":[{"href":"https:\/\/focotocantinense.com.br\/index.php?rest_route=\/wp\/v2\/posts"}],"about":[{"href":"https:\/\/focotocantinense.com.br\/index.php?rest_route=\/wp\/v2\/types\/post"}],"author":[{"embeddable":true,"href":"https:\/\/focotocantinense.com.br\/index.php?rest_route=\/wp\/v2\/users\/5"}],"replies":[{"embeddable":true,"href":"https:\/\/focotocantinense.com.br\/index.php?rest_route=%2Fwp%2Fv2%2Fcomments&post=9963"}],"version-history":[{"count":1,"href":"https:\/\/focotocantinense.com.br\/index.php?rest_route=\/wp\/v2\/posts\/9963\/revisions"}],"predecessor-version":[{"id":9966,"href":"https:\/\/focotocantinense.com.br\/index.php?rest_route=\/wp\/v2\/posts\/9963\/revisions\/9966"}],"wp:featuredmedia":[{"embeddable":true,"href":"https:\/\/focotocantinense.com.br\/index.php?rest_route=\/wp\/v2\/media\/9964"}],"wp:attachment":[{"href":"https:\/\/focotocantinense.com.br\/index.php?rest_route=%2Fwp%2Fv2%2Fmedia&parent=9963"}],"wp:term":[{"taxonomy":"category","embeddable":true,"href":"https:\/\/focotocantinense.com.br\/index.php?rest_route=%2Fwp%2Fv2%2Fcategories&post=9963"},{"taxonomy":"post_tag","embeddable":true,"href":"https:\/\/focotocantinense.com.br\/index.php?rest_route=%2Fwp%2Fv2%2Ftags&post=9963"}],"curies":[{"name":"wp","href":"https:\/\/api.w.org\/{rel}","templated":true}]}}