{"id":996,"date":"2021-03-24T16:12:54","date_gmt":"2021-03-24T19:12:54","guid":{"rendered":"http:\/\/focotocantinense.com.br\/?p=996"},"modified":"2021-03-24T16:18:22","modified_gmt":"2021-03-24T19:18:22","slug":"professores-de-tocantinia-participam-de-cursos-promovidos-pela-universidade-federal-do-tocantins","status":"publish","type":"post","link":"https:\/\/focotocantinense.com.br\/?p=996","title":{"rendered":"Professores de Tocant\u00ednia participam de cursos promovidos pela Universidade Federal do Tocantins"},"content":{"rendered":"\n<p><strong>Por&nbsp;Leontina Martins<\/strong><\/p>\n\n\n\n<p>A pandemia do novo coronav\u00edrus trouxe um grande desafio aos professores da Rede Municipal de Educa\u00e7\u00e3o de Tocant\u00ednia que tiveram&nbsp; &nbsp;que se adaptar junto \u00e0s ferramentas tecnol\u00f3gicas para melhor auxiliar os alunos durante o ensino remoto, tendo-se sempre a preocupa\u00e7\u00e3o de&nbsp; garantir a qualidade da Educa\u00e7\u00e3o p\u00fablica.<\/p>\n\n\n\n<p>O professor Andr\u00e9 Goveia, titular&nbsp; &nbsp;Secretaria Municipal de Educa\u00e7\u00e3o de Tocant\u00ednia (SEMED), informou que a Administra\u00e7\u00e3o Municipal est\u00e1 atenta a essa realidade, por isso, ao longo desse per\u00edodo de pandemia, tem viabilizado um leque de cursos estrat\u00e9gicos &nbsp;que fazem parte da forma\u00e7\u00e3o continuada dos professores do munic\u00edpio.<\/p>\n\n\n\n<p>Andr\u00e9 Goveia&nbsp; afirmou que 2020 n\u00e3o foi um ano f\u00e1cil, pois&nbsp; a Covid-19 e a &nbsp;suspens\u00e3o das aulas presenciais&nbsp; que&nbsp; levou \u00e0 &nbsp;mudan\u00e7a no formato de atendimento, &nbsp;trouxeram desafios extras para a Educa\u00e7\u00e3o, especialmente para os alunos mais vulner\u00e1veis.<\/p>\n\n\n\n<p>\u201cComo forma de garantir uma Educa\u00e7\u00e3o de qualidade para todos em Tocant\u00ednia, a SEMED&nbsp; &nbsp;tem estimulado a&nbsp; participa\u00e7\u00e3o dos&nbsp; professores das nossas escolas municipais nas diversas etapas da forma\u00e7\u00e3o continuada, buscando &nbsp;&nbsp;fortalecer seus conhecimentos, habilidades e compet\u00eancias digitais e presenciais com pr\u00e1ticas inovadoras de ensino e aprendizagem para ambientes virtuais, de ensino h\u00edbrido e volta \u00e0s aulas\u201d, explicou Goveia.<\/p>\n\n\n\n<p>Na ter\u00e7a-feira (23), por exemplo, os professores\u00a0\u00a0 da Rede Municipal de Educa\u00e7\u00e3o de Tocant\u00ednia participaram, via\u00a0 Plataforma Google Meet, \u00a0da \u00a0Maratona de Minicursos de Teatro Online, numa parceria com a Universidade Federal do Tocantins (UFT).\u00a0 Outros cursos que os professores de Tocant\u00ednia tamb\u00e9m participaram foram o de\u00a0 Teatro Popular, com M\u00f4nica Raiane, Musicaliza\u00e7\u00e3o e Cantigas Populares, com Bianca Melo e Luan Crispim, al\u00e9m de Jogos Teatrais, com Juliana Maia e\u00a0 Vin\u00edcius de Oliveira, do curso de\u00a0 Licenciatura em Teatro da UFT.<\/p>\n\n\n\n<figure class=\"wp-block-image\"><img decoding=\"async\" src=\"https:\/\/www.jornalcocktail.com.br\/images\/noticias\/1633\/f4ddb6e1495ea51971c43c28bbc37f65.jpg\" alt=\"\"\/><\/figure>\n","protected":false},"excerpt":{"rendered":"<p>Por&nbsp;Leontina Martins A pandemia do novo coronav\u00edrus trouxe um grande desafio aos professores da Rede Municipal de Educa\u00e7\u00e3o de Tocant\u00ednia que tiveram&nbsp; &nbsp;que se adaptar junto \u00e0s ferramentas tecnol\u00f3gicas para melhor auxiliar os alunos durante o ensino remoto, tendo-se sempre a preocupa\u00e7\u00e3o de&nbsp; garantir a qualidade da Educa\u00e7\u00e3o p\u00fablica. O professor Andr\u00e9 Goveia, titular&nbsp; &nbsp;Secretaria &hellip;<\/p>\n","protected":false},"author":5,"featured_media":998,"comment_status":"open","ping_status":"open","sticky":true,"template":"","format":"standard","meta":{"footnotes":""},"categories":[1,78],"tags":[],"class_list":["post-996","post","type-post","status-publish","format-standard","has-post-thumbnail","","category-sem-categoria","category-tocantinia"],"_links":{"self":[{"href":"https:\/\/focotocantinense.com.br\/index.php?rest_route=\/wp\/v2\/posts\/996","targetHints":{"allow":["GET"]}}],"collection":[{"href":"https:\/\/focotocantinense.com.br\/index.php?rest_route=\/wp\/v2\/posts"}],"about":[{"href":"https:\/\/focotocantinense.com.br\/index.php?rest_route=\/wp\/v2\/types\/post"}],"author":[{"embeddable":true,"href":"https:\/\/focotocantinense.com.br\/index.php?rest_route=\/wp\/v2\/users\/5"}],"replies":[{"embeddable":true,"href":"https:\/\/focotocantinense.com.br\/index.php?rest_route=%2Fwp%2Fv2%2Fcomments&post=996"}],"version-history":[{"count":2,"href":"https:\/\/focotocantinense.com.br\/index.php?rest_route=\/wp\/v2\/posts\/996\/revisions"}],"predecessor-version":[{"id":999,"href":"https:\/\/focotocantinense.com.br\/index.php?rest_route=\/wp\/v2\/posts\/996\/revisions\/999"}],"wp:featuredmedia":[{"embeddable":true,"href":"https:\/\/focotocantinense.com.br\/index.php?rest_route=\/wp\/v2\/media\/998"}],"wp:attachment":[{"href":"https:\/\/focotocantinense.com.br\/index.php?rest_route=%2Fwp%2Fv2%2Fmedia&parent=996"}],"wp:term":[{"taxonomy":"category","embeddable":true,"href":"https:\/\/focotocantinense.com.br\/index.php?rest_route=%2Fwp%2Fv2%2Fcategories&post=996"},{"taxonomy":"post_tag","embeddable":true,"href":"https:\/\/focotocantinense.com.br\/index.php?rest_route=%2Fwp%2Fv2%2Ftags&post=996"}],"curies":[{"name":"wp","href":"https:\/\/api.w.org\/{rel}","templated":true}]}}