{"id":9943,"date":"2025-04-12T15:54:01","date_gmt":"2025-04-12T18:54:01","guid":{"rendered":"https:\/\/focotocantinense.com.br\/?p=9943"},"modified":"2025-04-12T16:05:21","modified_gmt":"2025-04-12T19:05:21","slug":"deputado-eli-borges-reforca-apoio-a-produtores-rurais-de-divinopolis-com-pedido-de-trator-e-implementos-via-codevasf","status":"publish","type":"post","link":"https:\/\/focotocantinense.com.br\/?p=9943","title":{"rendered":"Deputado Eli Borges refor\u00e7a apoio a produtores rurais de Divin\u00f3polis com pedido de trator e implementos via Codevasf"},"content":{"rendered":"\n<p><\/p>\n\n\n\n<p><strong>Por Jonas Amaral<\/strong><\/p>\n\n\n\n<p>Na manh\u00e3 desta sexta-feira, 11 de abril, o assessor do deputado federal Eli Borges (PL\/TO) na regi\u00e3o do Vale do Araguaia, Antonio J\u00fanior, esteve no munic\u00edpio de Divin\u00f3polis do Tocantins visitando a Associa\u00e7\u00e3o das Produtoras e Produtores Rurais do Projeto de Assentamento Mulher Cidad\u00e3, presidida por Francisco Cardoso da Silva.<\/p>\n\n\n\n<p>A visita teve como foco acolher e encaminhar o pedido da associa\u00e7\u00e3o, que busca, por meio de emenda parlamentar, um trator agr\u00edcola e implementos como grade aradora, carreta e pulverizador \u2014 itens essenciais para garantir a produ\u00e7\u00e3o agr\u00edcola da comunidade, cuja principal fonte de sustento \u00e9 o cultivo da terra.<\/p>\n\n\n\n<p><strong>Encaminhamento do pedido<\/strong><br>O assessor explicou que o of\u00edcio assinado pelo presidente da associa\u00e7\u00e3o j\u00e1 foi entregue em m\u00e3os ao deputado, inclusive em formato digital (PDF). Agora, est\u00e1 sendo cobrada a documenta\u00e7\u00e3o complementar para dar continuidade ao processo de solicita\u00e7\u00e3o do maquin\u00e1rio.<\/p>\n\n\n\n<p>\u201cTenho ampla experi\u00eancia com tramita\u00e7\u00e3o de emendas. Sempre que algu\u00e9m solicita um recurso, analisamos a viabilidade e fazemos o direcionamento adequado\u201d, comentou Antonio J\u00fanior.<\/p>\n\n\n\n<p><strong>Equipamentos dispon\u00edveis pela Codevasf<\/strong><br>Segundo Antonio J\u00fanior, a Codevasf, em parceria com o Banco do Brasil, possui atualmente tratores e kits agr\u00edcolas dispon\u00edveis, como: Tratores com grade aradora; Carretas; Pulverizadores; Kits com reservat\u00f3rio de combust\u00edvel e ferramentas operacionais.<\/p>\n\n\n\n<p>\u201cEsses kits v\u00eam prontos para o campo, mas s\u00f3 podem ser entregues mediante indica\u00e7\u00e3o formal de um parlamentar. Por isso, o v\u00ednculo institucional \u00e9 essencial\u201d, destacou.<\/p>\n\n\n\n<p><strong>Compromisso com a sa\u00fade p\u00fablica<br><\/strong>Al\u00e9m do apoio \u00e0 agricultura, Antonio J\u00fanior destacou o trabalho do deputado na \u00e1rea da sa\u00fade no munic\u00edpio. Entre as a\u00e7\u00f5es j\u00e1 realizadas: Aquisi\u00e7\u00e3o de m\u00e1quina para a prefeitura; Reforma da cobertura da unidade com recursos de emenda; Destina\u00e7\u00e3o de verba via Emenda MAC para cirurgias, medicamentos e estrutura\u00e7\u00e3o da rede de sa\u00fade.<\/p>\n\n\n\n<figure class=\"wp-block-image size-full is-resized\"><img loading=\"lazy\" decoding=\"async\" width=\"768\" height=\"506\" src=\"https:\/\/focotocantinense.com.br\/wp-content\/uploads\/2025\/04\/aaaaa-1.jpg\" alt=\"\" class=\"wp-image-9961\" style=\"width:840px;height:auto\" srcset=\"https:\/\/focotocantinense.com.br\/wp-content\/uploads\/2025\/04\/aaaaa-1.jpg 768w, https:\/\/focotocantinense.com.br\/wp-content\/uploads\/2025\/04\/aaaaa-1-300x198.jpg 300w, https:\/\/focotocantinense.com.br\/wp-content\/uploads\/2025\/04\/aaaaa-1-310x205.jpg 310w\" sizes=\"auto, (max-width: 768px) 100vw, 768px\" \/><\/figure>\n\n\n\n<p><em><strong>Assessor Antonio J\u00fanior visita a Associa\u00e7\u00e3o do Assentamento Mulher Cidad\u00e3, dialoga com a comunidade e refor\u00e7a compromisso com a agricultura familiar do Vale do Araguaia.<\/strong><\/em><\/p>\n\n\n\n<p><strong>Compromisso cont\u00ednuo com Divin\u00f3polis<\/strong><br>O assessor tamb\u00e9m refor\u00e7ou o comprometimento do deputado federal, Eli Borges, com a regi\u00e3o. A atua\u00e7\u00e3o parlamentar tem sido fundamental para garantir recursos que impactam diretamente a vida dos moradores.<\/p>\n\n\n\n<p>\u201cEm nome do deputado, refor\u00e7o nosso compromisso com essa demanda. Existe um prazo or\u00e7ament\u00e1rio a seguir, e mesmo que a indica\u00e7\u00e3o ocorra hoje, depende do calend\u00e1rio votado em dezembro. Estamos aqui para colaborar e fazer acontecer.\u201d<\/p>\n\n\n\n<figure class=\"wp-block-image size-full\"><img loading=\"lazy\" decoding=\"async\" width=\"768\" height=\"487\" src=\"https:\/\/focotocantinense.com.br\/wp-content\/uploads\/2025\/04\/bbbbbbbbbbbbbb.jpg\" alt=\"\" class=\"wp-image-9956\" srcset=\"https:\/\/focotocantinense.com.br\/wp-content\/uploads\/2025\/04\/bbbbbbbbbbbbbb.jpg 768w, https:\/\/focotocantinense.com.br\/wp-content\/uploads\/2025\/04\/bbbbbbbbbbbbbb-300x190.jpg 300w\" sizes=\"auto, (max-width: 768px) 100vw, 768px\" \/><\/figure>\n\n\n\n<p><\/p>\n\n\n\n<figure class=\"wp-block-image size-large\"><img loading=\"lazy\" decoding=\"async\" width=\"1024\" height=\"256\" src=\"https:\/\/focotocantinense.com.br\/wp-content\/uploads\/2025\/04\/Vinicius-Martins-ESPECIALISTA-EM-RISOS-3-1024x256.jpeg\" alt=\"\" class=\"wp-image-9937\" srcset=\"https:\/\/focotocantinense.com.br\/wp-content\/uploads\/2025\/04\/Vinicius-Martins-ESPECIALISTA-EM-RISOS-3-1024x256.jpeg 1024w, https:\/\/focotocantinense.com.br\/wp-content\/uploads\/2025\/04\/Vinicius-Martins-ESPECIALISTA-EM-RISOS-3-300x75.jpeg 300w, https:\/\/focotocantinense.com.br\/wp-content\/uploads\/2025\/04\/Vinicius-Martins-ESPECIALISTA-EM-RISOS-3-768x192.jpeg 768w, https:\/\/focotocantinense.com.br\/wp-content\/uploads\/2025\/04\/Vinicius-Martins-ESPECIALISTA-EM-RISOS-3-1536x384.jpeg 1536w, https:\/\/focotocantinense.com.br\/wp-content\/uploads\/2025\/04\/Vinicius-Martins-ESPECIALISTA-EM-RISOS-3.jpeg 1584w\" sizes=\"auto, (max-width: 1024px) 100vw, 1024px\" \/><\/figure>\n","protected":false},"excerpt":{"rendered":"<p>Por Jonas Amaral Na manh\u00e3 desta sexta-feira, 11 de abril, o assessor do deputado federal Eli Borges (PL\/TO) na regi\u00e3o do Vale do Araguaia, Antonio J\u00fanior, esteve no munic\u00edpio de Divin\u00f3polis do Tocantins visitando a Associa\u00e7\u00e3o das Produtoras e Produtores Rurais do Projeto de Assentamento Mulher Cidad\u00e3, presidida por Francisco Cardoso da Silva. A visita &hellip;<\/p>\n","protected":false},"author":5,"featured_media":9944,"comment_status":"open","ping_status":"open","sticky":false,"template":"","format":"standard","meta":{"footnotes":""},"categories":[113],"tags":[],"class_list":["post-9943","post","type-post","status-publish","format-standard","has-post-thumbnail","","category-divinopolis-to"],"_links":{"self":[{"href":"https:\/\/focotocantinense.com.br\/index.php?rest_route=\/wp\/v2\/posts\/9943","targetHints":{"allow":["GET"]}}],"collection":[{"href":"https:\/\/focotocantinense.com.br\/index.php?rest_route=\/wp\/v2\/posts"}],"about":[{"href":"https:\/\/focotocantinense.com.br\/index.php?rest_route=\/wp\/v2\/types\/post"}],"author":[{"embeddable":true,"href":"https:\/\/focotocantinense.com.br\/index.php?rest_route=\/wp\/v2\/users\/5"}],"replies":[{"embeddable":true,"href":"https:\/\/focotocantinense.com.br\/index.php?rest_route=%2Fwp%2Fv2%2Fcomments&post=9943"}],"version-history":[{"count":13,"href":"https:\/\/focotocantinense.com.br\/index.php?rest_route=\/wp\/v2\/posts\/9943\/revisions"}],"predecessor-version":[{"id":9962,"href":"https:\/\/focotocantinense.com.br\/index.php?rest_route=\/wp\/v2\/posts\/9943\/revisions\/9962"}],"wp:featuredmedia":[{"embeddable":true,"href":"https:\/\/focotocantinense.com.br\/index.php?rest_route=\/wp\/v2\/media\/9944"}],"wp:attachment":[{"href":"https:\/\/focotocantinense.com.br\/index.php?rest_route=%2Fwp%2Fv2%2Fmedia&parent=9943"}],"wp:term":[{"taxonomy":"category","embeddable":true,"href":"https:\/\/focotocantinense.com.br\/index.php?rest_route=%2Fwp%2Fv2%2Fcategories&post=9943"},{"taxonomy":"post_tag","embeddable":true,"href":"https:\/\/focotocantinense.com.br\/index.php?rest_route=%2Fwp%2Fv2%2Ftags&post=9943"}],"curies":[{"name":"wp","href":"https:\/\/api.w.org\/{rel}","templated":true}]}}