{"id":9933,"date":"2025-04-10T20:05:27","date_gmt":"2025-04-10T23:05:27","guid":{"rendered":"https:\/\/focotocantinense.com.br\/?p=9933"},"modified":"2025-04-10T20:33:15","modified_gmt":"2025-04-10T23:33:15","slug":"comunidade-lgbtqia-de-gurupi-sera-contemplada-com-acao-do-comite-de-cultura-no-tocantins","status":"publish","type":"post","link":"https:\/\/focotocantinense.com.br\/?p=9933","title":{"rendered":"Comunidade LGBTQIA+ de Gurupi ser\u00e1 contemplada com a\u00e7\u00e3o do Comit\u00ea de Cultura no Tocantins"},"content":{"rendered":"\n<p><\/p>\n\n\n\n<p>Na tarde desta quinta-feira, dia 10, os fazedores de cultura Mar\u00edlia P\u00f5kw\u00fdj Ribeiro Krah\u00f4, Zacarias Martins, Adriana Mendon\u00e7a e Lett\u00edcia Japiass\u00fa, integrantes da regional Sul\/Sudeste do Comit\u00ea de Cultura no Tocantins estiveram reunidos na busca do alinhamento das a\u00e7\u00f5es que ser\u00e3o colocadas em pr\u00e1tica durante este m\u00eas de abril.<\/p>\n\n\n\n<p>Dentro da programa\u00e7\u00e3o da chamada Rotas Culturais da regional Sul\/Sudeste, decidiram pela realiza\u00e7\u00e3o de um semin\u00e1rio ou painel com a tem\u00e1tica \u201cComunidade LGBTQIA+: Inclus\u00e3o e Pol\u00edticas socioculturais nas pol\u00edticas p\u00fablicas de cultura\u201d.<\/p>\n\n\n\n<figure class=\"wp-block-image size-large is-resized\"><img loading=\"lazy\" decoding=\"async\" width=\"1024\" height=\"576\" src=\"https:\/\/focotocantinense.com.br\/wp-content\/uploads\/2025\/04\/1-Zacarias-Martins-no-Comite-de-Cultura-d-no-Tocantins-1024x576.jpeg\" alt=\"\" class=\"wp-image-9934\" style=\"width:394px;height:auto\" srcset=\"https:\/\/focotocantinense.com.br\/wp-content\/uploads\/2025\/04\/1-Zacarias-Martins-no-Comite-de-Cultura-d-no-Tocantins-1024x576.jpeg 1024w, https:\/\/focotocantinense.com.br\/wp-content\/uploads\/2025\/04\/1-Zacarias-Martins-no-Comite-de-Cultura-d-no-Tocantins-300x169.jpeg 300w, https:\/\/focotocantinense.com.br\/wp-content\/uploads\/2025\/04\/1-Zacarias-Martins-no-Comite-de-Cultura-d-no-Tocantins-768x432.jpeg 768w, https:\/\/focotocantinense.com.br\/wp-content\/uploads\/2025\/04\/1-Zacarias-Martins-no-Comite-de-Cultura-d-no-Tocantins-1536x864.jpeg 1536w, https:\/\/focotocantinense.com.br\/wp-content\/uploads\/2025\/04\/1-Zacarias-Martins-no-Comite-de-Cultura-d-no-Tocantins-2048x1152.jpeg 2048w\" sizes=\"auto, (max-width: 1024px) 100vw, 1024px\" \/><\/figure>\n\n\n\n<p><\/p>\n\n\n\n<p>Os integrantes do comit\u00ea entenderam a import\u00e2ncia de se fazer uma mobiliza\u00e7\u00e3o, com a realiza\u00e7\u00e3o de oficina de esclarecimentos sobre os projetos culturais voltados especificamente \u00e0 essa comunidade.<\/p>\n\n\n\n<p>Concordaram em  solicitar uma parceria com a Associa\u00e7\u00e3o dos Professores Universit\u00e1rios de Gurupi (APUC), para a realiza\u00e7\u00e3o desse evento em seu audit\u00f3rio, previsto para acontecer no dia 24 de abril, bem como, convidar os professores Jos\u00e9 Carlos de Freitas, da UnirG e Audimar Dionizio, para fazerem uma abordagem sobre o tema em quest\u00e3o durante a programa\u00e7\u00e3o proposta.<\/p>\n\n\n\n<p><strong>Colabora\u00e7\u00e3o<\/strong><br>O Comit\u00ea de Cultura no Tocantins \u00e9 coordenado por Kak\u00e1 Nogueira por meio da Federa\u00e7\u00e3o Tocantinense de Artes C\u00eanicas (FETAC) da qual \u00e9 presidente, em parceria com a Associa\u00e7\u00e3o Gurupiense de Artes\u00e3os (AGA) e o Instituto Cultural e Social Araguaia (ISCA). Essas organiza\u00e7\u00f5es est\u00e3o unidas por um termo de colabora\u00e7\u00e3o, com dura\u00e7\u00e3o de dois anos, firmado com o Minist\u00e9rio da Cultura (MinC). Juntas, elas trabalham para implementar o Programa Nacional de Comit\u00eas de Cultura (PNCC) em diversas regi\u00f5es do Estado.<\/p>\n\n\n\n<p><\/p>\n\n\n\n<figure class=\"wp-block-image size-large\"><img loading=\"lazy\" decoding=\"async\" width=\"1024\" height=\"256\" src=\"https:\/\/focotocantinense.com.br\/wp-content\/uploads\/2025\/04\/Vinicius-Martins-ESPECIALISTA-EM-RISOS-3-1024x256.jpeg\" alt=\"\" class=\"wp-image-9937\" srcset=\"https:\/\/focotocantinense.com.br\/wp-content\/uploads\/2025\/04\/Vinicius-Martins-ESPECIALISTA-EM-RISOS-3-1024x256.jpeg 1024w, https:\/\/focotocantinense.com.br\/wp-content\/uploads\/2025\/04\/Vinicius-Martins-ESPECIALISTA-EM-RISOS-3-300x75.jpeg 300w, https:\/\/focotocantinense.com.br\/wp-content\/uploads\/2025\/04\/Vinicius-Martins-ESPECIALISTA-EM-RISOS-3-768x192.jpeg 768w, https:\/\/focotocantinense.com.br\/wp-content\/uploads\/2025\/04\/Vinicius-Martins-ESPECIALISTA-EM-RISOS-3-1536x384.jpeg 1536w, https:\/\/focotocantinense.com.br\/wp-content\/uploads\/2025\/04\/Vinicius-Martins-ESPECIALISTA-EM-RISOS-3.jpeg 1584w\" sizes=\"auto, (max-width: 1024px) 100vw, 1024px\" \/><\/figure>\n","protected":false},"excerpt":{"rendered":"<p>Na tarde desta quinta-feira, dia 10, os fazedores de cultura Mar\u00edlia P\u00f5kw\u00fdj Ribeiro Krah\u00f4, Zacarias Martins, Adriana Mendon\u00e7a e Lett\u00edcia Japiass\u00fa, integrantes da regional Sul\/Sudeste do Comit\u00ea de Cultura no Tocantins estiveram reunidos na busca do alinhamento das a\u00e7\u00f5es que ser\u00e3o colocadas em pr\u00e1tica durante este m\u00eas de abril. Dentro da programa\u00e7\u00e3o da chamada Rotas &hellip;<\/p>\n","protected":false},"author":5,"featured_media":9934,"comment_status":"open","ping_status":"open","sticky":false,"template":"","format":"standard","meta":{"footnotes":""},"categories":[38],"tags":[],"class_list":["post-9933","post","type-post","status-publish","format-standard","has-post-thumbnail","","category-gurupi"],"_links":{"self":[{"href":"https:\/\/focotocantinense.com.br\/index.php?rest_route=\/wp\/v2\/posts\/9933","targetHints":{"allow":["GET"]}}],"collection":[{"href":"https:\/\/focotocantinense.com.br\/index.php?rest_route=\/wp\/v2\/posts"}],"about":[{"href":"https:\/\/focotocantinense.com.br\/index.php?rest_route=\/wp\/v2\/types\/post"}],"author":[{"embeddable":true,"href":"https:\/\/focotocantinense.com.br\/index.php?rest_route=\/wp\/v2\/users\/5"}],"replies":[{"embeddable":true,"href":"https:\/\/focotocantinense.com.br\/index.php?rest_route=%2Fwp%2Fv2%2Fcomments&post=9933"}],"version-history":[{"count":4,"href":"https:\/\/focotocantinense.com.br\/index.php?rest_route=\/wp\/v2\/posts\/9933\/revisions"}],"predecessor-version":[{"id":9939,"href":"https:\/\/focotocantinense.com.br\/index.php?rest_route=\/wp\/v2\/posts\/9933\/revisions\/9939"}],"wp:featuredmedia":[{"embeddable":true,"href":"https:\/\/focotocantinense.com.br\/index.php?rest_route=\/wp\/v2\/media\/9934"}],"wp:attachment":[{"href":"https:\/\/focotocantinense.com.br\/index.php?rest_route=%2Fwp%2Fv2%2Fmedia&parent=9933"}],"wp:term":[{"taxonomy":"category","embeddable":true,"href":"https:\/\/focotocantinense.com.br\/index.php?rest_route=%2Fwp%2Fv2%2Fcategories&post=9933"},{"taxonomy":"post_tag","embeddable":true,"href":"https:\/\/focotocantinense.com.br\/index.php?rest_route=%2Fwp%2Fv2%2Ftags&post=9933"}],"curies":[{"name":"wp","href":"https:\/\/api.w.org\/{rel}","templated":true}]}}