{"id":9929,"date":"2025-04-10T11:57:11","date_gmt":"2025-04-10T14:57:11","guid":{"rendered":"https:\/\/focotocantinense.com.br\/?p=9929"},"modified":"2025-04-10T11:57:12","modified_gmt":"2025-04-10T14:57:12","slug":"100-dias-do-governo-de-eduardo-siqueira-campos-ele-destaca-avancos-e-visao-para-o-futuro-de-palmas","status":"publish","type":"post","link":"https:\/\/focotocantinense.com.br\/?p=9929","title":{"rendered":"100 dias do governo de  Eduardo Siqueira Campos, ele destaca avan\u00e7os e vis\u00e3o para o futuro de Palmas"},"content":{"rendered":"\n<p>Eduardo destacou a\u00e7\u00f5es j\u00e1 implementadas, projetos em andamento e a vis\u00e3o de transformar Palmas em um polo log\u00edstico e econ\u00f4mico do Pa\u00eds<\/p>\n\n\n\n<figure class=\"wp-block-image size-large is-resized\"><img loading=\"lazy\" decoding=\"async\" width=\"1024\" height=\"683\" src=\"https:\/\/focotocantinense.com.br\/wp-content\/uploads\/2025\/04\/Eduardo-Siqueira-Campos-destaca-avancos-nos-100-dias-de-mandato-foto-Edu-Fortes-1-1536x1024-1-1024x683.jpeg\" alt=\"\" class=\"wp-image-9930\" style=\"width:392px;height:auto\" srcset=\"https:\/\/focotocantinense.com.br\/wp-content\/uploads\/2025\/04\/Eduardo-Siqueira-Campos-destaca-avancos-nos-100-dias-de-mandato-foto-Edu-Fortes-1-1536x1024-1-1024x683.jpeg 1024w, https:\/\/focotocantinense.com.br\/wp-content\/uploads\/2025\/04\/Eduardo-Siqueira-Campos-destaca-avancos-nos-100-dias-de-mandato-foto-Edu-Fortes-1-1536x1024-1-300x200.jpeg 300w, https:\/\/focotocantinense.com.br\/wp-content\/uploads\/2025\/04\/Eduardo-Siqueira-Campos-destaca-avancos-nos-100-dias-de-mandato-foto-Edu-Fortes-1-1536x1024-1-768x512.jpeg 768w, https:\/\/focotocantinense.com.br\/wp-content\/uploads\/2025\/04\/Eduardo-Siqueira-Campos-destaca-avancos-nos-100-dias-de-mandato-foto-Edu-Fortes-1-1536x1024-1.jpeg 1536w\" sizes=\"auto, (max-width: 1024px) 100vw, 1024px\" \/><\/figure>\n\n\n\n<p>Em um discurso marcado por otimismo e comprometimento com o desenvolvimento de Palmas, o prefeito Eduardo Siqueira Campos apresentou um balan\u00e7o dos primeiros 100 dias de gest\u00e3o e tra\u00e7ou metas para o futuro da capital tocantinense. O pronunciamento foi feito durante a solenidade de entrega de certificados do Servi\u00e7o de Inspe\u00e7\u00e3o Municipal, nesta quarta-feira, 9. O gestor destacou a\u00e7\u00f5es j\u00e1 implementadas, projetos em andamento e a vis\u00e3o de transformar Palmas em um polo log\u00edstico e econ\u00f4mico do Pa\u00eds.<\/p>\n\n\n\n<p>Inspirado pelas palavras de seu pai, o ex-governador Siqueira Campos, o prefeito ressaltou a import\u00e2ncia de uma vida p\u00fablica voltada ao servi\u00e7o da popula\u00e7\u00e3o. \u201cMostre que ainda tem gente que entra na vida p\u00fablica para servir e n\u00e3o ser servido\u201d, relembrou, citando o conselho paterno. \u201c\u00c9 isso que tenho buscado a minha vida inteira\u201d, completou.<\/p>\n\n\n\n<p>Entre as metas tra\u00e7adas para o futuro da cidade, Eduardo Siqueira Campos revelou o desejo de ver Palmas ultrapassar os 500 mil habitantes e se consolidar como centro de distribui\u00e7\u00e3o log\u00edstica nacional, com destaque para consolida\u00e7\u00e3o do aeroporto de cargas de grande porte e o fortalecimento da agricultura familiar.<\/p>\n\n\n\n<figure class=\"wp-block-image size-full\"><img loading=\"lazy\" decoding=\"async\" width=\"1024\" height=\"682\" src=\"https:\/\/focotocantinense.com.br\/wp-content\/uploads\/2025\/04\/Evento-reuniu-empresario-e-produtores-rurais-da-capital-foto-Edu-Fortes-1024x682-1.jpeg\" alt=\"\" class=\"wp-image-9931\" srcset=\"https:\/\/focotocantinense.com.br\/wp-content\/uploads\/2025\/04\/Evento-reuniu-empresario-e-produtores-rurais-da-capital-foto-Edu-Fortes-1024x682-1.jpeg 1024w, https:\/\/focotocantinense.com.br\/wp-content\/uploads\/2025\/04\/Evento-reuniu-empresario-e-produtores-rurais-da-capital-foto-Edu-Fortes-1024x682-1-300x200.jpeg 300w, https:\/\/focotocantinense.com.br\/wp-content\/uploads\/2025\/04\/Evento-reuniu-empresario-e-produtores-rurais-da-capital-foto-Edu-Fortes-1024x682-1-768x512.jpeg 768w, https:\/\/focotocantinense.com.br\/wp-content\/uploads\/2025\/04\/Evento-reuniu-empresario-e-produtores-rurais-da-capital-foto-Edu-Fortes-1024x682-1-310x205.jpeg 310w\" sizes=\"auto, (max-width: 1024px) 100vw, 1024px\" \/><\/figure>\n\n\n\n<p>A valoriza\u00e7\u00e3o da produ\u00e7\u00e3o local foi outro ponto central do discurso. O prefeito defendeu a necessidade de garantir meios de produ\u00e7\u00e3o aos pequenos produtores, com apoio t\u00e9cnico e infraestrutura, para que Palmas possa reduzir a depend\u00eancia de produtos externos. \u201cVamos fiscalizar, sim, para garantir a qualidade dos alimentos produzidos, mas, principalmente, colaborar para a oferta de produtos em todos os cantos desse Pa\u00eds. Seremos aliados\u201d, destacou.<\/p>\n\n\n\n<p>Eduardo tamb\u00e9m comemorou os resultados j\u00e1 alcan\u00e7ados nestes primeiros meses de gest\u00e3o, como os investimentos em estradas vicinais, pontes e pavimenta\u00e7\u00e3o de vias estrat\u00e9gicas para o escoamento da produ\u00e7\u00e3o rural.<\/p>\n\n\n\n<p>Visibilidade nacional<\/p>\n\n\n\n<p>Durante encontro realizado em Bras\u00edlia na \u00faltima ter\u00e7a-feira, 8, com prefeitos de outras capitais, Eduardo Siqueira Campos defendeu o caminho da concilia\u00e7\u00e3o e do di\u00e1logo, deixando de lado vaidades e disputas pol\u00edticas. \u201cQuem busca o di\u00e1logo com simplicidade, com humildade, com determina\u00e7\u00e3o, \u00e9 no m\u00ednimo respeitado\u201d, disse, ao anunciar a conquista de R$ 150 milh\u00f5es em recursos federais com apoio da bancada tocantinense no Senado.<\/p>\n\n\n\n<p>Segundo Eduardo Siqueira Campos, Palmas j\u00e1 ultrapassou 30 milh\u00f5es de visualiza\u00e7\u00f5es nas redes sociais com os trabalhos divulgados, posicionando-se entre as tr\u00eas capitais brasileiras com maior alcance digital.<\/p>\n\n\n\n<p>Pr\u00f3ximos passos<\/p>\n\n\n\n<p>Entre as pr\u00f3ximas entregas da gest\u00e3o municipal \u00e0 popula\u00e7\u00e3o est\u00e1 a moderniza\u00e7\u00e3o do transporte p\u00fablico. \u201cEstamos a poucos dias de ter a frota mais nova de \u00f4nibus do Brasil. Teremos o transporte escolar com 100% dos ve\u00edculos zero quil\u00f4metro\u201d, garantiu.<\/p>\n\n\n\n<p>O prefeito tamb\u00e9m anunciou uma participa\u00e7\u00e3o hist\u00f3rica da equipe municipal na Agrotins 2025, considerada a maior feira agropecu\u00e1ria do Estado, e prometeu uma recep\u00e7\u00e3o inovadora para quem desembarcar na Capital. \u201cTeremos um calend\u00e1rio de eventos que atrair\u00e1 renda para o munic\u00edpio e movimentar\u00e1 hot\u00e9is, bares e restaurantes\u201d, revelou.<\/p>\n\n\n\n<p>Por fim, Eduardo Siqueira Campos destacou que a mudan\u00e7a na matriz do gasto p\u00fablico j\u00e1 est\u00e1 em curso e refor\u00e7ou seu compromisso com uma gest\u00e3o voltada para resultados. \u201cMe sinto muito motivado a continuar investindo os recursos em \u00e1reas estrat\u00e9gicas como a reforma dos Cras, o abastecimento de medicamentos nos postos de sa\u00fade e a recupera\u00e7\u00e3o das ruas e avenidas com um asfalto de qualidade\u201d, concluiu.<\/p>\n","protected":false},"excerpt":{"rendered":"<p>Eduardo destacou a\u00e7\u00f5es j\u00e1 implementadas, projetos em andamento e a vis\u00e3o de transformar Palmas em um polo log\u00edstico e econ\u00f4mico do Pa\u00eds Em um discurso marcado por otimismo e comprometimento com o desenvolvimento de Palmas, o prefeito Eduardo Siqueira Campos apresentou um balan\u00e7o dos primeiros 100 dias de gest\u00e3o e tra\u00e7ou metas para o futuro &hellip;<\/p>\n","protected":false},"author":5,"featured_media":9931,"comment_status":"open","ping_status":"open","sticky":false,"template":"","format":"standard","meta":{"footnotes":""},"categories":[1],"tags":[],"class_list":["post-9929","post","type-post","status-publish","format-standard","has-post-thumbnail","","category-sem-categoria"],"_links":{"self":[{"href":"https:\/\/focotocantinense.com.br\/index.php?rest_route=\/wp\/v2\/posts\/9929","targetHints":{"allow":["GET"]}}],"collection":[{"href":"https:\/\/focotocantinense.com.br\/index.php?rest_route=\/wp\/v2\/posts"}],"about":[{"href":"https:\/\/focotocantinense.com.br\/index.php?rest_route=\/wp\/v2\/types\/post"}],"author":[{"embeddable":true,"href":"https:\/\/focotocantinense.com.br\/index.php?rest_route=\/wp\/v2\/users\/5"}],"replies":[{"embeddable":true,"href":"https:\/\/focotocantinense.com.br\/index.php?rest_route=%2Fwp%2Fv2%2Fcomments&post=9929"}],"version-history":[{"count":1,"href":"https:\/\/focotocantinense.com.br\/index.php?rest_route=\/wp\/v2\/posts\/9929\/revisions"}],"predecessor-version":[{"id":9932,"href":"https:\/\/focotocantinense.com.br\/index.php?rest_route=\/wp\/v2\/posts\/9929\/revisions\/9932"}],"wp:featuredmedia":[{"embeddable":true,"href":"https:\/\/focotocantinense.com.br\/index.php?rest_route=\/wp\/v2\/media\/9931"}],"wp:attachment":[{"href":"https:\/\/focotocantinense.com.br\/index.php?rest_route=%2Fwp%2Fv2%2Fmedia&parent=9929"}],"wp:term":[{"taxonomy":"category","embeddable":true,"href":"https:\/\/focotocantinense.com.br\/index.php?rest_route=%2Fwp%2Fv2%2Fcategories&post=9929"},{"taxonomy":"post_tag","embeddable":true,"href":"https:\/\/focotocantinense.com.br\/index.php?rest_route=%2Fwp%2Fv2%2Ftags&post=9929"}],"curies":[{"name":"wp","href":"https:\/\/api.w.org\/{rel}","templated":true}]}}