{"id":9904,"date":"2025-04-09T19:15:24","date_gmt":"2025-04-09T22:15:24","guid":{"rendered":"https:\/\/focotocantinense.com.br\/?p=9904"},"modified":"2025-04-09T19:33:04","modified_gmt":"2025-04-09T22:33:04","slug":"roda-de-conversa-com-o-escritor-zacarias-martins-movimenta-escola-municipal-de-gurupi","status":"publish","type":"post","link":"https:\/\/focotocantinense.com.br\/?p=9904","title":{"rendered":"Roda de conversa com o escritor Zacarias Martins movimenta escola municipal de Gurupi"},"content":{"rendered":"\n<p>Na manh\u00e3 desta quarta-feira, dia 9,&nbsp; na Escola Municipal Ilza Borges Vieira, em Gurupi,, foi realizada uma roda de conversa liter\u00e1ria com o escritor e jornalista Zacarias Martins quando, na oportunidade, tamb\u00e9m divulgou o lan\u00e7amento da quinta edi\u00e7\u00e3o de seu livro de cr\u00f4nicas&nbsp;<em><strong>&#8220;Hist\u00f3rias da Hist\u00f3ria de Gurupi<\/strong><\/em>&#8220;, publicado pela Editora Veloso. <\/p>\n\n\n\n<figure class=\"wp-block-image size-large is-resized\"><img loading=\"lazy\" decoding=\"async\" width=\"576\" height=\"1024\" src=\"https:\/\/focotocantinense.com.br\/wp-content\/uploads\/2025\/04\/5-Roda-de-Conversa-com-Zacarias-Martins-Foto-Vinbicius-Martins-576x1024.jpeg\" alt=\"\" class=\"wp-image-9908\" style=\"width:406px;height:auto\" srcset=\"https:\/\/focotocantinense.com.br\/wp-content\/uploads\/2025\/04\/5-Roda-de-Conversa-com-Zacarias-Martins-Foto-Vinbicius-Martins-576x1024.jpeg 576w, https:\/\/focotocantinense.com.br\/wp-content\/uploads\/2025\/04\/5-Roda-de-Conversa-com-Zacarias-Martins-Foto-Vinbicius-Martins-169x300.jpeg 169w, https:\/\/focotocantinense.com.br\/wp-content\/uploads\/2025\/04\/5-Roda-de-Conversa-com-Zacarias-Martins-Foto-Vinbicius-Martins-768x1366.jpeg 768w, https:\/\/focotocantinense.com.br\/wp-content\/uploads\/2025\/04\/5-Roda-de-Conversa-com-Zacarias-Martins-Foto-Vinbicius-Martins-864x1536.jpeg 864w, https:\/\/focotocantinense.com.br\/wp-content\/uploads\/2025\/04\/5-Roda-de-Conversa-com-Zacarias-Martins-Foto-Vinbicius-Martins.jpeg 899w\" sizes=\"auto, (max-width: 576px) 100vw, 576px\" \/><\/figure>\n\n\n\n<p>A iniciativa faz parte de um projeto apoiado pela Pol\u00edtica Nacional Aldir Blanc\/2024, com recursos do Minist\u00e9rio da Cultura (MinC) e operacionalizados pela Secretaria de Cultura do Tocantins (Secult). Zacarias Martins doou exemplares de seu livro para refor\u00e7ar o acervo da Biblioteca Escolar e tamb\u00e9m promoveu sorteio entre os alunos.<\/p>\n\n\n\n<figure class=\"wp-block-image size-large\"><img loading=\"lazy\" decoding=\"async\" width=\"1024\" height=\"576\" src=\"https:\/\/focotocantinense.com.br\/wp-content\/uploads\/2025\/04\/1-Roda-de-Conversa-com-Zacarias-Martins-Foto-Vinbicius-Martins-1024x576.jpeg\" alt=\"\" class=\"wp-image-9905\" srcset=\"https:\/\/focotocantinense.com.br\/wp-content\/uploads\/2025\/04\/1-Roda-de-Conversa-com-Zacarias-Martins-Foto-Vinbicius-Martins-1024x576.jpeg 1024w, https:\/\/focotocantinense.com.br\/wp-content\/uploads\/2025\/04\/1-Roda-de-Conversa-com-Zacarias-Martins-Foto-Vinbicius-Martins-300x169.jpeg 300w, https:\/\/focotocantinense.com.br\/wp-content\/uploads\/2025\/04\/1-Roda-de-Conversa-com-Zacarias-Martins-Foto-Vinbicius-Martins-768x432.jpeg 768w, https:\/\/focotocantinense.com.br\/wp-content\/uploads\/2025\/04\/1-Roda-de-Conversa-com-Zacarias-Martins-Foto-Vinbicius-Martins-1536x864.jpeg 1536w, https:\/\/focotocantinense.com.br\/wp-content\/uploads\/2025\/04\/1-Roda-de-Conversa-com-Zacarias-Martins-Foto-Vinbicius-Martins-2048x1152.jpeg 2048w\" sizes=\"auto, (max-width: 1024px) 100vw, 1024px\" \/><\/figure>\n\n\n\n<p><strong>Ferramenta de transforma\u00e7\u00e3o<\/strong><\/p>\n\n\n\n<p>&nbsp;\u201cEstimular o gosto pela leitura \u00e9 essencial para a constru\u00e7\u00e3o de um pensamento cr\u00edtico e reflexivo. Nosso objetivo \u00e9 incentivar os jovens a enxergarem os livros como fonte de conhecimento e questionamento, tornando-os leitores mais atentos e conscientes&#8221;, assevera  o autor.<\/p>\n\n\n\n<p><\/p>\n\n\n\n<figure class=\"wp-block-image size-large\"><img loading=\"lazy\" decoding=\"async\" width=\"1024\" height=\"771\" src=\"https:\/\/focotocantinense.com.br\/wp-content\/uploads\/2025\/04\/5-Roda-de-Conversa-com-Zacarias-Martins-Foto-Vinbicius-Martins-1-1024x771.jpeg\" alt=\"\" class=\"wp-image-9913\" srcset=\"https:\/\/focotocantinense.com.br\/wp-content\/uploads\/2025\/04\/5-Roda-de-Conversa-com-Zacarias-Martins-Foto-Vinbicius-Martins-1-1024x771.jpeg 1024w, https:\/\/focotocantinense.com.br\/wp-content\/uploads\/2025\/04\/5-Roda-de-Conversa-com-Zacarias-Martins-Foto-Vinbicius-Martins-1-300x226.jpeg 300w, https:\/\/focotocantinense.com.br\/wp-content\/uploads\/2025\/04\/5-Roda-de-Conversa-com-Zacarias-Martins-Foto-Vinbicius-Martins-1-768x578.jpeg 768w, https:\/\/focotocantinense.com.br\/wp-content\/uploads\/2025\/04\/5-Roda-de-Conversa-com-Zacarias-Martins-Foto-Vinbicius-Martins-1-1536x1156.jpeg 1536w, https:\/\/focotocantinense.com.br\/wp-content\/uploads\/2025\/04\/5-Roda-de-Conversa-com-Zacarias-Martins-Foto-Vinbicius-Martins-1.jpeg 1600w\" sizes=\"auto, (max-width: 1024px) 100vw, 1024px\" \/><\/figure>\n\n\n\n<p><strong>.Iniciativa Importante<\/strong><\/p>\n\n\n\n<p>Ao avaliar essa atividade do escritor Zacarias Martins, a gestora da unidade escolar, professora Patr\u00edcia Cristina Barbosa Severo, disse que foi de suma import\u00e2ncia para a forma\u00e7\u00e3o de leitores junto a classe estudantil.<\/p>\n\n\n\n<p>\u201cFoi um evento altamente produtivo e inspirador. Com uma abordagem din\u00e2mica e repleta de experi\u00eancias pessoais, Martins destacou a import\u00e2ncia da leitura como ferramenta de transforma\u00e7\u00e3o social, intelectual e emocional\u201d, afirmou a gestora, destacando, ainda, que a intera\u00e7\u00e3o com o p\u00fablico foi marcante, especialmente durante os momentos de debate e conta\u00e7\u00e3o de hist\u00f3rias, que refor\u00e7aram a mensagem central: ler \u00e9 um ato de liberdade e crescimento.<\/p>\n\n\n\n<p>\u00a0\u201cAgradecemos ao ilustre escritor Zacarias Martins pela brilhante contribui\u00e7\u00e3o e aos participantes pelo engajamento. A palestra certamente deixou um legado de motiva\u00e7\u00e3o e novas perspectivas para todos os envolvidos\u201d, concluiu a gestora.<\/p>\n\n\n\n<figure class=\"wp-block-image size-large\"><img loading=\"lazy\" decoding=\"async\" width=\"1024\" height=\"576\" src=\"https:\/\/focotocantinense.com.br\/wp-content\/uploads\/2025\/04\/6-Roda-de-Conversa-com-Zacarias-Martins-Foto-Vinbicius-Martins-1024x576.jpeg\" alt=\"\" class=\"wp-image-9918\" srcset=\"https:\/\/focotocantinense.com.br\/wp-content\/uploads\/2025\/04\/6-Roda-de-Conversa-com-Zacarias-Martins-Foto-Vinbicius-Martins-1024x576.jpeg 1024w, https:\/\/focotocantinense.com.br\/wp-content\/uploads\/2025\/04\/6-Roda-de-Conversa-com-Zacarias-Martins-Foto-Vinbicius-Martins-300x169.jpeg 300w, https:\/\/focotocantinense.com.br\/wp-content\/uploads\/2025\/04\/6-Roda-de-Conversa-com-Zacarias-Martins-Foto-Vinbicius-Martins-768x432.jpeg 768w, https:\/\/focotocantinense.com.br\/wp-content\/uploads\/2025\/04\/6-Roda-de-Conversa-com-Zacarias-Martins-Foto-Vinbicius-Martins-1536x864.jpeg 1536w, https:\/\/focotocantinense.com.br\/wp-content\/uploads\/2025\/04\/6-Roda-de-Conversa-com-Zacarias-Martins-Foto-Vinbicius-Martins.jpeg 1599w\" sizes=\"auto, (max-width: 1024px) 100vw, 1024px\" \/><\/figure>\n\n\n\n<p><strong>Sobre o autor<\/strong> <\/p>\n\n\n\n<p>Zacarias Martins \u00e9 poeta, cronista e jornalista associado \u00e0 Federa\u00e7\u00e3o Brasileira de Jornalistas e Comunicadores de Turismo &#8211; Febtur\/Seccional Tocantins). Autor\u00a0de seis livros de poesias publicados, al\u00e9m de uma obra voltada ao p\u00fablico infantil.\u00a0 J\u00e1 \u201cHist\u00f3rias da Hist\u00f3ria de Gurupi\u201d foi indicado duas vezes para o vestibular da Universidade de Gurupi (UnirG) e seus textos integram diversas antologias liter\u00e1rias. Ele tamb\u00e9m \u00e9 membro-fundador da Academia Tocantinense de Letras (ATL) e\u00a0 da Academia Gurupiense de Letras. Mant\u00e9m diariamente o quadro das Curiosidades do Dia pela R\u00e1dio Master FM de Gurupi e \u00e9 assessor de comunica\u00e7\u00e3o da regional Sul\/Sudeste do Comit\u00ea de Cultura no Tocantins.<\/p>\n\n\n\n<figure class=\"wp-block-image size-large\"><img loading=\"lazy\" decoding=\"async\" width=\"1024\" height=\"576\" src=\"https:\/\/focotocantinense.com.br\/wp-content\/uploads\/2025\/04\/2-a-Roda-de-Conversa-com-Zacarias-Martins-Foto-Vinbicius-Martins-1024x576.jpeg\" alt=\"\" class=\"wp-image-9924\" srcset=\"https:\/\/focotocantinense.com.br\/wp-content\/uploads\/2025\/04\/2-a-Roda-de-Conversa-com-Zacarias-Martins-Foto-Vinbicius-Martins-1024x576.jpeg 1024w, https:\/\/focotocantinense.com.br\/wp-content\/uploads\/2025\/04\/2-a-Roda-de-Conversa-com-Zacarias-Martins-Foto-Vinbicius-Martins-300x169.jpeg 300w, https:\/\/focotocantinense.com.br\/wp-content\/uploads\/2025\/04\/2-a-Roda-de-Conversa-com-Zacarias-Martins-Foto-Vinbicius-Martins-768x432.jpeg 768w, https:\/\/focotocantinense.com.br\/wp-content\/uploads\/2025\/04\/2-a-Roda-de-Conversa-com-Zacarias-Martins-Foto-Vinbicius-Martins-1536x864.jpeg 1536w, https:\/\/focotocantinense.com.br\/wp-content\/uploads\/2025\/04\/2-a-Roda-de-Conversa-com-Zacarias-Martins-Foto-Vinbicius-Martins-2048x1152.jpeg 2048w\" sizes=\"auto, (max-width: 1024px) 100vw, 1024px\" \/><\/figure>\n\n\n\n<figure class=\"wp-block-image size-large\"><img loading=\"lazy\" decoding=\"async\" width=\"1024\" height=\"256\" src=\"https:\/\/focotocantinense.com.br\/wp-content\/uploads\/2025\/04\/Vinicius-Martins-ESPECIALISTA-EM-RISOS-2-1024x256.jpeg\" alt=\"\" class=\"wp-image-9926\" srcset=\"https:\/\/focotocantinense.com.br\/wp-content\/uploads\/2025\/04\/Vinicius-Martins-ESPECIALISTA-EM-RISOS-2-1024x256.jpeg 1024w, https:\/\/focotocantinense.com.br\/wp-content\/uploads\/2025\/04\/Vinicius-Martins-ESPECIALISTA-EM-RISOS-2-300x75.jpeg 300w, https:\/\/focotocantinense.com.br\/wp-content\/uploads\/2025\/04\/Vinicius-Martins-ESPECIALISTA-EM-RISOS-2-768x192.jpeg 768w, https:\/\/focotocantinense.com.br\/wp-content\/uploads\/2025\/04\/Vinicius-Martins-ESPECIALISTA-EM-RISOS-2-1536x384.jpeg 1536w, https:\/\/focotocantinense.com.br\/wp-content\/uploads\/2025\/04\/Vinicius-Martins-ESPECIALISTA-EM-RISOS-2.jpeg 1584w\" sizes=\"auto, (max-width: 1024px) 100vw, 1024px\" \/><\/figure>\n","protected":false},"excerpt":{"rendered":"<p>Na manh\u00e3 desta quarta-feira, dia 9,&nbsp; na Escola Municipal Ilza Borges Vieira, em Gurupi,, foi realizada uma roda de conversa liter\u00e1ria com o escritor e jornalista Zacarias Martins quando, na oportunidade, tamb\u00e9m divulgou o lan\u00e7amento da quinta edi\u00e7\u00e3o de seu livro de cr\u00f4nicas&nbsp;&#8220;Hist\u00f3rias da Hist\u00f3ria de Gurupi&#8220;, publicado pela Editora Veloso. A iniciativa faz parte &hellip;<\/p>\n","protected":false},"author":5,"featured_media":9905,"comment_status":"open","ping_status":"open","sticky":false,"template":"","format":"standard","meta":{"footnotes":""},"categories":[38],"tags":[],"class_list":["post-9904","post","type-post","status-publish","format-standard","has-post-thumbnail","","category-gurupi"],"_links":{"self":[{"href":"https:\/\/focotocantinense.com.br\/index.php?rest_route=\/wp\/v2\/posts\/9904","targetHints":{"allow":["GET"]}}],"collection":[{"href":"https:\/\/focotocantinense.com.br\/index.php?rest_route=\/wp\/v2\/posts"}],"about":[{"href":"https:\/\/focotocantinense.com.br\/index.php?rest_route=\/wp\/v2\/types\/post"}],"author":[{"embeddable":true,"href":"https:\/\/focotocantinense.com.br\/index.php?rest_route=\/wp\/v2\/users\/5"}],"replies":[{"embeddable":true,"href":"https:\/\/focotocantinense.com.br\/index.php?rest_route=%2Fwp%2Fv2%2Fcomments&post=9904"}],"version-history":[{"count":17,"href":"https:\/\/focotocantinense.com.br\/index.php?rest_route=\/wp\/v2\/posts\/9904\/revisions"}],"predecessor-version":[{"id":9927,"href":"https:\/\/focotocantinense.com.br\/index.php?rest_route=\/wp\/v2\/posts\/9904\/revisions\/9927"}],"wp:featuredmedia":[{"embeddable":true,"href":"https:\/\/focotocantinense.com.br\/index.php?rest_route=\/wp\/v2\/media\/9905"}],"wp:attachment":[{"href":"https:\/\/focotocantinense.com.br\/index.php?rest_route=%2Fwp%2Fv2%2Fmedia&parent=9904"}],"wp:term":[{"taxonomy":"category","embeddable":true,"href":"https:\/\/focotocantinense.com.br\/index.php?rest_route=%2Fwp%2Fv2%2Fcategories&post=9904"},{"taxonomy":"post_tag","embeddable":true,"href":"https:\/\/focotocantinense.com.br\/index.php?rest_route=%2Fwp%2Fv2%2Ftags&post=9904"}],"curies":[{"name":"wp","href":"https:\/\/api.w.org\/{rel}","templated":true}]}}