{"id":9900,"date":"2025-04-08T07:45:46","date_gmt":"2025-04-08T10:45:46","guid":{"rendered":"https:\/\/focotocantinense.com.br\/?p=9900"},"modified":"2025-04-08T07:46:12","modified_gmt":"2025-04-08T10:46:12","slug":"prefeita-josi-nunes-participa-da-abertura-da-1a-semana-nacional-de-saude-com-foco-na-mulher-indigena","status":"publish","type":"post","link":"https:\/\/focotocantinense.com.br\/?p=9900","title":{"rendered":"Prefeita Josi Nunes participa da abertura da 1\u00aa Semana Nacional de Sa\u00fade com foco na mulher ind\u00edgena"},"content":{"rendered":"\n<p>Na manh\u00e3 desta segunda-feira, 07, a prefeita de Gurupi, Josi Nunes, participou da solenidade de abertura da 1\u00aa Semana Nacional de Sa\u00fade, realizada no munic\u00edpio de Formoso do Araguaia, com foco na sa\u00fade das mulheres ind\u00edgenas da Ilha do Bananal. A a\u00e7\u00e3o, promovida pelo Conselho Nacional de Justi\u00e7a (CNJ), conta com a parceria do Governo do Tocantins, do Governo Federal e de prefeituras da regi\u00e3o.<\/p>\n\n\n\n<p>Durante o evento, a prefeita destacou a import\u00e2ncia da iniciativa e enalteceu o cuidado com as mulheres, especialmente as ind\u00edgenas, que enfrentam in\u00fameras dificuldades para ter acesso a atendimentos especializados. \u201c\u00c9 um momento de sensibilidade, de valoriza\u00e7\u00e3o e de compromisso com a dignidade das mulheres ind\u00edgenas. Essa a\u00e7\u00e3o representa um avan\u00e7o concreto na promo\u00e7\u00e3o da sa\u00fade e dos direitos dessas popula\u00e7\u00f5es\u201d, afirmou Josi Nunes.<\/p>\n\n\n\n<p>A Semana Nacional de Sa\u00fade segue at\u00e9 sexta-feira, 11, com uma programa\u00e7\u00e3o que inclui atendimentos ginecol\u00f3gicos, exames preventivos de c\u00e2ncer do colo do \u00fatero e mama, consultas obst\u00e9tricas e oftalmol\u00f3gicas, al\u00e9m de servi\u00e7os de pediatria para crian\u00e7as ind\u00edgenas acompanhadas de suas m\u00e3es. Tamb\u00e9m ser\u00e3o realizadas a\u00e7\u00f5es educativas em sa\u00fade e emiss\u00e3o de documentos civis como Registro de Nascimento, CPF e Carteira de Identidade Nacional (CIN).<\/p>\n\n\n\n<figure class=\"wp-block-image size-large is-resized\"><img loading=\"lazy\" decoding=\"async\" width=\"1024\" height=\"745\" src=\"https:\/\/focotocantinense.com.br\/wp-content\/uploads\/2025\/04\/unnamed-1024x745.jpg\" alt=\"\" class=\"wp-image-9901\" style=\"width:367px;height:auto\" srcset=\"https:\/\/focotocantinense.com.br\/wp-content\/uploads\/2025\/04\/unnamed-1024x745.jpg 1024w, https:\/\/focotocantinense.com.br\/wp-content\/uploads\/2025\/04\/unnamed-300x218.jpg 300w, https:\/\/focotocantinense.com.br\/wp-content\/uploads\/2025\/04\/unnamed-768x559.jpg 768w, https:\/\/focotocantinense.com.br\/wp-content\/uploads\/2025\/04\/unnamed.jpg 1220w\" sizes=\"auto, (max-width: 1024px) 100vw, 1024px\" \/><\/figure>\n\n\n\n<p><strong>Gest\u00e3o que acolhe a mulher<\/strong><\/p>\n\n\n\n<p>A Prefeita refor\u00e7ou ainda o compromisso da gest\u00e3o municipal de Gurupi com pol\u00edticas p\u00fablicas voltadas \u00e0 equidade e inclus\u00e3o. \u201cNossa presen\u00e7a aqui tamb\u00e9m \u00e9 um s\u00edmbolo de respeito \u00e0 diversidade cultural e ao direito de acesso \u00e0 sa\u00fade de qualidade para todos. Gurupi se solidariza e apoia essas a\u00e7\u00f5es que transformam vidas\u201d, pontuou.<\/p>\n\n\n\n<p>A Gestora destacou que tem implementado diversas iniciativas para fortalecer os direitos e o bem-estar das mulheres. O Cart\u00e3o Acolhe \u00e9 um desses programas, garantindo suporte financeiro a fam\u00edlias em situa\u00e7\u00e3o de vulnerabilidade. Al\u00e9m disso, o Kit Natalidade oferece \u00e0s gestantes itens essenciais para os primeiros cuidados com seus beb\u00eas. Outra a\u00e7\u00e3o de grande impacto s\u00e3o os cursos de capacita\u00e7\u00e3o no Centro de Integra\u00e7\u00e3o e Promo\u00e7\u00e3o Humana, que possibilitam autonomia econ\u00f4mica \u00e0s mulheres. Os Programas Habitacionais priorizam o p\u00fablico feminino, assegurando moradia digna e seguran\u00e7a. E na sa\u00fade, a gest\u00e3o avan\u00e7a com a constru\u00e7\u00e3o da Cl\u00ednica da Mulher, que oferecer\u00e1 atendimento especializado e servi\u00e7os preventivos.<\/p>\n\n\n\n<p>Al\u00e9m disso, est\u00e1 prevista a inaugura\u00e7\u00e3o da Casa da Mulher Tocantinense, um espa\u00e7o de acolhimento e promo\u00e7\u00e3o de direitos. Complementando essas a\u00e7\u00f5es, o programa Ass\u00e9dio Zero combate a viol\u00eancia e o ass\u00e9dio dentro da gest\u00e3o municipal, promovendo um ambiente seguro e respeitoso para todas.<\/p>\n\n\n\n<p><strong>Presen\u00e7as<\/strong><\/p>\n\n\n\n<p>O evento tamb\u00e9m conta com a presen\u00e7a do governador Wanderlei Barbosa e do ministro do Supremo Tribunal Federal (STF), Dias Toffoli, al\u00e9m de outras autoridades pol\u00edticas do estado e lideran\u00e7as ind\u00edgenas da regi\u00e3o.<\/p>\n\n\n\n<figure class=\"wp-block-image size-large\"><img loading=\"lazy\" decoding=\"async\" width=\"1024\" height=\"256\" src=\"https:\/\/focotocantinense.com.br\/wp-content\/uploads\/2025\/04\/Vinicius-Martins-ESPECIALISTA-EM-RISOS-1-1024x256.jpeg\" alt=\"\" class=\"wp-image-9889\" srcset=\"https:\/\/focotocantinense.com.br\/wp-content\/uploads\/2025\/04\/Vinicius-Martins-ESPECIALISTA-EM-RISOS-1-1024x256.jpeg 1024w, https:\/\/focotocantinense.com.br\/wp-content\/uploads\/2025\/04\/Vinicius-Martins-ESPECIALISTA-EM-RISOS-1-300x75.jpeg 300w, https:\/\/focotocantinense.com.br\/wp-content\/uploads\/2025\/04\/Vinicius-Martins-ESPECIALISTA-EM-RISOS-1-768x192.jpeg 768w, https:\/\/focotocantinense.com.br\/wp-content\/uploads\/2025\/04\/Vinicius-Martins-ESPECIALISTA-EM-RISOS-1-1536x384.jpeg 1536w, https:\/\/focotocantinense.com.br\/wp-content\/uploads\/2025\/04\/Vinicius-Martins-ESPECIALISTA-EM-RISOS-1.jpeg 1584w\" sizes=\"auto, (max-width: 1024px) 100vw, 1024px\" \/><\/figure>\n","protected":false},"excerpt":{"rendered":"<p>Na manh\u00e3 desta segunda-feira, 07, a prefeita de Gurupi, Josi Nunes, participou da solenidade de abertura da 1\u00aa Semana Nacional de Sa\u00fade, realizada no munic\u00edpio de Formoso do Araguaia, com foco na sa\u00fade das mulheres ind\u00edgenas da Ilha do Bananal. A a\u00e7\u00e3o, promovida pelo Conselho Nacional de Justi\u00e7a (CNJ), conta com a parceria do Governo &hellip;<\/p>\n","protected":false},"author":5,"featured_media":9901,"comment_status":"open","ping_status":"open","sticky":false,"template":"","format":"standard","meta":{"footnotes":""},"categories":[1],"tags":[],"class_list":["post-9900","post","type-post","status-publish","format-standard","has-post-thumbnail","","category-sem-categoria"],"_links":{"self":[{"href":"https:\/\/focotocantinense.com.br\/index.php?rest_route=\/wp\/v2\/posts\/9900","targetHints":{"allow":["GET"]}}],"collection":[{"href":"https:\/\/focotocantinense.com.br\/index.php?rest_route=\/wp\/v2\/posts"}],"about":[{"href":"https:\/\/focotocantinense.com.br\/index.php?rest_route=\/wp\/v2\/types\/post"}],"author":[{"embeddable":true,"href":"https:\/\/focotocantinense.com.br\/index.php?rest_route=\/wp\/v2\/users\/5"}],"replies":[{"embeddable":true,"href":"https:\/\/focotocantinense.com.br\/index.php?rest_route=%2Fwp%2Fv2%2Fcomments&post=9900"}],"version-history":[{"count":2,"href":"https:\/\/focotocantinense.com.br\/index.php?rest_route=\/wp\/v2\/posts\/9900\/revisions"}],"predecessor-version":[{"id":9903,"href":"https:\/\/focotocantinense.com.br\/index.php?rest_route=\/wp\/v2\/posts\/9900\/revisions\/9903"}],"wp:featuredmedia":[{"embeddable":true,"href":"https:\/\/focotocantinense.com.br\/index.php?rest_route=\/wp\/v2\/media\/9901"}],"wp:attachment":[{"href":"https:\/\/focotocantinense.com.br\/index.php?rest_route=%2Fwp%2Fv2%2Fmedia&parent=9900"}],"wp:term":[{"taxonomy":"category","embeddable":true,"href":"https:\/\/focotocantinense.com.br\/index.php?rest_route=%2Fwp%2Fv2%2Fcategories&post=9900"},{"taxonomy":"post_tag","embeddable":true,"href":"https:\/\/focotocantinense.com.br\/index.php?rest_route=%2Fwp%2Fv2%2Ftags&post=9900"}],"curies":[{"name":"wp","href":"https:\/\/api.w.org\/{rel}","templated":true}]}}