{"id":990,"date":"2021-03-23T11:31:55","date_gmt":"2021-03-23T14:31:55","guid":{"rendered":"http:\/\/focotocantinense.com.br\/?p=990"},"modified":"2021-03-23T11:34:00","modified_gmt":"2021-03-23T14:34:00","slug":"governador-carlesse-apoia-inclusao-dos-profissionais-da-seguranca-publica-em-grupo-prioritario-da-vacina-contra-covid-19","status":"publish","type":"post","link":"https:\/\/focotocantinense.com.br\/?p=990","title":{"rendered":"Governador Carlesse apoia inclus\u00e3o dos profissionais da seguran\u00e7a p\u00fablica em grupo priorit\u00e1rio da vacina contra Covid-19"},"content":{"rendered":"\n<p>O governador do Estado do Tocantins, Mauro Carlesse, defendeu nesta ter\u00e7a-feira, 23, o ingresso dos profissionais da \u00e1rea da seguran\u00e7a p\u00fablica (Corpo de Bombeiros, Pol\u00edcia Civil, Pol\u00edcia Militar, Pol\u00edcia Penal, Agentes de Tr\u00e2nsito e Guarda Municipal) no grupo priorit\u00e1rio de vacina\u00e7\u00e3o contra a Covid-19.<\/p>\n\n\n\n<p>O Governador destacou que esses profissionais, assim como os que est\u00e3o na Sa\u00fade, atuam na linha de frente das a\u00e7\u00f5es que visam conter a prolifera\u00e7\u00e3o do v\u00edrus no Estado.<\/p>\n\n\n\n<p>\u201cAqui no Tocantins, por exemplo, esses profissionais est\u00e3o atuando, entre outros, na Opera\u00e7\u00e3o Toler\u00e2ncia Zero. As equipes est\u00e3o saindo \u00e0s ruas e se expondo ao perigo do v\u00edrus, em prol de manter a sociedade segura. Esses profissionais n\u00e3o podem exercer suas atividades em casa ou de modo remoto, eles s\u00e3o linha de frente, est\u00e3o no combate ao novo Coronav\u00edrus desde o primeiro dia da pandemia\u201d, afirmou o Governador.<\/p>\n\n\n\n<p>O Plano Nacional de Imuniza\u00e7\u00e3o (PNI) para a vacina\u00e7\u00e3o contra a Covid-19 foi definido pelo Minist\u00e9rio da Sa\u00fade (MS). Entre os grupos priorit\u00e1rios est\u00e3o os profissionais da sa\u00fade, ind\u00edgenas, pessoas idosas, entre outros.<\/p>\n","protected":false},"excerpt":{"rendered":"<p>O governador do Estado do Tocantins, Mauro Carlesse, defendeu nesta ter\u00e7a-feira, 23, o ingresso dos profissionais da \u00e1rea da seguran\u00e7a p\u00fablica (Corpo de Bombeiros, Pol\u00edcia Civil, Pol\u00edcia Militar, Pol\u00edcia Penal, Agentes de Tr\u00e2nsito e Guarda Municipal) no grupo priorit\u00e1rio de vacina\u00e7\u00e3o contra a Covid-19. O Governador destacou que esses profissionais, assim como os que est\u00e3o &hellip;<\/p>\n","protected":false},"author":5,"featured_media":992,"comment_status":"open","ping_status":"open","sticky":true,"template":"","format":"standard","meta":{"footnotes":""},"categories":[37,1],"tags":[],"class_list":["post-990","post","type-post","status-publish","format-standard","has-post-thumbnail","","category-palmas","category-sem-categoria"],"_links":{"self":[{"href":"https:\/\/focotocantinense.com.br\/index.php?rest_route=\/wp\/v2\/posts\/990","targetHints":{"allow":["GET"]}}],"collection":[{"href":"https:\/\/focotocantinense.com.br\/index.php?rest_route=\/wp\/v2\/posts"}],"about":[{"href":"https:\/\/focotocantinense.com.br\/index.php?rest_route=\/wp\/v2\/types\/post"}],"author":[{"embeddable":true,"href":"https:\/\/focotocantinense.com.br\/index.php?rest_route=\/wp\/v2\/users\/5"}],"replies":[{"embeddable":true,"href":"https:\/\/focotocantinense.com.br\/index.php?rest_route=%2Fwp%2Fv2%2Fcomments&post=990"}],"version-history":[{"count":2,"href":"https:\/\/focotocantinense.com.br\/index.php?rest_route=\/wp\/v2\/posts\/990\/revisions"}],"predecessor-version":[{"id":993,"href":"https:\/\/focotocantinense.com.br\/index.php?rest_route=\/wp\/v2\/posts\/990\/revisions\/993"}],"wp:featuredmedia":[{"embeddable":true,"href":"https:\/\/focotocantinense.com.br\/index.php?rest_route=\/wp\/v2\/media\/992"}],"wp:attachment":[{"href":"https:\/\/focotocantinense.com.br\/index.php?rest_route=%2Fwp%2Fv2%2Fmedia&parent=990"}],"wp:term":[{"taxonomy":"category","embeddable":true,"href":"https:\/\/focotocantinense.com.br\/index.php?rest_route=%2Fwp%2Fv2%2Fcategories&post=990"},{"taxonomy":"post_tag","embeddable":true,"href":"https:\/\/focotocantinense.com.br\/index.php?rest_route=%2Fwp%2Fv2%2Ftags&post=990"}],"curies":[{"name":"wp","href":"https:\/\/api.w.org\/{rel}","templated":true}]}}