{"id":9882,"date":"2025-04-04T22:04:32","date_gmt":"2025-04-05T01:04:32","guid":{"rendered":"https:\/\/focotocantinense.com.br\/?p=9882"},"modified":"2025-04-04T22:12:16","modified_gmt":"2025-04-05T01:12:16","slug":"comite-de-cultura-no-tocantins-prestigia-entrega-da-carteira-do-artesao-em-peixe","status":"publish","type":"post","link":"https:\/\/focotocantinense.com.br\/?p=9882","title":{"rendered":"Comit\u00ea de Cultura no Tocantins prestigia\u00a0 entrega da \u00a0Carteira do Artes\u00e3o em Peixe"},"content":{"rendered":"\n<p><strong>Por Zacarias Martins &#8211; Foto: Ascom\/PMP<\/strong><\/p>\n\n\n\n<p>Na qualidade de Presidente da Associa\u00e7\u00e3o Gurupiense de Artes\u00e3os (AGA), &nbsp;e tamb\u00e9m &nbsp;representando &nbsp;a regional Sul\/Sudeste do &nbsp;Comit\u00ea de Cultura no Tocantins, a coordenadora &nbsp;Maria do Socorro Barros participou da solenidade de entrega da Carteira Nacional do Artes\u00e3o&nbsp; aos artes\u00e3os da cidade de Peixe.<\/p>\n\n\n\n<figure class=\"wp-block-image size-large is-resized\"><img loading=\"lazy\" decoding=\"async\" width=\"1024\" height=\"500\" src=\"https:\/\/focotocantinense.com.br\/wp-content\/uploads\/2025\/04\/CARTEIRA-DO-ARTESAO-EM-PEIXE-1024x500.jpeg\" alt=\"\" class=\"wp-image-9883\" style=\"width:398px;height:auto\" srcset=\"https:\/\/focotocantinense.com.br\/wp-content\/uploads\/2025\/04\/CARTEIRA-DO-ARTESAO-EM-PEIXE-1024x500.jpeg 1024w, https:\/\/focotocantinense.com.br\/wp-content\/uploads\/2025\/04\/CARTEIRA-DO-ARTESAO-EM-PEIXE-300x147.jpeg 300w, https:\/\/focotocantinense.com.br\/wp-content\/uploads\/2025\/04\/CARTEIRA-DO-ARTESAO-EM-PEIXE-768x375.jpeg 768w, https:\/\/focotocantinense.com.br\/wp-content\/uploads\/2025\/04\/CARTEIRA-DO-ARTESAO-EM-PEIXE.jpeg 1083w\" sizes=\"auto, (max-width: 1024px) 100vw, 1024px\" \/><\/figure>\n\n\n\n<p><\/p>\n\n\n\n<p>Promovido&nbsp; pela &nbsp;Prefeitura de Peixe, por meio da Secretaria Municipal de Cultura, o evento foi realizado na manh\u00e3 de &nbsp;quinta-feira, 03 de abril, no Plen\u00e1rio da C\u00e2mara Municipal Uiatan Cavalcante.<\/p>\n\n\n\n<p>Maria do Socorro parabenizou a gest\u00e3o municipal de Peixe &nbsp;pelo incentivo aos artes\u00f5es&nbsp; da cidade &nbsp;e se colocou \u00e0 disposi\u00e7\u00e3o para continuar a contribuir e ajudar a todos no que for necess\u00e1rio.<\/p>\n\n\n\n<figure class=\"wp-block-image size-full is-resized\"><img loading=\"lazy\" decoding=\"async\" width=\"234\" height=\"286\" src=\"https:\/\/focotocantinense.com.br\/wp-content\/uploads\/2025\/04\/socorro.jpeg\" alt=\"\" class=\"wp-image-9885\" style=\"width:384px;height:auto\"\/><\/figure>\n\n\n\n<p><br><\/p>\n\n\n\n<p><strong>Sobre a Carteira do Artes\u00e3o<\/strong><\/p>\n\n\n\n<p>A Carteira Nacional do Artes\u00e3o \u00e9 um documento oficial que reconhece o profissional como parte da categoria artesanal, garantindo uma s\u00e9rie de oportunidades em eventos municipais, estaduais e no \u00e2mbito federal.<\/p>\n\n\n\n<p>Em seu pronunciamento, a &nbsp;Secret\u00e1ria de Cultura de Peixe, &nbsp;Ant\u00f4nia Gomes, popularmente &nbsp;conhecida por Tia Toinha, fez quest\u00e3o de enfatizar que&nbsp; a entrega dessa carteira aos artes\u00e3os peixenses n\u00e3o era apenas um &nbsp;simples ato burocr\u00e1tico.<\/p>\n\n\n\n<p>\u201cTrata-se de um&nbsp; &nbsp;reconhecimento formal do seu of\u00edcio, da sua dedica\u00e7\u00e3o, da sua import\u00e2ncia para a cultura do nosso munic\u00edpio. Ela simboliza o acesso a direitos, a visibilidade e, principalmente, o incentivo para que o trabalho dos artes\u00e3os seja cada vez mais valorizado\u201d, finalizou a Secret\u00e1ria.&nbsp;<\/p>\n\n\n\n<p><strong>Colabora\u00e7\u00e3o<\/strong><\/p>\n\n\n\n<p>O Comit\u00ea de Cultura no Tocantins \u00e9 coordenado por Kak\u00e1 Nogueira por meio da&nbsp; Federa\u00e7\u00e3o Tocantinense de Artes C\u00eanicas (FETAC) da qual \u00e9 presidente, em parceria com a Associa\u00e7\u00e3o Gurupiense de Artes\u00e3os (AGA) e o Instituto Cultural e Social Araguaia (ISCA). Essas organiza\u00e7\u00f5es est\u00e3o unidas por um termo de colabora\u00e7\u00e3o, com dura\u00e7\u00e3o de dois anos, firmado com o Minist\u00e9rio da Cultura (MinC). Juntas, elas trabalham para implementar o Programa Nacional de Comit\u00eas de Cultura (PNCC) em diversas regi\u00f5es do Estado.<\/p>\n\n\n\n<figure class=\"wp-block-image size-large\"><img loading=\"lazy\" decoding=\"async\" width=\"1024\" height=\"256\" src=\"https:\/\/focotocantinense.com.br\/wp-content\/uploads\/2025\/04\/Vinicius-Martins-ESPECIALISTA-EM-RISOS-1-1024x256.jpeg\" alt=\"\" class=\"wp-image-9889\" srcset=\"https:\/\/focotocantinense.com.br\/wp-content\/uploads\/2025\/04\/Vinicius-Martins-ESPECIALISTA-EM-RISOS-1-1024x256.jpeg 1024w, https:\/\/focotocantinense.com.br\/wp-content\/uploads\/2025\/04\/Vinicius-Martins-ESPECIALISTA-EM-RISOS-1-300x75.jpeg 300w, https:\/\/focotocantinense.com.br\/wp-content\/uploads\/2025\/04\/Vinicius-Martins-ESPECIALISTA-EM-RISOS-1-768x192.jpeg 768w, https:\/\/focotocantinense.com.br\/wp-content\/uploads\/2025\/04\/Vinicius-Martins-ESPECIALISTA-EM-RISOS-1-1536x384.jpeg 1536w, https:\/\/focotocantinense.com.br\/wp-content\/uploads\/2025\/04\/Vinicius-Martins-ESPECIALISTA-EM-RISOS-1.jpeg 1584w\" sizes=\"auto, (max-width: 1024px) 100vw, 1024px\" \/><\/figure>\n","protected":false},"excerpt":{"rendered":"<p>Por Zacarias Martins &#8211; Foto: Ascom\/PMP Na qualidade de Presidente da Associa\u00e7\u00e3o Gurupiense de Artes\u00e3os (AGA), &nbsp;e tamb\u00e9m &nbsp;representando &nbsp;a regional Sul\/Sudeste do &nbsp;Comit\u00ea de Cultura no Tocantins, a coordenadora &nbsp;Maria do Socorro Barros participou da solenidade de entrega da Carteira Nacional do Artes\u00e3o&nbsp; aos artes\u00e3os da cidade de Peixe. Promovido&nbsp; pela &nbsp;Prefeitura de Peixe, &hellip;<\/p>\n","protected":false},"author":5,"featured_media":9883,"comment_status":"open","ping_status":"open","sticky":false,"template":"","format":"standard","meta":{"footnotes":""},"categories":[1],"tags":[],"class_list":["post-9882","post","type-post","status-publish","format-standard","has-post-thumbnail","","category-sem-categoria"],"_links":{"self":[{"href":"https:\/\/focotocantinense.com.br\/index.php?rest_route=\/wp\/v2\/posts\/9882","targetHints":{"allow":["GET"]}}],"collection":[{"href":"https:\/\/focotocantinense.com.br\/index.php?rest_route=\/wp\/v2\/posts"}],"about":[{"href":"https:\/\/focotocantinense.com.br\/index.php?rest_route=\/wp\/v2\/types\/post"}],"author":[{"embeddable":true,"href":"https:\/\/focotocantinense.com.br\/index.php?rest_route=\/wp\/v2\/users\/5"}],"replies":[{"embeddable":true,"href":"https:\/\/focotocantinense.com.br\/index.php?rest_route=%2Fwp%2Fv2%2Fcomments&post=9882"}],"version-history":[{"count":7,"href":"https:\/\/focotocantinense.com.br\/index.php?rest_route=\/wp\/v2\/posts\/9882\/revisions"}],"predecessor-version":[{"id":9892,"href":"https:\/\/focotocantinense.com.br\/index.php?rest_route=\/wp\/v2\/posts\/9882\/revisions\/9892"}],"wp:featuredmedia":[{"embeddable":true,"href":"https:\/\/focotocantinense.com.br\/index.php?rest_route=\/wp\/v2\/media\/9883"}],"wp:attachment":[{"href":"https:\/\/focotocantinense.com.br\/index.php?rest_route=%2Fwp%2Fv2%2Fmedia&parent=9882"}],"wp:term":[{"taxonomy":"category","embeddable":true,"href":"https:\/\/focotocantinense.com.br\/index.php?rest_route=%2Fwp%2Fv2%2Fcategories&post=9882"},{"taxonomy":"post_tag","embeddable":true,"href":"https:\/\/focotocantinense.com.br\/index.php?rest_route=%2Fwp%2Fv2%2Ftags&post=9882"}],"curies":[{"name":"wp","href":"https:\/\/api.w.org\/{rel}","templated":true}]}}