{"id":9875,"date":"2025-04-04T20:14:42","date_gmt":"2025-04-04T23:14:42","guid":{"rendered":"https:\/\/focotocantinense.com.br\/?p=9875"},"modified":"2025-04-04T22:00:59","modified_gmt":"2025-04-05T01:00:59","slug":"evento-em-tocantinopolis-fortalece-debate-sobre-inclusao-da-comunidade-lgbtqia-na-cultura","status":"publish","type":"post","link":"https:\/\/focotocantinense.com.br\/?p=9875","title":{"rendered":"Evento em Tocantin\u00f3polis fortalece debate sobre inclus\u00e3o da comunidade LGBTQIA+ na cultura"},"content":{"rendered":"\n<p><strong>Por Rodrigo Martins<\/strong><\/p>\n\n\n\n<p>Na \u00faltima sexta-feira, 04, Tocantin\u00f3polis foi palco de um importante encontro sobre inclus\u00e3o e pol\u00edticas socioculturais voltadas para a comunidade LGBTQIA+. A iniciativa, promovida pelo Comit\u00ea de Cultura no Tocantins, por meio da Federa\u00e7\u00e3o Tocantinense de Artes C\u00eanicas (FETAC) e do Instituto Isca, reuniu agentes culturais, representantes de movimentos sociais e a comunidade na Unidade Baba\u00e7u da Universidade Federal do Norte do Tocantins (UFNT).<\/p>\n\n\n\n<figure class=\"wp-block-image size-large is-resized\"><img loading=\"lazy\" decoding=\"async\" width=\"1024\" height=\"576\" src=\"https:\/\/focotocantinense.com.br\/wp-content\/uploads\/2025\/04\/1-Comite-de-Cultura-Tocantinopolis-Foto-Augusto-Rocha-1024x576.jpeg\" alt=\"\" class=\"wp-image-9876\" style=\"width:396px;height:auto\" srcset=\"https:\/\/focotocantinense.com.br\/wp-content\/uploads\/2025\/04\/1-Comite-de-Cultura-Tocantinopolis-Foto-Augusto-Rocha-1024x576.jpeg 1024w, https:\/\/focotocantinense.com.br\/wp-content\/uploads\/2025\/04\/1-Comite-de-Cultura-Tocantinopolis-Foto-Augusto-Rocha-300x169.jpeg 300w, https:\/\/focotocantinense.com.br\/wp-content\/uploads\/2025\/04\/1-Comite-de-Cultura-Tocantinopolis-Foto-Augusto-Rocha-768x432.jpeg 768w, https:\/\/focotocantinense.com.br\/wp-content\/uploads\/2025\/04\/1-Comite-de-Cultura-Tocantinopolis-Foto-Augusto-Rocha-1536x864.jpeg 1536w, https:\/\/focotocantinense.com.br\/wp-content\/uploads\/2025\/04\/1-Comite-de-Cultura-Tocantinopolis-Foto-Augusto-Rocha.jpeg 1600w\" sizes=\"auto, (max-width: 1024px) 100vw, 1024px\" \/><\/figure>\n\n\n\n<p><\/p>\n\n\n\n<p>A programa\u00e7\u00e3o incluiu uma mesa-redonda com o tema \u201cComunidade LGBTQIA+: Inclus\u00e3o e Pol\u00edticas Socioculturais\u201d, ministrada pelo Doutor em Educa\u00e7\u00e3o e PhD em Direitos Humanos e Democracia, Eliseu Riscaroli. O evento tamb\u00e9m contou com apresenta\u00e7\u00f5es art\u00edsticas e momentos de intera\u00e7\u00e3o e reflex\u00e3o, consolidando-se como um espa\u00e7o essencial para o fortalecimento do debate sobre diversidade e direitos culturais no Tocantins.<\/p>\n\n\n\n<p>Carmelio de Sousa Lima, coordenador metodol\u00f3gico do Regional Norte, destacou a relev\u00e2ncia da discuss\u00e3o promovida pelo evento. \u201cFoi muito bom, principalmente por abordar essa tem\u00e1tica LGBTQIA+. \u00c9 essencial discutir esse assunto para que as pessoas percebam que s\u00e3o indiv\u00edduos que ocupam o mesmo espa\u00e7o social. O evento mostrou que precisamos continuar trazendo essa pauta, pois a diversidade n\u00e3o pode ser motivo para exclus\u00e3o. A intera\u00e7\u00e3o do p\u00fablico foi muito positiva e sinaliza que devemos seguir promovendo esse debate\u201d, afirmou.<\/p>\n\n\n\n<figure class=\"wp-block-image is-resized\"><img decoding=\"async\" src=\"https:\/\/blogger.googleusercontent.com\/img\/b\/R29vZ2xl\/AVvXsEjFshHDTznbqARgvwH-q0YTpnMhkvxMRrsMzvDRPOMPZBenYox47ua2e4QQQ1uVwdGm8mxoQMTbenus1Z7YCwStkgWXmK1j8s0sZ_-MMzyFcw4hwx8MxNNUId3EC9fdqj1_rios0eXtKlTUHwu3xlUOWFqe_-56NPsTapuNkOzznIMiScBQZ2OXSAQLgRN-\/w530-h411\/3%20-%20Comit%C3%AA%20de%20Cultura%20-%20Tocantin%C3%B3polis%20-%20Foto%20Augusto%20Rocha.jpeg\" alt=\"\" style=\"width:840px;height:auto\"\/><\/figure>\n\n\n\n<p><\/p>\n\n\n\n<p>O coordenador-geral do Comit\u00ea de Cultura no Tocantins e presidente da FETAC, Kak\u00e1 Nogueira, parabenizou a realiza\u00e7\u00e3o do evento. \u201cA cultura tem um papel fundamental na constru\u00e7\u00e3o de uma sociedade mais justa e inclusiva. Este encontro refor\u00e7a o compromisso&nbsp; do Comit\u00ea de Cultura no Tocantins, por meio da FETAC, e de todos os parceiros com a valoriza\u00e7\u00e3o da diversidade. A participa\u00e7\u00e3o ativa do p\u00fablico e dos agentes culturais demonstra que estamos no caminho certo, promovendo espa\u00e7os de discuss\u00e3o e aprendizado que impactam positivamente nossas comunidades\u201d, destacou.<\/p>\n\n\n\n<p>A FETAC, respons\u00e1vel pela coordena\u00e7\u00e3o do Comit\u00ea de Cultura no Tocantins, segue atuando em parceria com o Minist\u00e9rio da Cultura (MinC) para a implementa\u00e7\u00e3o do Programa Nacional dos Comit\u00eas de Cultura (PNCC) no estado. A iniciativa tamb\u00e9m conta com a colabora\u00e7\u00e3o da Associa\u00e7\u00e3o Gurupiense de Artes\u00e3os (AGA) e do Instituto Social e Cultural Araguaia (ISCA), entre outros parceiros.<\/p>\n\n\n\n<figure class=\"wp-block-image size-large\"><img loading=\"lazy\" decoding=\"async\" width=\"1024\" height=\"256\" src=\"https:\/\/focotocantinense.com.br\/wp-content\/uploads\/2025\/04\/Vinicius-Martins-ESPECIALISTA-EM-RISOS-1024x256.jpeg\" alt=\"\" class=\"wp-image-9873\" srcset=\"https:\/\/focotocantinense.com.br\/wp-content\/uploads\/2025\/04\/Vinicius-Martins-ESPECIALISTA-EM-RISOS-1024x256.jpeg 1024w, https:\/\/focotocantinense.com.br\/wp-content\/uploads\/2025\/04\/Vinicius-Martins-ESPECIALISTA-EM-RISOS-300x75.jpeg 300w, https:\/\/focotocantinense.com.br\/wp-content\/uploads\/2025\/04\/Vinicius-Martins-ESPECIALISTA-EM-RISOS-768x192.jpeg 768w, https:\/\/focotocantinense.com.br\/wp-content\/uploads\/2025\/04\/Vinicius-Martins-ESPECIALISTA-EM-RISOS-1536x384.jpeg 1536w, https:\/\/focotocantinense.com.br\/wp-content\/uploads\/2025\/04\/Vinicius-Martins-ESPECIALISTA-EM-RISOS.jpeg 1584w\" sizes=\"auto, (max-width: 1024px) 100vw, 1024px\" \/><\/figure>\n","protected":false},"excerpt":{"rendered":"<p>Por Rodrigo Martins Na \u00faltima sexta-feira, 04, Tocantin\u00f3polis foi palco de um importante encontro sobre inclus\u00e3o e pol\u00edticas socioculturais voltadas para a comunidade LGBTQIA+. A iniciativa, promovida pelo Comit\u00ea de Cultura no Tocantins, por meio da Federa\u00e7\u00e3o Tocantinense de Artes C\u00eanicas (FETAC) e do Instituto Isca, reuniu agentes culturais, representantes de movimentos sociais e a &hellip;<\/p>\n","protected":false},"author":5,"featured_media":9876,"comment_status":"open","ping_status":"open","sticky":false,"template":"","format":"standard","meta":{"footnotes":""},"categories":[1],"tags":[],"class_list":["post-9875","post","type-post","status-publish","format-standard","has-post-thumbnail","","category-sem-categoria"],"_links":{"self":[{"href":"https:\/\/focotocantinense.com.br\/index.php?rest_route=\/wp\/v2\/posts\/9875","targetHints":{"allow":["GET"]}}],"collection":[{"href":"https:\/\/focotocantinense.com.br\/index.php?rest_route=\/wp\/v2\/posts"}],"about":[{"href":"https:\/\/focotocantinense.com.br\/index.php?rest_route=\/wp\/v2\/types\/post"}],"author":[{"embeddable":true,"href":"https:\/\/focotocantinense.com.br\/index.php?rest_route=\/wp\/v2\/users\/5"}],"replies":[{"embeddable":true,"href":"https:\/\/focotocantinense.com.br\/index.php?rest_route=%2Fwp%2Fv2%2Fcomments&post=9875"}],"version-history":[{"count":4,"href":"https:\/\/focotocantinense.com.br\/index.php?rest_route=\/wp\/v2\/posts\/9875\/revisions"}],"predecessor-version":[{"id":9881,"href":"https:\/\/focotocantinense.com.br\/index.php?rest_route=\/wp\/v2\/posts\/9875\/revisions\/9881"}],"wp:featuredmedia":[{"embeddable":true,"href":"https:\/\/focotocantinense.com.br\/index.php?rest_route=\/wp\/v2\/media\/9876"}],"wp:attachment":[{"href":"https:\/\/focotocantinense.com.br\/index.php?rest_route=%2Fwp%2Fv2%2Fmedia&parent=9875"}],"wp:term":[{"taxonomy":"category","embeddable":true,"href":"https:\/\/focotocantinense.com.br\/index.php?rest_route=%2Fwp%2Fv2%2Fcategories&post=9875"},{"taxonomy":"post_tag","embeddable":true,"href":"https:\/\/focotocantinense.com.br\/index.php?rest_route=%2Fwp%2Fv2%2Ftags&post=9875"}],"curies":[{"name":"wp","href":"https:\/\/api.w.org\/{rel}","templated":true}]}}