{"id":9862,"date":"2025-04-04T18:07:54","date_gmt":"2025-04-04T21:07:54","guid":{"rendered":"https:\/\/focotocantinense.com.br\/?p=9862"},"modified":"2025-04-04T18:13:03","modified_gmt":"2025-04-04T21:13:03","slug":"com-um-time-de-especialistas-renomados-palmas-vai-sediar-novamente-o-conexo-360","status":"publish","type":"post","link":"https:\/\/focotocantinense.com.br\/?p=9862","title":{"rendered":"Com\u00a0 um time de especialistas renomados \u00a0Palmas vai sediar novamente \u00a0o Conexo 360\u00b0"},"content":{"rendered":"\n<p>Com vagas limitadas e ingressos em valor promocional, acontece em Palmas, nos dias 12 e 13 de abril, das 8h \u00e0s 19h, o evento denominado de&nbsp;<strong><em>Conexo 360\u00b0<\/em><\/strong>.<\/p>\n\n\n\n<p>Trata-se de um&nbsp;dos treinamentos mais inovadores do cen\u00e1rio empreendedor nacional desembarca novamente na capital tocantinense.<\/p>\n\n\n\n<figure class=\"wp-block-image size-large is-resized\"><img loading=\"lazy\" decoding=\"async\" width=\"819\" height=\"1024\" src=\"https:\/\/focotocantinense.com.br\/wp-content\/uploads\/2025\/04\/2-Palestra-com-Vinbicius-Martins-e-equipe-819x1024.jpeg\" alt=\"\" class=\"wp-image-9865\" style=\"width:392px;height:auto\" srcset=\"https:\/\/focotocantinense.com.br\/wp-content\/uploads\/2025\/04\/2-Palestra-com-Vinbicius-Martins-e-equipe-819x1024.jpeg 819w, https:\/\/focotocantinense.com.br\/wp-content\/uploads\/2025\/04\/2-Palestra-com-Vinbicius-Martins-e-equipe-240x300.jpeg 240w, https:\/\/focotocantinense.com.br\/wp-content\/uploads\/2025\/04\/2-Palestra-com-Vinbicius-Martins-e-equipe-768x960.jpeg 768w, https:\/\/focotocantinense.com.br\/wp-content\/uploads\/2025\/04\/2-Palestra-com-Vinbicius-Martins-e-equipe.jpeg 1080w\" sizes=\"auto, (max-width: 819px) 100vw, 819px\" \/><\/figure>\n\n\n\n<p><\/p>\n\n\n\n<p><strong>Intensivos de imers\u00e3o<\/strong><\/p>\n\n\n\n<p>*Conexo 360\u00b0,* idealizado pelo especialista em conex\u00f5es interpessoais Jo\u00e3o Martins, promete transformar a trajet\u00f3ria de l\u00edderes e empres\u00e1rios em dois dias intensivos de imers\u00e3o.<\/p>\n\n\n\n<figure class=\"wp-block-image size-large\"><img loading=\"lazy\" decoding=\"async\" width=\"1024\" height=\"683\" src=\"https:\/\/focotocantinense.com.br\/wp-content\/uploads\/2025\/04\/3-Palestra-com-Vinbicius-Martins-e-equipe-1-1024x683.jpeg\" alt=\"\" class=\"wp-image-9868\" srcset=\"https:\/\/focotocantinense.com.br\/wp-content\/uploads\/2025\/04\/3-Palestra-com-Vinbicius-Martins-e-equipe-1-1024x683.jpeg 1024w, https:\/\/focotocantinense.com.br\/wp-content\/uploads\/2025\/04\/3-Palestra-com-Vinbicius-Martins-e-equipe-1-300x200.jpeg 300w, https:\/\/focotocantinense.com.br\/wp-content\/uploads\/2025\/04\/3-Palestra-com-Vinbicius-Martins-e-equipe-1-768x512.jpeg 768w, https:\/\/focotocantinense.com.br\/wp-content\/uploads\/2025\/04\/3-Palestra-com-Vinbicius-Martins-e-equipe-1.jpeg 1500w\" sizes=\"auto, (max-width: 1024px) 100vw, 1024px\" \/><\/figure>\n\n\n\n<p><br><br>Com metodologias pr\u00e1ticas e conte\u00fado disruptivo, o workshop abordar\u00e1 temas como marketing estrat\u00e9gico, intelig\u00eancia emocional, comunica\u00e7\u00e3o de impacto, posicionamento de marca e t\u00e9cnicas de vendas. A curadoria reuniu um time de 10 palestrantes reconhecidos nacionalmente, selecionados por Jo\u00e3o Martins, eleito um dos Top 10 em Lideran\u00e7a e Gest\u00e3o de Pessoas pelo The Best Speaker Brasil em 2023.<\/p>\n\n\n\n<figure class=\"wp-block-image size-large\"><img loading=\"lazy\" decoding=\"async\" width=\"1024\" height=\"682\" src=\"https:\/\/focotocantinense.com.br\/wp-content\/uploads\/2025\/04\/1-Palestra-com-Vinbicius-Martins-e-equipe-1024x682.jpeg\" alt=\"\" class=\"wp-image-9870\" srcset=\"https:\/\/focotocantinense.com.br\/wp-content\/uploads\/2025\/04\/1-Palestra-com-Vinbicius-Martins-e-equipe-1024x682.jpeg 1024w, https:\/\/focotocantinense.com.br\/wp-content\/uploads\/2025\/04\/1-Palestra-com-Vinbicius-Martins-e-equipe-300x200.jpeg 300w, https:\/\/focotocantinense.com.br\/wp-content\/uploads\/2025\/04\/1-Palestra-com-Vinbicius-Martins-e-equipe-768x512.jpeg 768w, https:\/\/focotocantinense.com.br\/wp-content\/uploads\/2025\/04\/1-Palestra-com-Vinbicius-Martins-e-equipe-1536x1023.jpeg 1536w, https:\/\/focotocantinense.com.br\/wp-content\/uploads\/2025\/04\/1-Palestra-com-Vinbicius-Martins-e-equipe-310x205.jpeg 310w, https:\/\/focotocantinense.com.br\/wp-content\/uploads\/2025\/04\/1-Palestra-com-Vinbicius-Martins-e-equipe.jpeg 1600w\" sizes=\"auto, (max-width: 1024px) 100vw, 1024px\" \/><\/figure>\n\n\n\n<p><\/p>\n\n\n\n<p><strong>Acelerando resultados<\/strong><br>&#8211; &#8220;Nosso objetivo \u00e9 acelerar resultados. Queremos que os participantes saiam com ferramentas para se tornarem refer\u00eancias em seus segmentos&#8221;, adianta Martins, mentor de executivos e conhecido por suas estrat\u00e9gias de conex\u00f5es profissionais.<br><\/p>\n\n\n\n<p><strong>Programa\u00e7\u00e3o e diferenciais<\/strong><br>Al\u00e9m das palestras, os participantes ter\u00e3o acesso a:<br>Din\u00e2micas de networking com executivos de m\u00faltiplos setores;<br>Mentorias coletivas sobre desafios espec\u00edficos do mercado;<br>Material exclusivo com frameworks de gest\u00e3o e vendas.<\/p>\n\n\n\n<figure class=\"wp-block-image size-large\"><img loading=\"lazy\" decoding=\"async\" width=\"1024\" height=\"256\" src=\"https:\/\/focotocantinense.com.br\/wp-content\/uploads\/2025\/04\/Vinicius-Martins-ESPECIALISTA-EM-RISOS-1024x256.jpeg\" alt=\"\" class=\"wp-image-9873\" srcset=\"https:\/\/focotocantinense.com.br\/wp-content\/uploads\/2025\/04\/Vinicius-Martins-ESPECIALISTA-EM-RISOS-1024x256.jpeg 1024w, https:\/\/focotocantinense.com.br\/wp-content\/uploads\/2025\/04\/Vinicius-Martins-ESPECIALISTA-EM-RISOS-300x75.jpeg 300w, https:\/\/focotocantinense.com.br\/wp-content\/uploads\/2025\/04\/Vinicius-Martins-ESPECIALISTA-EM-RISOS-768x192.jpeg 768w, https:\/\/focotocantinense.com.br\/wp-content\/uploads\/2025\/04\/Vinicius-Martins-ESPECIALISTA-EM-RISOS-1536x384.jpeg 1536w, https:\/\/focotocantinense.com.br\/wp-content\/uploads\/2025\/04\/Vinicius-Martins-ESPECIALISTA-EM-RISOS.jpeg 1584w\" sizes=\"auto, (max-width: 1024px) 100vw, 1024px\" \/><\/figure>\n\n\n\n\n\n<p><br><\/p>\n","protected":false},"excerpt":{"rendered":"<p>Com vagas limitadas e ingressos em valor promocional, acontece em Palmas, nos dias 12 e 13 de abril, das 8h \u00e0s 19h, o evento denominado de&nbsp;Conexo 360\u00b0. Trata-se de um&nbsp;dos treinamentos mais inovadores do cen\u00e1rio empreendedor nacional desembarca novamente na capital tocantinense. Intensivos de imers\u00e3o *Conexo 360\u00b0,* idealizado pelo especialista em conex\u00f5es interpessoais Jo\u00e3o Martins, &hellip;<\/p>\n","protected":false},"author":5,"featured_media":9863,"comment_status":"open","ping_status":"open","sticky":false,"template":"","format":"standard","meta":{"footnotes":""},"categories":[37],"tags":[],"class_list":["post-9862","post","type-post","status-publish","format-standard","has-post-thumbnail","","category-palmas"],"_links":{"self":[{"href":"https:\/\/focotocantinense.com.br\/index.php?rest_route=\/wp\/v2\/posts\/9862","targetHints":{"allow":["GET"]}}],"collection":[{"href":"https:\/\/focotocantinense.com.br\/index.php?rest_route=\/wp\/v2\/posts"}],"about":[{"href":"https:\/\/focotocantinense.com.br\/index.php?rest_route=\/wp\/v2\/types\/post"}],"author":[{"embeddable":true,"href":"https:\/\/focotocantinense.com.br\/index.php?rest_route=\/wp\/v2\/users\/5"}],"replies":[{"embeddable":true,"href":"https:\/\/focotocantinense.com.br\/index.php?rest_route=%2Fwp%2Fv2%2Fcomments&post=9862"}],"version-history":[{"count":6,"href":"https:\/\/focotocantinense.com.br\/index.php?rest_route=\/wp\/v2\/posts\/9862\/revisions"}],"predecessor-version":[{"id":9874,"href":"https:\/\/focotocantinense.com.br\/index.php?rest_route=\/wp\/v2\/posts\/9862\/revisions\/9874"}],"wp:featuredmedia":[{"embeddable":true,"href":"https:\/\/focotocantinense.com.br\/index.php?rest_route=\/wp\/v2\/media\/9863"}],"wp:attachment":[{"href":"https:\/\/focotocantinense.com.br\/index.php?rest_route=%2Fwp%2Fv2%2Fmedia&parent=9862"}],"wp:term":[{"taxonomy":"category","embeddable":true,"href":"https:\/\/focotocantinense.com.br\/index.php?rest_route=%2Fwp%2Fv2%2Fcategories&post=9862"},{"taxonomy":"post_tag","embeddable":true,"href":"https:\/\/focotocantinense.com.br\/index.php?rest_route=%2Fwp%2Fv2%2Ftags&post=9862"}],"curies":[{"name":"wp","href":"https:\/\/api.w.org\/{rel}","templated":true}]}}