{"id":986,"date":"2021-03-22T17:37:00","date_gmt":"2021-03-22T20:37:00","guid":{"rendered":"http:\/\/focotocantinense.com.br\/?p=986"},"modified":"2021-03-22T17:38:26","modified_gmt":"2021-03-22T20:38:26","slug":"no-dia-mundial-da-agua-a-prefeitura-de-tocantinia-lanca-o-projeto-de-reuso-da-agua","status":"publish","type":"post","link":"https:\/\/focotocantinense.com.br\/?p=986","title":{"rendered":"No Dia Mundial da \u00c1gua a prefeitura de Tocant\u00ednia lan\u00e7a o projeto de reuso da \u00e1gua"},"content":{"rendered":"\n<p>A Prefeitura de Tocant\u00ednia por meio da Secretaria Municipal de Meio Ambiente e Saneamento B\u00e1sico, e da Assessoria VRP Ambiental, lan\u00e7ou em celebra\u00e7\u00e3o ao Dia Mundial da \u00c1gua nesta segunda-feira (22), o \u201cProjeto Tocant\u00ednia no Reuso da \u00c1gua\u201d, que faz aproveitamento da \u00e1gua gerada pelo aparelho de ar condicionado. A primeira fase do projeto foi implantada na sede da prefeitura podendo se estender aos demais pr\u00e9dios dos \u00f3rg\u00e3os municipais.&nbsp;&nbsp;<\/p>\n\n\n\n<p>De acordo com o secret\u00e1rio de Meio Ambiente Francisco Nardes, o projeto \u00e9 inovador onde as \u00e1guas produzidas pelos aparelhos ser\u00e3o captadas e armazenadas atrav\u00e9s de tubos de cano PVC e utilizadas nos servi\u00e7os de limpezas em geral da institui\u00e7\u00e3o e jardinagens, gerando a economia no uso da \u00e1gua pot\u00e1vel.<\/p>\n\n\n\n<p>Depois do lan\u00e7amento do projeto a equipe da secretaria de Meio Ambiente, fizeram um passeio de bicicleta at\u00e9 o c\u00f3rrego Salete, onde plantaram mudas t\u00edpicas de mata ciliar nas margens para proteger o c\u00f3rrego. Por causa da pandemia da Covid-19, n\u00e3o foi poss\u00edvel realizar eventos presenciais de conscientiza\u00e7\u00e3o da popula\u00e7\u00e3o do munic\u00edpio sobre a import\u00e2ncia de preservar e proteger os rios.<\/p>\n\n\n\n<p>O Prefeito Manoel Silvino ressaltou que independente da data especial da \u00e1gua a prefeitura vem fazendo a sua parte, produzindo e plantando mudas nas margens dos rios onde necessita de recompor as \u00e1rvores que foram retiradas. &nbsp;&nbsp;<\/p>\n\n\n\n<figure class=\"wp-block-image\"><img decoding=\"async\" src=\"http:\/\/n1to.com.br\/img\/uploads\/bbbbbbbbbbb.jpg\" alt=\"\"\/><\/figure>\n","protected":false},"excerpt":{"rendered":"<p>A Prefeitura de Tocant\u00ednia por meio da Secretaria Municipal de Meio Ambiente e Saneamento B\u00e1sico, e da Assessoria VRP Ambiental, lan\u00e7ou em celebra\u00e7\u00e3o ao Dia Mundial da \u00c1gua nesta segunda-feira (22), o \u201cProjeto Tocant\u00ednia no Reuso da \u00c1gua\u201d, que faz aproveitamento da \u00e1gua gerada pelo aparelho de ar condicionado. A primeira fase do projeto foi &hellip;<\/p>\n","protected":false},"author":5,"featured_media":988,"comment_status":"open","ping_status":"open","sticky":true,"template":"","format":"standard","meta":{"footnotes":""},"categories":[1,78],"tags":[],"class_list":["post-986","post","type-post","status-publish","format-standard","has-post-thumbnail","","category-sem-categoria","category-tocantinia"],"_links":{"self":[{"href":"https:\/\/focotocantinense.com.br\/index.php?rest_route=\/wp\/v2\/posts\/986","targetHints":{"allow":["GET"]}}],"collection":[{"href":"https:\/\/focotocantinense.com.br\/index.php?rest_route=\/wp\/v2\/posts"}],"about":[{"href":"https:\/\/focotocantinense.com.br\/index.php?rest_route=\/wp\/v2\/types\/post"}],"author":[{"embeddable":true,"href":"https:\/\/focotocantinense.com.br\/index.php?rest_route=\/wp\/v2\/users\/5"}],"replies":[{"embeddable":true,"href":"https:\/\/focotocantinense.com.br\/index.php?rest_route=%2Fwp%2Fv2%2Fcomments&post=986"}],"version-history":[{"count":1,"href":"https:\/\/focotocantinense.com.br\/index.php?rest_route=\/wp\/v2\/posts\/986\/revisions"}],"predecessor-version":[{"id":987,"href":"https:\/\/focotocantinense.com.br\/index.php?rest_route=\/wp\/v2\/posts\/986\/revisions\/987"}],"wp:featuredmedia":[{"embeddable":true,"href":"https:\/\/focotocantinense.com.br\/index.php?rest_route=\/wp\/v2\/media\/988"}],"wp:attachment":[{"href":"https:\/\/focotocantinense.com.br\/index.php?rest_route=%2Fwp%2Fv2%2Fmedia&parent=986"}],"wp:term":[{"taxonomy":"category","embeddable":true,"href":"https:\/\/focotocantinense.com.br\/index.php?rest_route=%2Fwp%2Fv2%2Fcategories&post=986"},{"taxonomy":"post_tag","embeddable":true,"href":"https:\/\/focotocantinense.com.br\/index.php?rest_route=%2Fwp%2Fv2%2Ftags&post=986"}],"curies":[{"name":"wp","href":"https:\/\/api.w.org\/{rel}","templated":true}]}}