{"id":983,"date":"2021-03-21T13:22:52","date_gmt":"2021-03-21T16:22:52","guid":{"rendered":"https:\/\/focotocantinense.com.br\/?p=983"},"modified":"2021-03-21T13:22:53","modified_gmt":"2021-03-21T16:22:53","slug":"no-dia-universal-do-teatro-ponto-de-cultura-lanca-campanha-para-manutencao-e-preservacao-de-palco-teatral","status":"publish","type":"post","link":"https:\/\/focotocantinense.com.br\/?p=983","title":{"rendered":"No Dia Universal do Teatro, Ponto de Cultura lan\u00e7a campanha para manuten\u00e7\u00e3o e preserva\u00e7\u00e3o de palco teatral"},"content":{"rendered":"\n<p><strong>No Dia Universal do Teatro, Ponto de Cultura lan\u00e7a campanha para manuten\u00e7\u00e3o e preserva\u00e7\u00e3o de palco teatral<\/strong><\/p>\n\n\n\n<p>Neste domingo, 21 de mar\u00e7o, \u00e9 comemorado o Dia Universal do Teatro. E \u00e9 nesta data que o Ponto de Cultura do Grupo Um Ponto Dois de Teatro lan\u00e7a a campanha de financiamento coletivo \u201cSalvaguarda de Palco Teatral\u201d em defesa de um palco destinado a apresenta\u00e7\u00f5es culturais na Capital. O tablado pertencia a outro Ponto de Cultura, fechado durante a pandemia, e necessita de reparos urgentes de manuten\u00e7\u00e3o e preserva\u00e7\u00e3o.<\/p>\n\n\n\n<p>As contribui\u00e7\u00f5es para a campanha poder\u00e3o ser realizadas, a partir de R$ 10,00, atrav\u00e9s do site de financiamento coletivo Benfeitoria, dispon\u00edvel na bio do Instagram do @grupoumpontodois ou pode ser solicitado via e-mail em&nbsp;<a href=\"mailto:teatroumpontodois@gmail.com\" target=\"_blank\" rel=\"noreferrer noopener\">teatroumpontodois@gmail.com<\/a>.<\/p>\n\n\n\n<p>Como medida urgente de&nbsp;manuten\u00e7\u00e3o e a preserva\u00e7\u00e3o do palco, s\u00edmbolo t\u00e3o importante para o grupo e para a cultura tocantinense, os integrantes do Grupo Um Ponto Dois realizaram um empr\u00e9stimo para arcar com as despesas de reforma e agora buscam no financiamento coletivo uma forma de pagar o empr\u00e9stimo e dar continuidade aos reparos necess\u00e1rios.&nbsp;<\/p>\n\n\n\n<p>A meta a ser alcan\u00e7ada para pagamento do empr\u00e9stimo feito pelo grupo \u00e9 de R$ 10 mil reais, caso o mesmo n\u00e3o atinja o valor at\u00e9 o final da campanha, prevista para 03 de maio, os valores ser\u00e3o devolvidos aos contribuintes do financiamento coletivo. Caso o grupo atinja \u00e0 meta, os benfeitores receber\u00e3o as recompensas em um prazo estimado de at\u00e9 30 dias.<\/p>\n\n\n\n<p>O valor arrecadado no financiamento coletivo ser\u00e1 revertido em ingressos a serem doados para crian\u00e7as, jovens e idosos em situa\u00e7\u00e3o de vulnerabilidade social para assistirem apresenta\u00e7\u00f5es do grupo Um Ponto Dois de Teatro p\u00f3s-pandemia. O benfeitor que contribuir com o financiamento coletivo tamb\u00e9m ser\u00e1 recompensado com um passaporte para assistir virtualmente \u00e0 grava\u00e7\u00e3o do \u00faltimo espet\u00e1culo do Grupo &#8211; \u201cAs Hist\u00f3rias que vou te contar\u201d &#8211; e participar de um bate-papo virtual com o diretor e parte do elenco. Tamb\u00e9m contar\u00e1 com o registro de seu nome no livro ouro do Ponto de Cultura e poder\u00e1 receber em sua casa lembran\u00e7as personalizadas como forma de agradecimento por contribuir com essa miss\u00e3o de preserva\u00e7\u00e3o cultural.<\/p>\n\n\n\n<p><strong>Palco<\/strong><strong><\/strong><\/p>\n\n\n\n<p>O palco est\u00e1 localizado na quadra 603 Sul, local este onde o Grupo Um Ponto Dois de teatro realizou suas primeiras apresenta\u00e7\u00f5es abertas \u00e0 comunidade n\u00e3o escolar, entre elas Saltimbancos (2013), Feiurinha (2014) e Jo\u00e3o e Maria: Uma Aventura no Cerrado (2015).<\/p>\n\n\n\n<p>Para a coordenadora do Ponto de Cultura Itinerante Um Ponto Dois, Patr\u00edcia de S\u00e1, a salvaguarda do palco \u00e9 tamb\u00e9m um ato de resist\u00eancia da cultura em meio ao desmonte que vem ocorrendo nos \u00faltimos anos. \u201cNosso intuito \u00e9 manter este palco ativo por meio do nosso Ponto de Cultura, preservando sua hist\u00f3ria e abrindo possibilidades para que artistas, grupos e coletivos possam tamb\u00e9m criar suas hist\u00f3rias atrav\u00e9s dele. Como n\u00e3o temos sede fixa, j\u00e1 estamos buscando parcerias com outras institui\u00e7\u00f5es que possam, junto conosco, mant\u00ea-lo ativo e dispon\u00edvel \u00e0 comunidade. \u201d<\/p>\n\n\n\n<p>Para Bianca Melo, uma das integrantes do Grupo e organizadora do financiamento coletivo, o palco foi onde o grupo se consolidou e por esta signific\u00e2ncia e simbologia carrega grande import\u00e2ncia para todos do grupo. \u201cEu cheguei no Um Ponto Dois em 2018, quando o grupo j\u00e1 n\u00e3o mais realizava atividades naquele Ponto de Cultura, mas \u00e9 vis\u00edvel o carinho e gratid\u00e3o que todos os integrantes tem por aquele lugar e em especial pelo palco. Salvaguard\u00e1-lo \u00e9 para n\u00f3s uma miss\u00e3o\u201d, finalizou a atriz.<\/p>\n\n\n\n<p><strong>Sobre o grupo<\/strong><\/p>\n\n\n\n<p>O Grupo Um Ponto Dois de teatro nasceu no ano de 2012, por meio da atua\u00e7\u00e3o do diretor e professor Lucas Justino em uma escola p\u00fablica de Palmas. Com o passar dos anos, o grupo manteve a sua ess\u00eancia de um espa\u00e7o de experimenta\u00e7\u00e3o teatral, fortemente ligada \u00e0s manifesta\u00e7\u00f5es de car\u00e1ter popular, enaltecendo a literatura nacional, suas lendas, mitos e hist\u00f3rias da regi\u00e3o centro-oeste do Pa\u00eds. Para tanto, utiliza-se dos elementos do teatro de anima\u00e7\u00e3o, refor\u00e7ando o est\u00edmulo ao teatro e a conta\u00e7\u00e3o de hist\u00f3rias de gera\u00e7\u00e3o em gera\u00e7\u00e3o.<\/p>\n\n\n\n<p>Em 2016 o grupo foi reconhecido por suas atividades sociais como Ponto de Cultura pelo Minist\u00e9rio da Cultura e desde ent\u00e3o fortificou sua atua\u00e7\u00e3o social. Hoje al\u00e9m de atuar de forma itinerante, levando espet\u00e1culos e forma\u00e7\u00e3o em teatro para escolas, pra\u00e7as, comunidades e outros, tamb\u00e9m recebe residentes que acompanham todos os processos de gest\u00e3o, produ\u00e7\u00e3o e cria\u00e7\u00e3o do Grupo de Teatro e do Ponto de Cultura.&nbsp;&nbsp; &#8211;Servi\u00e7o<\/p>\n","protected":false},"excerpt":{"rendered":"<p>No Dia Universal do Teatro, Ponto de Cultura lan\u00e7a campanha para manuten\u00e7\u00e3o e preserva\u00e7\u00e3o de palco teatral Neste domingo, 21 de mar\u00e7o, \u00e9 comemorado o Dia Universal do Teatro. E \u00e9 nesta data que o Ponto de Cultura do Grupo Um Ponto Dois de Teatro lan\u00e7a a campanha de financiamento coletivo \u201cSalvaguarda de Palco Teatral\u201d &hellip;<\/p>\n","protected":false},"author":5,"featured_media":984,"comment_status":"open","ping_status":"open","sticky":false,"template":"","format":"standard","meta":{"footnotes":""},"categories":[1],"tags":[],"class_list":["post-983","post","type-post","status-publish","format-standard","has-post-thumbnail","","category-sem-categoria"],"_links":{"self":[{"href":"https:\/\/focotocantinense.com.br\/index.php?rest_route=\/wp\/v2\/posts\/983","targetHints":{"allow":["GET"]}}],"collection":[{"href":"https:\/\/focotocantinense.com.br\/index.php?rest_route=\/wp\/v2\/posts"}],"about":[{"href":"https:\/\/focotocantinense.com.br\/index.php?rest_route=\/wp\/v2\/types\/post"}],"author":[{"embeddable":true,"href":"https:\/\/focotocantinense.com.br\/index.php?rest_route=\/wp\/v2\/users\/5"}],"replies":[{"embeddable":true,"href":"https:\/\/focotocantinense.com.br\/index.php?rest_route=%2Fwp%2Fv2%2Fcomments&post=983"}],"version-history":[{"count":1,"href":"https:\/\/focotocantinense.com.br\/index.php?rest_route=\/wp\/v2\/posts\/983\/revisions"}],"predecessor-version":[{"id":985,"href":"https:\/\/focotocantinense.com.br\/index.php?rest_route=\/wp\/v2\/posts\/983\/revisions\/985"}],"wp:featuredmedia":[{"embeddable":true,"href":"https:\/\/focotocantinense.com.br\/index.php?rest_route=\/wp\/v2\/media\/984"}],"wp:attachment":[{"href":"https:\/\/focotocantinense.com.br\/index.php?rest_route=%2Fwp%2Fv2%2Fmedia&parent=983"}],"wp:term":[{"taxonomy":"category","embeddable":true,"href":"https:\/\/focotocantinense.com.br\/index.php?rest_route=%2Fwp%2Fv2%2Fcategories&post=983"},{"taxonomy":"post_tag","embeddable":true,"href":"https:\/\/focotocantinense.com.br\/index.php?rest_route=%2Fwp%2Fv2%2Ftags&post=983"}],"curies":[{"name":"wp","href":"https:\/\/api.w.org\/{rel}","templated":true}]}}