{"id":9827,"date":"2025-03-31T16:22:57","date_gmt":"2025-03-31T19:22:57","guid":{"rendered":"https:\/\/focotocantinense.com.br\/?p=9827"},"modified":"2025-03-31T16:41:31","modified_gmt":"2025-03-31T19:41:31","slug":"eduardo-siqueira-abre-o-jogo-sobre-reaproximacao-com-gomes-relacao-com-wanderlei-e-2026-vamos-deixar-a-eleicao-para-o-ano-da-eleicao-agora-e-a-hora-de-uniao","status":"publish","type":"post","link":"https:\/\/focotocantinense.com.br\/?p=9827","title":{"rendered":"Eduardo Siqueira abre o jogo sobre reaproxima\u00e7\u00e3o com Gomes, rela\u00e7\u00e3o com Wanderlei e 2026: \u201cVamos deixar a elei\u00e7\u00e3o para o ano da elei\u00e7\u00e3o, agora \u00e9 a hora de uni\u00e3o.&#8221;"},"content":{"rendered":"\n<h3 class=\"wp-block-heading\" id=\"h-sem-magoas-e-focado-no-trabalho\"><strong>Sem m\u00e1goas e focado no trabalho<\/strong><\/h3>\n\n\n\n<figure class=\"wp-block-image size-large is-resized\"><img loading=\"lazy\" decoding=\"async\" width=\"1024\" height=\"586\" src=\"https:\/\/focotocantinense.com.br\/wp-content\/uploads\/2025\/03\/eduardo-siqu-e-wandelei-barbo-1024x586.jpeg\" alt=\"\" class=\"wp-image-9828\" style=\"width:355px;height:auto\" srcset=\"https:\/\/focotocantinense.com.br\/wp-content\/uploads\/2025\/03\/eduardo-siqu-e-wandelei-barbo-1024x586.jpeg 1024w, https:\/\/focotocantinense.com.br\/wp-content\/uploads\/2025\/03\/eduardo-siqu-e-wandelei-barbo-300x172.jpeg 300w, https:\/\/focotocantinense.com.br\/wp-content\/uploads\/2025\/03\/eduardo-siqu-e-wandelei-barbo-768x439.jpeg 768w, https:\/\/focotocantinense.com.br\/wp-content\/uploads\/2025\/03\/eduardo-siqu-e-wandelei-barbo.jpeg 1280w\" sizes=\"auto, (max-width: 1024px) 100vw, 1024px\" \/><\/figure>\n\n\n\n<p>Ao ser questionado sobre poss\u00edveis m\u00e1goas pol\u00edticas ap\u00f3s as \u00faltimas elei\u00e7\u00f5es e sobre sua rela\u00e7\u00e3o com o senador&nbsp;Eduardo Gomes, o prefeito foi categ\u00f3rico ao afirmar que n\u00e3o guarda ressentimentos<\/p>\n\n\n\n<p>Em entrevista concedida \u00e0&nbsp;<em>Gazeta do Cerrado<\/em>&nbsp;nesta segunda-feira, 31, o prefeito de Palmas,&nbsp;Eduardo Siqueira Campos, comentou sobre sua rela\u00e7\u00e3o institucional com o governador do Tocantins,&nbsp;Wanderlei Barbosa, e destacou a import\u00e2ncia da coopera\u00e7\u00e3o entre os poderes para o desenvolvimento da capital. Al\u00e9m disso, o prefeito tamb\u00e9m falou sobre o cen\u00e1rio pol\u00edtico e descartou guardar m\u00e1goas ap\u00f3s as <\/p>\n\n\n\n<p>\u00faltimas elei\u00e7\u00f5es.<\/p>\n\n\n\n<p>Questionado sobre sua rela\u00e7\u00e3o com o governador, Eduardo Siqueira Campos enfatizou a necessidade de uma conviv\u00eancia institucional harm\u00f4nica e natural:<\/p>\n\n\n\n<blockquote class=\"wp-block-quote is-layout-flow wp-block-quote-is-layout-flow\">\n<p>\u201cEu creio que sim, porque n\u00f3s somos dois CNPJs que representam um povo, ent\u00e3o n\u00e3o h\u00e1 como fazer. Eu sei que isso pode desagradar alguns, mas agrada muito. E a minha rela\u00e7\u00e3o tem que ser institucional, tem que ser uma rela\u00e7\u00e3o que n\u00e3o seja for\u00e7ada, seja natural.\u201d<\/p>\n<\/blockquote>\n\n\n\n<figure class=\"wp-block-image size-large\"><img loading=\"lazy\" decoding=\"async\" width=\"1024\" height=\"857\" src=\"https:\/\/focotocantinense.com.br\/wp-content\/uploads\/2025\/03\/IMG_1098-1536x1285-3-1024x857.jpeg\" alt=\"\" class=\"wp-image-9837\" srcset=\"https:\/\/focotocantinense.com.br\/wp-content\/uploads\/2025\/03\/IMG_1098-1536x1285-3-1024x857.jpeg 1024w, https:\/\/focotocantinense.com.br\/wp-content\/uploads\/2025\/03\/IMG_1098-1536x1285-3-300x251.jpeg 300w, https:\/\/focotocantinense.com.br\/wp-content\/uploads\/2025\/03\/IMG_1098-1536x1285-3-768x643.jpeg 768w, https:\/\/focotocantinense.com.br\/wp-content\/uploads\/2025\/03\/IMG_1098-1536x1285-3.jpeg 1536w\" sizes=\"auto, (max-width: 1024px) 100vw, 1024px\" \/><\/figure>\n\n\n\n<p>O prefeito destacou ainda que essa conviv\u00eancia institucional tem trazido bons resultados para Palmas, ao ressaltar que o respeito \u00e0 hierarquia e \u00e0s fun\u00e7\u00f5es de cada cargo \u00e9 essencial.<\/p>\n\n\n\n<blockquote class=\"wp-block-quote is-layout-flow wp-block-quote-is-layout-flow\">\n<p>\u201cO meu pai era o governador, o pai dele (Wanderlei) era o prefeito, agora ele \u00e9 o governador e eu sou o prefeito. Eu quero que Palmas cres\u00e7a, ele \u00e9 o governador, eu tenho respeito institucional pela hierarquia e por tudo. Ent\u00e3o essa conviv\u00eancia tem rendido frutos a Palmas.\u201d<\/p>\n\n\n\n<blockquote class=\"wp-block-quote is-layout-flow wp-block-quote-is-layout-flow\">\n<p>\u201cA minha gratid\u00e3o a Deus pela elei\u00e7\u00e3o \u00e9 t\u00e3o grande, a b\u00ean\u00e7\u00e3o tem sido t\u00e3o grande, que eu n\u00e3o consigo olhar pra m\u00e1goa. Quem guarda o lugar do seu cora\u00e7\u00e3o pra m\u00e1goa, est\u00e1 buscando infarto, e eu quero viver muito tempo. Ent\u00e3o, o meu lugar, o meu peito n\u00e3o \u00e9 lugar de m\u00e1goas, e sim de alegria, de gratid\u00e3o.\u201d<\/p>\n<\/blockquote>\n\n\n\n<figure class=\"wp-block-image size-large\"><img loading=\"lazy\" decoding=\"async\" width=\"1024\" height=\"857\" src=\"https:\/\/focotocantinense.com.br\/wp-content\/uploads\/2025\/03\/IMG_1098-1536x1285-1-1024x857.jpeg\" alt=\"\" class=\"wp-image-9834\" srcset=\"https:\/\/focotocantinense.com.br\/wp-content\/uploads\/2025\/03\/IMG_1098-1536x1285-1-1024x857.jpeg 1024w, https:\/\/focotocantinense.com.br\/wp-content\/uploads\/2025\/03\/IMG_1098-1536x1285-1-300x251.jpeg 300w, https:\/\/focotocantinense.com.br\/wp-content\/uploads\/2025\/03\/IMG_1098-1536x1285-1-768x643.jpeg 768w, https:\/\/focotocantinense.com.br\/wp-content\/uploads\/2025\/03\/IMG_1098-1536x1285-1.jpeg 1536w\" sizes=\"auto, (max-width: 1024px) 100vw, 1024px\" \/><\/figure>\n\n\n\n<p>A frase do prefeito de que \u201colhar para tr\u00e1s \u00e9 correr o risco de trope\u00e7ar nos pr\u00f3prios erros\u201d demonstra sua postura de seguir em frente, focado em sua gest\u00e3o e no progresso da cidade.<\/p>\n\n\n\n<h3 class=\"wp-block-heading\" id=\"h-futuro-politico-e-parcerias\"><strong>Futuro pol\u00edtico e parcerias<\/strong><\/h3>\n\n\n\n<p>O prefeito tamb\u00e9m foi questionado sobre uma poss\u00edvel prefer\u00eancia pelo nome da deputada federal&nbsp;Professora Dorinhaem uma futura disputa pelo governo do estado. Contudo, Eduardo Siqueira Campos evitou dar defini\u00e7\u00f5es sobre o assunto, destacando que ainda \u00e9 cedo para discutir elei\u00e7\u00f5es e que seu foco \u00e9 na gest\u00e3o atual.<\/p>\n\n\n\n<blockquote class=\"wp-block-quote is-layout-flow wp-block-quote-is-layout-flow\">\n<p>\u201cVamos deixar a elei\u00e7\u00e3o para o ano da elei\u00e7\u00e3o, agora \u00e9 a hora de uni\u00e3o.&#8221;<\/p>\n<\/blockquote>\n<\/blockquote>\n\n\n\n<p><\/p>\n","protected":false},"excerpt":{"rendered":"<p>Sem m\u00e1goas e focado no trabalho Ao ser questionado sobre poss\u00edveis m\u00e1goas pol\u00edticas ap\u00f3s as \u00faltimas elei\u00e7\u00f5es e sobre sua rela\u00e7\u00e3o com o senador&nbsp;Eduardo Gomes, o prefeito foi categ\u00f3rico ao afirmar que n\u00e3o guarda ressentimentos Em entrevista concedida \u00e0&nbsp;Gazeta do Cerrado&nbsp;nesta segunda-feira, 31, o prefeito de Palmas,&nbsp;Eduardo Siqueira Campos, comentou sobre sua rela\u00e7\u00e3o institucional com &hellip;<\/p>\n","protected":false},"author":5,"featured_media":9829,"comment_status":"open","ping_status":"open","sticky":false,"template":"","format":"standard","meta":{"footnotes":""},"categories":[1],"tags":[],"class_list":["post-9827","post","type-post","status-publish","format-standard","has-post-thumbnail","","category-sem-categoria"],"_links":{"self":[{"href":"https:\/\/focotocantinense.com.br\/index.php?rest_route=\/wp\/v2\/posts\/9827","targetHints":{"allow":["GET"]}}],"collection":[{"href":"https:\/\/focotocantinense.com.br\/index.php?rest_route=\/wp\/v2\/posts"}],"about":[{"href":"https:\/\/focotocantinense.com.br\/index.php?rest_route=\/wp\/v2\/types\/post"}],"author":[{"embeddable":true,"href":"https:\/\/focotocantinense.com.br\/index.php?rest_route=\/wp\/v2\/users\/5"}],"replies":[{"embeddable":true,"href":"https:\/\/focotocantinense.com.br\/index.php?rest_route=%2Fwp%2Fv2%2Fcomments&post=9827"}],"version-history":[{"count":4,"href":"https:\/\/focotocantinense.com.br\/index.php?rest_route=\/wp\/v2\/posts\/9827\/revisions"}],"predecessor-version":[{"id":9838,"href":"https:\/\/focotocantinense.com.br\/index.php?rest_route=\/wp\/v2\/posts\/9827\/revisions\/9838"}],"wp:featuredmedia":[{"embeddable":true,"href":"https:\/\/focotocantinense.com.br\/index.php?rest_route=\/wp\/v2\/media\/9829"}],"wp:attachment":[{"href":"https:\/\/focotocantinense.com.br\/index.php?rest_route=%2Fwp%2Fv2%2Fmedia&parent=9827"}],"wp:term":[{"taxonomy":"category","embeddable":true,"href":"https:\/\/focotocantinense.com.br\/index.php?rest_route=%2Fwp%2Fv2%2Fcategories&post=9827"},{"taxonomy":"post_tag","embeddable":true,"href":"https:\/\/focotocantinense.com.br\/index.php?rest_route=%2Fwp%2Fv2%2Ftags&post=9827"}],"curies":[{"name":"wp","href":"https:\/\/api.w.org\/{rel}","templated":true}]}}