{"id":9824,"date":"2025-03-28T14:46:39","date_gmt":"2025-03-28T17:46:39","guid":{"rendered":"https:\/\/focotocantinense.com.br\/?p=9824"},"modified":"2025-03-28T14:46:39","modified_gmt":"2025-03-28T17:46:39","slug":"deputado-vicentinho-junior-e-prefeito-eduardo-siqueira-campos-articulam-recursos-para-palmas-em-agenda-em-brasilia","status":"publish","type":"post","link":"https:\/\/focotocantinense.com.br\/?p=9824","title":{"rendered":"Deputado Vicentinho J\u00fanior e prefeito Eduardo Siqueira Campos articulam recursos para Palmas em agenda em Bras\u00edlia"},"content":{"rendered":"\n<figure class=\"wp-block-image size-full is-resized\"><img loading=\"lazy\" decoding=\"async\" width=\"808\" height=\"443\" src=\"https:\/\/focotocantinense.com.br\/wp-content\/uploads\/2025\/03\/IMG-20250322-WA0121.webp\" alt=\"\" class=\"wp-image-9825\" style=\"width:392px;height:auto\" srcset=\"https:\/\/focotocantinense.com.br\/wp-content\/uploads\/2025\/03\/IMG-20250322-WA0121.webp 808w, https:\/\/focotocantinense.com.br\/wp-content\/uploads\/2025\/03\/IMG-20250322-WA0121-300x164.webp 300w, https:\/\/focotocantinense.com.br\/wp-content\/uploads\/2025\/03\/IMG-20250322-WA0121-768x421.webp 768w\" sizes=\"auto, (max-width: 808px) 100vw, 808px\" \/><\/figure>\n\n\n\n<p>O deputado federal Vicentinho J\u00fanior e o prefeito de Palmas, Eduardo Siqueira Campos, estiveram reunidos em Bras\u00edlia nesta semana para uma s\u00e9rie de agendas estrat\u00e9gicas em prol do desenvolvimento da capital tocantinense. Entre os compromissos, destacou-se o encontro com o presidente da C\u00e2mara dos Deputados, Hugo Motta, com o objetivo de garantir mais recursos para investimentos em Palmas.<\/p>\n\n\n\n<p>Durante as reuni\u00f5es, foram discutidos projetos e a\u00e7\u00f5es voltados para \u00e1reas priorit\u00e1rias como infraestrutura, mobilidade urbana, sa\u00fade, turismo e esporte. Vicentinho J\u00fanior destacou a import\u00e2ncia da articula\u00e7\u00e3o pol\u00edtica para assegurar os recursos necess\u00e1rios ao crescimento da cidade e do estado do Tocantins.<\/p>\n\n\n\n<p>\u201cCom muita articula\u00e7\u00e3o e compromisso, garantimos mais recursos para Palmas. Ao lado do prefeito Eduardo Siqueira Campos e do presidente da C\u00e2mara, Hugo Motta, seguimos trabalhando para levar investimentos em infraestrutura, mobilidade, sa\u00fade, turismo e esporte. No dia da vota\u00e7\u00e3o do or\u00e7amento anual, nossa atua\u00e7\u00e3o em Bras\u00edlia segue firme para transformar a capital e fortalecer o desenvolvimento do Tocantins. Uma dupla que trabalha pelo nosso estado com esperan\u00e7a e dedica\u00e7\u00e3o!\u201d, afirmou o deputado.<\/p>\n\n\n\n<p>A agenda em Bras\u00edlia refor\u00e7a o compromisso da parceria entre o governo municipal e a bancada federal em busca de melhorias para a popula\u00e7\u00e3o de Palmas e do Tocantins.&nbsp;<\/p>\n","protected":false},"excerpt":{"rendered":"<p>O deputado federal Vicentinho J\u00fanior e o prefeito de Palmas, Eduardo Siqueira Campos, estiveram reunidos em Bras\u00edlia nesta semana para uma s\u00e9rie de agendas estrat\u00e9gicas em prol do desenvolvimento da capital tocantinense. Entre os compromissos, destacou-se o encontro com o presidente da C\u00e2mara dos Deputados, Hugo Motta, com o objetivo de garantir mais recursos para &hellip;<\/p>\n","protected":false},"author":5,"featured_media":9825,"comment_status":"open","ping_status":"open","sticky":false,"template":"","format":"standard","meta":{"footnotes":""},"categories":[1],"tags":[],"class_list":["post-9824","post","type-post","status-publish","format-standard","has-post-thumbnail","","category-sem-categoria"],"_links":{"self":[{"href":"https:\/\/focotocantinense.com.br\/index.php?rest_route=\/wp\/v2\/posts\/9824","targetHints":{"allow":["GET"]}}],"collection":[{"href":"https:\/\/focotocantinense.com.br\/index.php?rest_route=\/wp\/v2\/posts"}],"about":[{"href":"https:\/\/focotocantinense.com.br\/index.php?rest_route=\/wp\/v2\/types\/post"}],"author":[{"embeddable":true,"href":"https:\/\/focotocantinense.com.br\/index.php?rest_route=\/wp\/v2\/users\/5"}],"replies":[{"embeddable":true,"href":"https:\/\/focotocantinense.com.br\/index.php?rest_route=%2Fwp%2Fv2%2Fcomments&post=9824"}],"version-history":[{"count":1,"href":"https:\/\/focotocantinense.com.br\/index.php?rest_route=\/wp\/v2\/posts\/9824\/revisions"}],"predecessor-version":[{"id":9826,"href":"https:\/\/focotocantinense.com.br\/index.php?rest_route=\/wp\/v2\/posts\/9824\/revisions\/9826"}],"wp:featuredmedia":[{"embeddable":true,"href":"https:\/\/focotocantinense.com.br\/index.php?rest_route=\/wp\/v2\/media\/9825"}],"wp:attachment":[{"href":"https:\/\/focotocantinense.com.br\/index.php?rest_route=%2Fwp%2Fv2%2Fmedia&parent=9824"}],"wp:term":[{"taxonomy":"category","embeddable":true,"href":"https:\/\/focotocantinense.com.br\/index.php?rest_route=%2Fwp%2Fv2%2Fcategories&post=9824"},{"taxonomy":"post_tag","embeddable":true,"href":"https:\/\/focotocantinense.com.br\/index.php?rest_route=%2Fwp%2Fv2%2Ftags&post=9824"}],"curies":[{"name":"wp","href":"https:\/\/api.w.org\/{rel}","templated":true}]}}