{"id":9816,"date":"2025-03-28T08:34:02","date_gmt":"2025-03-28T11:34:02","guid":{"rendered":"https:\/\/focotocantinense.com.br\/?p=9816"},"modified":"2025-03-28T08:35:26","modified_gmt":"2025-03-28T11:35:26","slug":"palhacas-de-gurupi-peteca-e-potoca-animam-evento-cultural-em-palmas","status":"publish","type":"post","link":"https:\/\/focotocantinense.com.br\/?p=9816","title":{"rendered":"Palha\u00e7as de Gurupi Peteca e Potoca animam evento cultural em Palmas"},"content":{"rendered":"\n<p>Representando a Regi\u00e3o Sul do Tocantins como Mestres de Cerim\u00f4nia do&nbsp;&nbsp;<strong>ARUA\u00c7A &#8211; Festival de Teatro de Rua &#8211; 2025<\/strong>, as palha\u00e7as Peteca e Potoca, de Gurupi, s\u00e3o uma atra\u00e7\u00e3o \u00e0 parte nesse evento, que come\u00e7ou ontem, quinta-feira,&nbsp; &nbsp;em v\u00e1rias pra\u00e7as da capital, Palmas, e prossegue at\u00e9 domingo, dia 30.<\/p>\n\n\n\n<figure class=\"wp-block-image size-large is-resized\"><img loading=\"lazy\" decoding=\"async\" width=\"819\" height=\"1024\" src=\"https:\/\/focotocantinense.com.br\/wp-content\/uploads\/2025\/03\/EVENTO-EM-PALMAS-819x1024.jpeg\" alt=\"\" class=\"wp-image-9819\" style=\"width:390px;height:auto\" srcset=\"https:\/\/focotocantinense.com.br\/wp-content\/uploads\/2025\/03\/EVENTO-EM-PALMAS-819x1024.jpeg 819w, https:\/\/focotocantinense.com.br\/wp-content\/uploads\/2025\/03\/EVENTO-EM-PALMAS-240x300.jpeg 240w, https:\/\/focotocantinense.com.br\/wp-content\/uploads\/2025\/03\/EVENTO-EM-PALMAS-768x960.jpeg 768w, https:\/\/focotocantinense.com.br\/wp-content\/uploads\/2025\/03\/EVENTO-EM-PALMAS.jpeg 1080w\" sizes=\"auto, (max-width: 819px) 100vw, 819px\" \/><\/figure>\n\n\n\n<p><\/p>\n\n\n\n<p>A programa\u00e7\u00e3o come\u00e7ou com cortejo e conversa sobre o teatro de rua. O festival conta com espet\u00e1culos&nbsp; circenses, com apresenta\u00e7\u00f5es todos os dias, a partir das&nbsp; 19:30 horas. J\u00e1 as oficinas com oficinas acontecem&nbsp; no per\u00edodo da tarde \u00e0 partir das 14 horas, com programa\u00e7\u00e3o diversificada, aberta gratuitamente&nbsp; \u00e0 comunidade.<\/p>\n\n\n\n<figure class=\"wp-block-image size-full is-resized\"><img loading=\"lazy\" decoding=\"async\" width=\"460\" height=\"359\" src=\"https:\/\/focotocantinense.com.br\/wp-content\/uploads\/2025\/03\/AAAAAAAAPALJHACO.jpe\" alt=\"\" class=\"wp-image-9817\" style=\"width:840px;height:auto\" srcset=\"https:\/\/focotocantinense.com.br\/wp-content\/uploads\/2025\/03\/AAAAAAAAPALJHACO.jpe 460w, https:\/\/focotocantinense.com.br\/wp-content\/uploads\/2025\/03\/AAAAAAAAPALJHACO-300x234.jpe 300w\" sizes=\"auto, (max-width: 460px) 100vw, 460px\" \/><\/figure>\n","protected":false},"excerpt":{"rendered":"<p>Representando a Regi\u00e3o Sul do Tocantins como Mestres de Cerim\u00f4nia do&nbsp;&nbsp;ARUA\u00c7A &#8211; Festival de Teatro de Rua &#8211; 2025, as palha\u00e7as Peteca e Potoca, de Gurupi, s\u00e3o uma atra\u00e7\u00e3o \u00e0 parte nesse evento, que come\u00e7ou ontem, quinta-feira,&nbsp; &nbsp;em v\u00e1rias pra\u00e7as da capital, Palmas, e prossegue at\u00e9 domingo, dia 30. A programa\u00e7\u00e3o come\u00e7ou com cortejo e &hellip;<\/p>\n","protected":false},"author":5,"featured_media":9817,"comment_status":"open","ping_status":"open","sticky":false,"template":"","format":"standard","meta":{"footnotes":""},"categories":[38],"tags":[],"class_list":["post-9816","post","type-post","status-publish","format-standard","has-post-thumbnail","","category-gurupi"],"_links":{"self":[{"href":"https:\/\/focotocantinense.com.br\/index.php?rest_route=\/wp\/v2\/posts\/9816","targetHints":{"allow":["GET"]}}],"collection":[{"href":"https:\/\/focotocantinense.com.br\/index.php?rest_route=\/wp\/v2\/posts"}],"about":[{"href":"https:\/\/focotocantinense.com.br\/index.php?rest_route=\/wp\/v2\/types\/post"}],"author":[{"embeddable":true,"href":"https:\/\/focotocantinense.com.br\/index.php?rest_route=\/wp\/v2\/users\/5"}],"replies":[{"embeddable":true,"href":"https:\/\/focotocantinense.com.br\/index.php?rest_route=%2Fwp%2Fv2%2Fcomments&post=9816"}],"version-history":[{"count":3,"href":"https:\/\/focotocantinense.com.br\/index.php?rest_route=\/wp\/v2\/posts\/9816\/revisions"}],"predecessor-version":[{"id":9822,"href":"https:\/\/focotocantinense.com.br\/index.php?rest_route=\/wp\/v2\/posts\/9816\/revisions\/9822"}],"wp:featuredmedia":[{"embeddable":true,"href":"https:\/\/focotocantinense.com.br\/index.php?rest_route=\/wp\/v2\/media\/9817"}],"wp:attachment":[{"href":"https:\/\/focotocantinense.com.br\/index.php?rest_route=%2Fwp%2Fv2%2Fmedia&parent=9816"}],"wp:term":[{"taxonomy":"category","embeddable":true,"href":"https:\/\/focotocantinense.com.br\/index.php?rest_route=%2Fwp%2Fv2%2Fcategories&post=9816"},{"taxonomy":"post_tag","embeddable":true,"href":"https:\/\/focotocantinense.com.br\/index.php?rest_route=%2Fwp%2Fv2%2Ftags&post=9816"}],"curies":[{"name":"wp","href":"https:\/\/api.w.org\/{rel}","templated":true}]}}