{"id":9806,"date":"2025-03-26T17:51:19","date_gmt":"2025-03-26T20:51:19","guid":{"rendered":"https:\/\/focotocantinense.com.br\/?p=9806"},"modified":"2025-03-26T17:53:14","modified_gmt":"2025-03-26T20:53:14","slug":"prefeita-josi-nunes-prestigia-inauguracao-de-subestacao-de-energia-e-comemora-modernizacao-da-rede-eletrica-em-gurupi","status":"publish","type":"post","link":"https:\/\/focotocantinense.com.br\/?p=9806","title":{"rendered":"Prefeita Josi Nunes prestigia inaugura\u00e7\u00e3o de subesta\u00e7\u00e3o de energia e comemora moderniza\u00e7\u00e3o da rede el\u00e9trica em Gurupi"},"content":{"rendered":"\n<p>A prefeita de Gurupi, Josi Nunes, e o vice-prefeito Adailton Fonseca, recepcionaram nesta quarta-feira, 26, o governador do Tocantins, Wanderlei Barbosa, para a inaugura\u00e7\u00e3o da Subesta\u00e7\u00e3o de Energia El\u00e9trica Gurupi III, entregue pela Energisa. A solenidade, realizada \u00e0s margens da TO-374, na sa\u00edda Oeste da cidade, contou com a presen\u00e7a de diversas autoridades da regi\u00e3o sul do Estado. A prefeita destacou que a moderniza\u00e7\u00e3o da rede el\u00e9trica vai atrair novos investimentos para a cidade e contribuir com o crescimento econ\u00f4mico da regi\u00e3o.&nbsp;<\/p>\n\n\n\n<p><strong>Nova subesta\u00e7\u00e3o amplia capacidade energ\u00e9tica da regi\u00e3o<\/strong><\/p>\n\n\n\n<p>A Subesta\u00e7\u00e3o Gurupi III tem uma pot\u00eancia instalada de 30 milh\u00f5es de volt-amperes (MVA) e recebeu um investimento de R$ 55 milh\u00f5es. A estrutura faz parte de um conglomerado de obras promovidas pela Energisa para impulsionar o desenvolvimento econ\u00f4mico do Tocantins, garantindo maior efici\u00eancia e qualidade na distribui\u00e7\u00e3o de energia el\u00e9trica.<\/p>\n\n\n\n<p>Al\u00e9m de beneficiar Gurupi, a nova subesta\u00e7\u00e3o atender\u00e1 diretamente a popula\u00e7\u00e3o de Alian\u00e7a, Alvorada, Aragua\u00e7u, Cariri, Cristal\u00e2ndia, Crix\u00e1s, Duer\u00e9, F\u00e1tima, Figueir\u00f3polis, Formoso do Araguaia, Lagoa da Confus\u00e3o, Maril\u00e2ndia, Nova Rosal\u00e2ndia e Sandol\u00e2ndia, fortalecendo o fornecimento de energia para resid\u00eancias, com\u00e9rcio, ind\u00fastrias e o agroneg\u00f3cio.<\/p>\n\n\n\n<p><strong>Prefeita Josi Nunes comemora investimento e moderniza\u00e7\u00e3o da rede el\u00e9trica<\/strong><\/p>\n\n\n\n<p>Durante a solenidade, a prefeita Josi Nunes destacou a import\u00e2ncia da obra para o desenvolvimento de Gurupi e regi\u00e3o. Ela ressaltou que o investimento refor\u00e7a a infraestrutura el\u00e9trica da cidade, criando condi\u00e7\u00f5es para atrair novos empreendimentos e gerar mais empregos.<\/p>\n\n\n\n<p>&#8220;Essa \u00e9 uma grande obra, interligada \u00e0 rede principal, garantindo efici\u00eancia, qualidade e seguran\u00e7a energ\u00e9tica para Gurupi. O sistema \u00e9 interligado, beneficiando n\u00e3o s\u00f3 nossa cidade, mas toda a regi\u00e3o. Isso \u00e9 fundamental para as resid\u00eancias, o com\u00e9rcio e as ind\u00fastrias. Com essa moderniza\u00e7\u00e3o, teremos ainda mais investimentos e novas oportunidades para nossa popula\u00e7\u00e3o\u201d, afirmou a prefeita.<\/p>\n\n\n\n<p>Josi Nunes tamb\u00e9m parabenizou a Energisa pelo compromisso com o munic\u00edpio e agradeceu a parceria com o governo do Estado. Destacou ainda que os avan\u00e7os na infraestrutura el\u00e9trica s\u00e3o essenciais para o crescimento sustent\u00e1vel da cidade.<\/p>\n\n\n\n<p><strong>Governador Wanderlei refor\u00e7a import\u00e2ncia da energia para o desenvolvimento<\/strong><\/p>\n\n\n\n<p>O governador Wanderlei Barbosa enfatizou que o fortalecimento da rede el\u00e9trica \u00e9 um fator decisivo para a atra\u00e7\u00e3o de novos investimentos no Tocantins.<\/p>\n\n\n\n<p>&#8220;Compreendemos o quanto \u00e9 importante que empres\u00e1rios tenham seguran\u00e7a para investir no Estado, e a energia \u00e9 um dos principais fatores para isso. A Energisa tem sido uma grande parceira nesse processo, realizando melhorias fundamentais. J\u00e1 avan\u00e7amos no Jalap\u00e3o, em Dian\u00f3polis e agora em Gurupi, garantindo energia de qualidade para acompanhar o crescimento das ind\u00fastrias, do agroneg\u00f3cio e de outras \u00e1reas essenciais\u201d, destacou o governador<\/p>\n\n\n\n<figure class=\"wp-block-image size-large\"><img loading=\"lazy\" decoding=\"async\" width=\"1024\" height=\"684\" src=\"https:\/\/focotocantinense.com.br\/wp-content\/uploads\/2025\/03\/prefeita-Josi-Nunes-prestigia-inauguracao-de-subestacao-de-energia-5-1024x684.jpg\" alt=\"\" class=\"wp-image-9813\" srcset=\"https:\/\/focotocantinense.com.br\/wp-content\/uploads\/2025\/03\/prefeita-Josi-Nunes-prestigia-inauguracao-de-subestacao-de-energia-5-1024x684.jpg 1024w, https:\/\/focotocantinense.com.br\/wp-content\/uploads\/2025\/03\/prefeita-Josi-Nunes-prestigia-inauguracao-de-subestacao-de-energia-5-300x200.jpg 300w, https:\/\/focotocantinense.com.br\/wp-content\/uploads\/2025\/03\/prefeita-Josi-Nunes-prestigia-inauguracao-de-subestacao-de-energia-5-768x513.jpg 768w, https:\/\/focotocantinense.com.br\/wp-content\/uploads\/2025\/03\/prefeita-Josi-Nunes-prestigia-inauguracao-de-subestacao-de-energia-5-1536x1026.jpg 1536w, https:\/\/focotocantinense.com.br\/wp-content\/uploads\/2025\/03\/prefeita-Josi-Nunes-prestigia-inauguracao-de-subestacao-de-energia-5.jpg 1600w\" sizes=\"auto, (max-width: 1024px) 100vw, 1024px\" \/><\/figure>\n\n\n\n<p>.<\/p>\n\n\n\n<p><\/p>\n\n\n\n<p><strong>Investimentos no Tocantins e amplia\u00e7\u00e3o da capacidade de atendimento em Gurupi<\/strong><\/p>\n\n\n\n<p>O diretor-presidente da Energisa Tocantins, Alessandro Brum, ressaltou o compromisso da empresa com o crescimento do Estado. Segundo ele, os investimentos j\u00e1 somam R$ 4,3 bilh\u00f5es, e, somente neste ano, a empresa aplicar\u00e1 pelo menos R$ 605 milh\u00f5es em novas obras e melhorias na infraestrutura el\u00e9trica tocantinense.<\/p>\n\n\n\n<p>Sobre a obra entregue em Gurupi, ele destacou a relev\u00e2ncia para a cidade. &#8220;Essa nova subesta\u00e7\u00e3o aumenta em 60% a capacidade de atendimento em Gurupi e na regi\u00e3o sul. Ela d\u00e1 robustez \u00e0 cidade, complementando investimentos recentes na conex\u00e3o da rede b\u00e1sica. Nosso neg\u00f3cio vai al\u00e9m de distribuir energia; queremos transformar energia em conforto e desenvolvimento para as pessoas\u201d, afirmou Brum.<\/p>\n\n\n\n<figure class=\"wp-block-image size-large\"><img loading=\"lazy\" decoding=\"async\" width=\"1024\" height=\"684\" src=\"https:\/\/focotocantinense.com.br\/wp-content\/uploads\/2025\/03\/mmmmmmmmmmmmmmmmmmm-1-1024x684.jpeg\" alt=\"\" class=\"wp-image-9810\" srcset=\"https:\/\/focotocantinense.com.br\/wp-content\/uploads\/2025\/03\/mmmmmmmmmmmmmmmmmmm-1-1024x684.jpeg 1024w, https:\/\/focotocantinense.com.br\/wp-content\/uploads\/2025\/03\/mmmmmmmmmmmmmmmmmmm-1-300x200.jpeg 300w, https:\/\/focotocantinense.com.br\/wp-content\/uploads\/2025\/03\/mmmmmmmmmmmmmmmmmmm-1-768x513.jpeg 768w, https:\/\/focotocantinense.com.br\/wp-content\/uploads\/2025\/03\/mmmmmmmmmmmmmmmmmmm-1-1536x1026.jpeg 1536w, https:\/\/focotocantinense.com.br\/wp-content\/uploads\/2025\/03\/mmmmmmmmmmmmmmmmmmm-1.jpeg 1600w\" sizes=\"auto, (max-width: 1024px) 100vw, 1024px\" \/><\/figure>\n\n\n\n<p><strong>Presen\u00e7as<\/strong><\/p>\n\n\n\n<p>A solenidade contou com a presen\u00e7a do vice-governador do Tocantins, Laurez Moreira, do deputado estadual Eduardo Fortes, do vice-prefeito de Gurupi, Adailton Fonseca, prefeitos da regi\u00e3o Sul do Estado, vereadores de Gurupi e da regi\u00e3o.<\/p>\n\n\n\n<figure class=\"wp-block-image size-full\"><img loading=\"lazy\" decoding=\"async\" width=\"843\" height=\"251\" src=\"https:\/\/focotocantinense.com.br\/wp-content\/uploads\/2025\/03\/midia-vinicius-4.jpg\" alt=\"\" class=\"wp-image-9808\" srcset=\"https:\/\/focotocantinense.com.br\/wp-content\/uploads\/2025\/03\/midia-vinicius-4.jpg 843w, https:\/\/focotocantinense.com.br\/wp-content\/uploads\/2025\/03\/midia-vinicius-4-300x89.jpg 300w, https:\/\/focotocantinense.com.br\/wp-content\/uploads\/2025\/03\/midia-vinicius-4-768x229.jpg 768w\" sizes=\"auto, (max-width: 843px) 100vw, 843px\" \/><\/figure>\n","protected":false},"excerpt":{"rendered":"<p>A prefeita de Gurupi, Josi Nunes, e o vice-prefeito Adailton Fonseca, recepcionaram nesta quarta-feira, 26, o governador do Tocantins, Wanderlei Barbosa, para a inaugura\u00e7\u00e3o da Subesta\u00e7\u00e3o de Energia El\u00e9trica Gurupi III, entregue pela Energisa. A solenidade, realizada \u00e0s margens da TO-374, na sa\u00edda Oeste da cidade, contou com a presen\u00e7a de diversas autoridades da regi\u00e3o &hellip;<\/p>\n","protected":false},"author":5,"featured_media":9807,"comment_status":"open","ping_status":"open","sticky":false,"template":"","format":"standard","meta":{"footnotes":""},"categories":[38],"tags":[],"class_list":["post-9806","post","type-post","status-publish","format-standard","has-post-thumbnail","","category-gurupi"],"_links":{"self":[{"href":"https:\/\/focotocantinense.com.br\/index.php?rest_route=\/wp\/v2\/posts\/9806","targetHints":{"allow":["GET"]}}],"collection":[{"href":"https:\/\/focotocantinense.com.br\/index.php?rest_route=\/wp\/v2\/posts"}],"about":[{"href":"https:\/\/focotocantinense.com.br\/index.php?rest_route=\/wp\/v2\/types\/post"}],"author":[{"embeddable":true,"href":"https:\/\/focotocantinense.com.br\/index.php?rest_route=\/wp\/v2\/users\/5"}],"replies":[{"embeddable":true,"href":"https:\/\/focotocantinense.com.br\/index.php?rest_route=%2Fwp%2Fv2%2Fcomments&post=9806"}],"version-history":[{"count":3,"href":"https:\/\/focotocantinense.com.br\/index.php?rest_route=\/wp\/v2\/posts\/9806\/revisions"}],"predecessor-version":[{"id":9814,"href":"https:\/\/focotocantinense.com.br\/index.php?rest_route=\/wp\/v2\/posts\/9806\/revisions\/9814"}],"wp:featuredmedia":[{"embeddable":true,"href":"https:\/\/focotocantinense.com.br\/index.php?rest_route=\/wp\/v2\/media\/9807"}],"wp:attachment":[{"href":"https:\/\/focotocantinense.com.br\/index.php?rest_route=%2Fwp%2Fv2%2Fmedia&parent=9806"}],"wp:term":[{"taxonomy":"category","embeddable":true,"href":"https:\/\/focotocantinense.com.br\/index.php?rest_route=%2Fwp%2Fv2%2Fcategories&post=9806"},{"taxonomy":"post_tag","embeddable":true,"href":"https:\/\/focotocantinense.com.br\/index.php?rest_route=%2Fwp%2Fv2%2Ftags&post=9806"}],"curies":[{"name":"wp","href":"https:\/\/api.w.org\/{rel}","templated":true}]}}