{"id":9799,"date":"2025-03-26T17:27:13","date_gmt":"2025-03-26T20:27:13","guid":{"rendered":"https:\/\/focotocantinense.com.br\/?p=9799"},"modified":"2025-03-26T17:30:46","modified_gmt":"2025-03-26T20:30:46","slug":"comite-de-cultura-realiza-oficinas-para-mulheres-na-cidade-de-santa-rita-do-tocantins","status":"publish","type":"post","link":"https:\/\/focotocantinense.com.br\/?p=9799","title":{"rendered":"Comit\u00ea de Cultura realiza oficinas para mulheres na cidade de Santa Rita do Tocantins"},"content":{"rendered":"\n<p><strong>Por Zacarias Martins &#8211; Fotos: Lett\u00edcia Japiassu<\/strong><\/p>\n\n\n\n<p>Na tarde de ter\u00e7a-feira, 25, o Plen\u00e1rio da C\u00e2mara Municipal de Santa Rita do Tocantins foi o palco de uma movimentada a\u00e7\u00e3o promovida pela regional Sul e Sudeste do Comit\u00ea de Cultura no Tocantins, dentro da programa\u00e7\u00e3o do M\u00eas da Mulher, com a realiza\u00e7\u00e3o da oficina aliada a uma roda de conversa que abordou a tem\u00e1tica \u201cMulher Tocantinense: protagonismo empreendedor, sa\u00fade mental e sociocultural, coordenada pela psic\u00f3loga Gabriella Monteiro Botelho.<\/p>\n\n\n\n<figure class=\"wp-block-image is-resized\"><a href=\"https:\/\/blogger.googleusercontent.com\/img\/b\/R29vZ2xl\/AVvXsEhOGVxExiCubtSCEvmt_uLL_3AWGmAxvaMPDpDXkD0Zt7w9upO2Zpp-tx5TvV29QQ43pGvRt5n71WROwYU-IwTW4NvhFmRrO_tnITvtInUFk37hlmLh3GEmkUw1rOh8gNUtoW4LGSLK7lW6vxLVzZjZVoA84LlBIlHuuGWkpCLxOtiWqtLOJVw7alzjGXZB\/s4160\/2%20Pessoal%20do%20Comit%C3%AA%20de%20Culura%20o%20Tocantins%20-%20Foto%20Letticia%20Japiassu.jpg\"><img decoding=\"async\" src=\"https:\/\/blogger.googleusercontent.com\/img\/b\/R29vZ2xl\/AVvXsEhOGVxExiCubtSCEvmt_uLL_3AWGmAxvaMPDpDXkD0Zt7w9upO2Zpp-tx5TvV29QQ43pGvRt5n71WROwYU-IwTW4NvhFmRrO_tnITvtInUFk37hlmLh3GEmkUw1rOh8gNUtoW4LGSLK7lW6vxLVzZjZVoA84LlBIlHuuGWkpCLxOtiWqtLOJVw7alzjGXZB\/w496-h330\/2%20Pessoal%20do%20Comit%C3%AA%20de%20Culura%20o%20Tocantins%20-%20Foto%20Letticia%20Japiassu.jpg\" alt=\"\" style=\"width:414px;height:auto\"\/><\/a><\/figure>\n\n\n\n<p><em><strong>A psic\u00f3loga Gabriella Monteiro Botelho participou ativamente da programa\u00e7\u00e3o<\/strong><\/em><\/p>\n\n\n\n<p><strong>Medicina tradicional<\/strong><\/p>\n\n\n\n<p>A programa\u00e7\u00e3o contou, ainda, com uma oficina sobre medicina natural ind\u00edgena para a sa\u00fade \u00edntima das mulheres, com a paj\u00e9 Mar\u00edlia Pokwyj. Ela fez uma abordagem interessante sobre a medicina tradicional ind\u00edgena, onde ensinou os cuidados femininos e ginecol\u00f3gicos com ervas naturais.<\/p>\n\n\n\n<figure class=\"wp-block-image is-resized\"><a href=\"https:\/\/blogger.googleusercontent.com\/img\/b\/R29vZ2xl\/AVvXsEgalOXygku0VegxsbXW4vE44kALjRC_EoUKHQ97VnxuqzwQNM_16LJf9GeXaP5mEZC7eTXnQ0VggOKkdbscWuUrE6JsQjBN14FQEnQBAxWBrLmnCTD6RDoNA1E8fcqzInyS2pqvydhRZCG7t1y4_qybVzdWWIKB3NmB-8K9dfQIB5d2PxkwEor54e8W88QF\/s1600\/6%20%20%20Pessoal%20do%20Comit%C3%AA%20de%20Culura%20o%20Tocantins%20-%20Foto%20Letticia%20Japiassu.jpeg\"><img decoding=\"async\" src=\"https:\/\/blogger.googleusercontent.com\/img\/b\/R29vZ2xl\/AVvXsEgalOXygku0VegxsbXW4vE44kALjRC_EoUKHQ97VnxuqzwQNM_16LJf9GeXaP5mEZC7eTXnQ0VggOKkdbscWuUrE6JsQjBN14FQEnQBAxWBrLmnCTD6RDoNA1E8fcqzInyS2pqvydhRZCG7t1y4_qybVzdWWIKB3NmB-8K9dfQIB5d2PxkwEor54e8W88QF\/w494-h329\/6%20%20%20Pessoal%20do%20Comit%C3%AA%20de%20Culura%20o%20Tocantins%20-%20Foto%20Letticia%20Japiassu.jpeg\" alt=\"\" style=\"width:426px;height:auto\"\/><\/a><\/figure>\n\n\n\n<p><em><strong>A paj\u00e9 Mar\u00edlia Pokwyj. Ela fez uma abordagem interessante sobre a medicina tradicional ind\u00edgena<\/strong><\/em><\/p>\n\n\n\n<p><strong>Adquirindo conhecimento<\/strong><\/p>\n\n\n\n<p>Esta oficina teve como resultado a aquisi\u00e7\u00e3o de conhecimento para as mulheres se cuidarem de forma natural e acess\u00edvel, buscando na natureza a cura.&nbsp; Houve canto ind\u00edgena e explica\u00e7\u00e3o sobre a cultura dos povos origin\u00e1rios da floresta. Al\u00e9m disso, durante toda a realiza\u00e7\u00e3o do evento, o p\u00fablico-alvo, composto por mulheres, participou ativamente, com perguntas \u00e0s oficineiras que esclareceram algumas d\u00favidas.<\/p>\n\n\n\n<figure class=\"wp-block-image is-resized\"><a href=\"https:\/\/blogger.googleusercontent.com\/img\/b\/R29vZ2xl\/AVvXsEgm9JMqVe24nEP-tFaUsy7ihSToiQYYRoTY8DIHx15-2R-LP4JQp2E8TzU6_m1fcyP62XXK5_jlZDiX6EfOyQ7A-N0S1ctnSqQEXXrOBvCheeUb-UWn5kKVMPAhNxocUi0yALERkcMOPoEdZk-oLUNkeu18N4UhXmZuPg_VKUoKGMPsMBYOzIDQ8ABZIC5i\/s4160\/3%20%20Pessoal%20do%20Comit%C3%AA%20de%20Culura%20o%20Tocantins%20-%20Foto%20Letticia%20Japiassu.jpeg\"><img decoding=\"async\" src=\"https:\/\/blogger.googleusercontent.com\/img\/b\/R29vZ2xl\/AVvXsEgm9JMqVe24nEP-tFaUsy7ihSToiQYYRoTY8DIHx15-2R-LP4JQp2E8TzU6_m1fcyP62XXK5_jlZDiX6EfOyQ7A-N0S1ctnSqQEXXrOBvCheeUb-UWn5kKVMPAhNxocUi0yALERkcMOPoEdZk-oLUNkeu18N4UhXmZuPg_VKUoKGMPsMBYOzIDQ8ABZIC5i\/w499-h332\/3%20%20Pessoal%20do%20Comit%C3%AA%20de%20Culura%20o%20Tocantins%20-%20Foto%20Letticia%20Japiassu.jpeg\" alt=\"\" style=\"width:840px;height:auto\"\/><\/a><\/figure>\n\n\n\n<p><strong>Empreendedorismo cultural<\/strong><\/p>\n\n\n\n<p>A coordenadora da regional sul e sudeste do Comit\u00ea de Cultura no Tocantins, e presidente da Associa\u00e7\u00e3o Gurupiense de Artes\u00e3os (AGA), Maria do Socorro Barros, discorreu sobre empreendedorismo cultural e apresentou uma amostra de produtos artesanais de sua pr\u00f3pria cria\u00e7\u00e3o e de outros&nbsp; artes\u00e3os tocantinenses. Tamb\u00e9m falou sobre t\u00e9cnicas de artesanatos e incentivou o p\u00fablico feminino a investir em arte como fonte de renda.<\/p>\n\n\n\n<figure class=\"wp-block-image is-resized\"><a href=\"https:\/\/blogger.googleusercontent.com\/img\/b\/R29vZ2xl\/AVvXsEhrSJny0PlsZo8UayKuGFY2VUfDPAHks5IOPIiUrpVmnJEk5Xn73nkViUghScshYUI-VfywFsSf-TVwM0Hfe9HrEPVu890uucPtxpV77BKxdO4ViV4HO4Pk1-H5UWTSi2lywIIDH_F9HKp3f__s-eNeNowbequihWaky-LzEgzS9aSCEQBq9gcWGzp2kESb\/s4160\/5%20%20Pessoal%20do%20Comit%C3%AA%20de%20Culura%20o%20Tocantins%20-%20Foto%20Letticia%20Japiassu.jpeg\"><img decoding=\"async\" src=\"https:\/\/blogger.googleusercontent.com\/img\/b\/R29vZ2xl\/AVvXsEhrSJny0PlsZo8UayKuGFY2VUfDPAHks5IOPIiUrpVmnJEk5Xn73nkViUghScshYUI-VfywFsSf-TVwM0Hfe9HrEPVu890uucPtxpV77BKxdO4ViV4HO4Pk1-H5UWTSi2lywIIDH_F9HKp3f__s-eNeNowbequihWaky-LzEgzS9aSCEQBq9gcWGzp2kESb\/w479-h319\/5%20%20Pessoal%20do%20Comit%C3%AA%20de%20Culura%20o%20Tocantins%20-%20Foto%20Letticia%20Japiassu.jpeg\" alt=\"\" style=\"width:840px;height:auto\"\/><\/a><\/figure>\n\n\n\n<p><em><strong>Maria do Socorro Souza Barros, coordenadora regional do Comit\u00ea de Cultura<\/strong><\/em><\/p>\n\n\n\n<figure class=\"wp-block-image is-resized\"><a href=\"https:\/\/blogger.googleusercontent.com\/img\/b\/R29vZ2xl\/AVvXsEg4qkbF3pHg87Iil9QyaiNywLALBXwe5mr_i_ehZxWmRJLJyj0bBzV15-BSTzCDOiXvWEfl0SGzqSjFZnEVnMEt5VsBpnrkW1m1lpsf46My351ZRgNzbbLv4SMe7RSa3APIeNzJ1O3sctNyFWAovtqCyJe5kbWLVkg3AVIkmyh8GlfnPPiwf1wCD27W7DGf\/s4160\/7%20%20Pessoal%20do%20Comit%C3%AA%20de%20Culura%20o%20Tocantins%20-%20Foto%20Letticia%20Japiassu.jpeg\"><img decoding=\"async\" src=\"https:\/\/blogger.googleusercontent.com\/img\/b\/R29vZ2xl\/AVvXsEg4qkbF3pHg87Iil9QyaiNywLALBXwe5mr_i_ehZxWmRJLJyj0bBzV15-BSTzCDOiXvWEfl0SGzqSjFZnEVnMEt5VsBpnrkW1m1lpsf46My351ZRgNzbbLv4SMe7RSa3APIeNzJ1O3sctNyFWAovtqCyJe5kbWLVkg3AVIkmyh8GlfnPPiwf1wCD27W7DGf\/w496-h330\/7%20%20Pessoal%20do%20Comit%C3%AA%20de%20Culura%20o%20Tocantins%20-%20Foto%20Letticia%20Japiassu.jpeg\" alt=\"\" style=\"width:840px;height:auto\"\/><\/a><\/figure>\n\n\n\n<p><strong>Presen\u00e7as ilustres<\/strong><\/p>\n\n\n\n<p>O evento foi prestigiado com a presen\u00e7a da&nbsp; Primeira-Dama do munic\u00edpio, Christiane Dias da Silva e da secret\u00e1ria municipal de Cultura,&nbsp; Maria Aparecida Machado Aires, parceiras do evento.<\/p>\n\n\n\n<p><strong>Colabora\u00e7\u00e3o<\/strong><\/p>\n\n\n\n<p>O Comit\u00ea de Cultura no Tocantins \u00e9 coordenado por Kak\u00e1 Nogueira por meio da&nbsp; Federa\u00e7\u00e3o Tocantinense de Artes C\u00eanicas (FETAC) da qual \u00e9 presidente, em parceria com a Associa\u00e7\u00e3o Gurupiense de Artes\u00e3os (AGA) e o Instituto Cultural e Social Araguaia (ISCA). Essas organiza\u00e7\u00f5es est\u00e3o unidas por um termo de colabora\u00e7\u00e3o, com dura\u00e7\u00e3o de dois anos, firmado com o Minist\u00e9rio da Cultura (MinC). Juntas, elas trabalham para implementar o Programa Nacional de Comit\u00eas de Cultura (PNCC) em diversas regi\u00f5es do Estado.<\/p>\n\n\n\n<figure class=\"wp-block-image is-resized\"><a href=\"https:\/\/blogger.googleusercontent.com\/img\/b\/R29vZ2xl\/AVvXsEg-UGAwzRl9OAVv5AGho5s8aV8i4q3wd1ai8j6glDRn9FRjwbBJifLe-tzDNbFzaH8Oe3elwQXLBiERKfdXEx63R0XgOP9REDWbrvgxIQ-adYNV0s-BSEnqH6nkaIwjO6OuDUZ7WVlcWdiK2X72ybF2bT0KN4AtNW_2SPvpaenJQBh-5LSuQBGO3-3Wi6vl\/s4160\/1%20FOTO%20PRINCIPAL%20DO%20COMITE%20DE%20CULTURA%20FOTO%20LETTICIA%20JAPIASSU.jpeg\"><img decoding=\"async\" src=\"https:\/\/blogger.googleusercontent.com\/img\/b\/R29vZ2xl\/AVvXsEg-UGAwzRl9OAVv5AGho5s8aV8i4q3wd1ai8j6glDRn9FRjwbBJifLe-tzDNbFzaH8Oe3elwQXLBiERKfdXEx63R0XgOP9REDWbrvgxIQ-adYNV0s-BSEnqH6nkaIwjO6OuDUZ7WVlcWdiK2X72ybF2bT0KN4AtNW_2SPvpaenJQBh-5LSuQBGO3-3Wi6vl\/w518-h344\/1%20FOTO%20PRINCIPAL%20DO%20COMITE%20DE%20CULTURA%20FOTO%20LETTICIA%20JAPIASSU.jpeg\" alt=\"\" style=\"width:840px;height:auto\"\/><\/a><\/figure>\n\n\n\n<figure class=\"wp-block-image is-resized\"><a href=\"https:\/\/blogger.googleusercontent.com\/img\/b\/R29vZ2xl\/AVvXsEhpOKbWqSGCJ0u-I8s9C6RxxBErimZH7Bg3wuxPlVoonpBctO0BIGxRxAdYl27j14a1CAztdGycqtduG3e9jdZcBoAa3RvWgG55JrepUnkFiq_dMwXUW3kX0EM4uWYBLPcVAIFbrq3gxtB-GwMLhwaALj5KPlFx7H2ttmbQ_77S6LE9VCNV_OVQE3EMFA4J\/s4032\/9%20%20Pessoal%20do%20Comit%C3%AA%20de%20Culura%20o%20Tocantins%20-%20Foto%20Letticia%20Japiassu.jpeg\"><img decoding=\"async\" src=\"https:\/\/blogger.googleusercontent.com\/img\/b\/R29vZ2xl\/AVvXsEhpOKbWqSGCJ0u-I8s9C6RxxBErimZH7Bg3wuxPlVoonpBctO0BIGxRxAdYl27j14a1CAztdGycqtduG3e9jdZcBoAa3RvWgG55JrepUnkFiq_dMwXUW3kX0EM4uWYBLPcVAIFbrq3gxtB-GwMLhwaALj5KPlFx7H2ttmbQ_77S6LE9VCNV_OVQE3EMFA4J\/w512-h911\/9%20%20Pessoal%20do%20Comit%C3%AA%20de%20Culura%20o%20Tocantins%20-%20Foto%20Letticia%20Japiassu.jpeg\" alt=\"\" style=\"width:840px;height:auto\"\/><\/a><\/figure>\n\n\n\n<p><\/p>\n\n\n\n<figure class=\"wp-block-image is-resized\"><a href=\"https:\/\/blogger.googleusercontent.com\/img\/b\/R29vZ2xl\/AVvXsEg59a4VCcgaDYKPuKrqLMRbjBU0Qde33VaqsfxUM_UpITO_uoJZbJygsgd07iHsdIZKxhbOOgrEI3xW2Tnr0czBh53uxM_MM0PfVfwbztre4zWqj5M0QLdSuRWE2WH4NzY8kbRspH6QneS0vHBGf-YXwdqpu31GO94tOhLEoHVB36wm8T1vwyXLJ72qjICA\/s4160\/xxxxxxxxxx.jfif\"><img decoding=\"async\" src=\"https:\/\/blogger.googleusercontent.com\/img\/b\/R29vZ2xl\/AVvXsEg59a4VCcgaDYKPuKrqLMRbjBU0Qde33VaqsfxUM_UpITO_uoJZbJygsgd07iHsdIZKxhbOOgrEI3xW2Tnr0czBh53uxM_MM0PfVfwbztre4zWqj5M0QLdSuRWE2WH4NzY8kbRspH6QneS0vHBGf-YXwdqpu31GO94tOhLEoHVB36wm8T1vwyXLJ72qjICA\/w505-h336\/xxxxxxxxxx.jfif\" alt=\"\" style=\"width:840px;height:auto\"\/><\/a><\/figure>\n\n\n\n<figure class=\"wp-block-image size-full\"><img loading=\"lazy\" decoding=\"async\" width=\"843\" height=\"251\" src=\"https:\/\/focotocantinense.com.br\/wp-content\/uploads\/2025\/03\/midia-vinicius-3.jpg\" alt=\"\" class=\"wp-image-9781\" srcset=\"https:\/\/focotocantinense.com.br\/wp-content\/uploads\/2025\/03\/midia-vinicius-3.jpg 843w, https:\/\/focotocantinense.com.br\/wp-content\/uploads\/2025\/03\/midia-vinicius-3-300x89.jpg 300w, https:\/\/focotocantinense.com.br\/wp-content\/uploads\/2025\/03\/midia-vinicius-3-768x229.jpg 768w\" sizes=\"auto, (max-width: 843px) 100vw, 843px\" \/><\/figure>\n","protected":false},"excerpt":{"rendered":"<p>Por Zacarias Martins &#8211; Fotos: Lett\u00edcia Japiassu Na tarde de ter\u00e7a-feira, 25, o Plen\u00e1rio da C\u00e2mara Municipal de Santa Rita do Tocantins foi o palco de uma movimentada a\u00e7\u00e3o promovida pela regional Sul e Sudeste do Comit\u00ea de Cultura no Tocantins, dentro da programa\u00e7\u00e3o do M\u00eas da Mulher, com a realiza\u00e7\u00e3o da oficina aliada a &hellip;<\/p>\n","protected":false},"author":5,"featured_media":9800,"comment_status":"open","ping_status":"open","sticky":false,"template":"","format":"standard","meta":{"footnotes":""},"categories":[1],"tags":[],"class_list":["post-9799","post","type-post","status-publish","format-standard","has-post-thumbnail","","category-sem-categoria"],"_links":{"self":[{"href":"https:\/\/focotocantinense.com.br\/index.php?rest_route=\/wp\/v2\/posts\/9799","targetHints":{"allow":["GET"]}}],"collection":[{"href":"https:\/\/focotocantinense.com.br\/index.php?rest_route=\/wp\/v2\/posts"}],"about":[{"href":"https:\/\/focotocantinense.com.br\/index.php?rest_route=\/wp\/v2\/types\/post"}],"author":[{"embeddable":true,"href":"https:\/\/focotocantinense.com.br\/index.php?rest_route=\/wp\/v2\/users\/5"}],"replies":[{"embeddable":true,"href":"https:\/\/focotocantinense.com.br\/index.php?rest_route=%2Fwp%2Fv2%2Fcomments&post=9799"}],"version-history":[{"count":4,"href":"https:\/\/focotocantinense.com.br\/index.php?rest_route=\/wp\/v2\/posts\/9799\/revisions"}],"predecessor-version":[{"id":9805,"href":"https:\/\/focotocantinense.com.br\/index.php?rest_route=\/wp\/v2\/posts\/9799\/revisions\/9805"}],"wp:featuredmedia":[{"embeddable":true,"href":"https:\/\/focotocantinense.com.br\/index.php?rest_route=\/wp\/v2\/media\/9800"}],"wp:attachment":[{"href":"https:\/\/focotocantinense.com.br\/index.php?rest_route=%2Fwp%2Fv2%2Fmedia&parent=9799"}],"wp:term":[{"taxonomy":"category","embeddable":true,"href":"https:\/\/focotocantinense.com.br\/index.php?rest_route=%2Fwp%2Fv2%2Fcategories&post=9799"},{"taxonomy":"post_tag","embeddable":true,"href":"https:\/\/focotocantinense.com.br\/index.php?rest_route=%2Fwp%2Fv2%2Ftags&post=9799"}],"curies":[{"name":"wp","href":"https:\/\/api.w.org\/{rel}","templated":true}]}}