{"id":9785,"date":"2025-03-25T21:24:36","date_gmt":"2025-03-26T00:24:36","guid":{"rendered":"https:\/\/focotocantinense.com.br\/?p=9785"},"modified":"2025-03-25T21:30:06","modified_gmt":"2025-03-26T00:30:06","slug":"escritora-ana-marcia-barros-leva-projeto-leia-mulheres-negras-a-escola-estadual-joaquim-pereira-da-costa","status":"publish","type":"post","link":"https:\/\/focotocantinense.com.br\/?p=9785","title":{"rendered":"Escritora Ana M\u00e1rcia Barros Leva Projeto Leia Mulheres Negras \u00e0 Escola Estadual Joaquim Pereira da Costa"},"content":{"rendered":"\n<p>A escritora &nbsp;Ana M\u00e1rcia Barros, esteve nesta ter\u00e7a-feira (25), na Escola Estadual Joaquim Pereira da Costa, localizada no setor Sol Nascente em Gurupi, onde colocou em pr\u00e1tica o Projeto Leia Mulheres Negras, que foi contemplado pelo Edital da Pol\u00edtica &nbsp;Aldir Blanc 2024, &nbsp;com recursos do Minist\u00e9rio da Cultura (MinC), operacionalizados pela Secretaria de Cultura do Tocantins (Secult).<\/p>\n\n\n\n<figure class=\"wp-block-image size-large is-resized\"><img loading=\"lazy\" decoding=\"async\" width=\"768\" height=\"1024\" src=\"https:\/\/focotocantinense.com.br\/wp-content\/uploads\/2025\/03\/1ANA-MARCIA-768x1024.jpeg\" alt=\"\" class=\"wp-image-9788\" style=\"width:381px;height:auto\" srcset=\"https:\/\/focotocantinense.com.br\/wp-content\/uploads\/2025\/03\/1ANA-MARCIA-768x1024.jpeg 768w, https:\/\/focotocantinense.com.br\/wp-content\/uploads\/2025\/03\/1ANA-MARCIA-225x300.jpeg 225w, https:\/\/focotocantinense.com.br\/wp-content\/uploads\/2025\/03\/1ANA-MARCIA-1152x1536.jpeg 1152w, https:\/\/focotocantinense.com.br\/wp-content\/uploads\/2025\/03\/1ANA-MARCIA.jpeg 1200w\" sizes=\"auto, (max-width: 768px) 100vw, 768px\" \/><\/figure>\n\n\n\n<p><\/p>\n\n\n\n<p>Ana M\u00e1rcia explica que &nbsp;o foco do projeto \u00e9 incentivar a literatura da mulher &nbsp;afro-brasileira e fomentar a discuss\u00e3o e a aprecia\u00e7\u00e3o de textos de &nbsp;escritoras negras que muitas vezes foram invisibilizadas n\u00e3o s\u00f3 nas escolas, mas tamb\u00e9m na literatura brasileira em geral.<\/p>\n\n\n\n<figure class=\"wp-block-image size-large\"><img loading=\"lazy\" decoding=\"async\" width=\"768\" height=\"1024\" src=\"https:\/\/focotocantinense.com.br\/wp-content\/uploads\/2025\/03\/2-ANA-MARCIA-768x1024.jpeg\" alt=\"\" class=\"wp-image-9793\" srcset=\"https:\/\/focotocantinense.com.br\/wp-content\/uploads\/2025\/03\/2-ANA-MARCIA-768x1024.jpeg 768w, https:\/\/focotocantinense.com.br\/wp-content\/uploads\/2025\/03\/2-ANA-MARCIA-225x300.jpeg 225w, https:\/\/focotocantinense.com.br\/wp-content\/uploads\/2025\/03\/2-ANA-MARCIA-1152x1536.jpeg 1152w, https:\/\/focotocantinense.com.br\/wp-content\/uploads\/2025\/03\/2-ANA-MARCIA.jpeg 1200w\" sizes=\"auto, (max-width: 768px) 100vw, 768px\" \/><\/figure>\n\n\n\n<p><\/p>\n\n\n\n<p><strong>PERFIL DA AUTORA<\/strong><br>Ana M\u00e1rcia Barros&nbsp; \u00e9 poeta, estreou oficialmente no mundo da literatura, em meados de 1998, quando participou da Antologia Liter\u00e1ria Internacional Del&#8217;Secchi, organizada em Vassouras (RJ), por Roberto de Castro Del&#8217;Secch. Nesse mesmo ano, participou da Antologia Mensageiro em Prosa &amp; Verso, publicada em Porto Alegre (RS), pelo editor Arthur Filho. J\u00e1 em 1999, participou do livro 2\u00ba Encontro de Escritores, publicado pela Livraria e Editora Borkc, da cidade ga\u00facha de S\u00e3o Luiz Gonzaga. Tamb\u00e9m nesse mesmo ano, teve trabalhos inseridos no primeiro volume da Antologia Liter\u00e1ria da Universidade do Paran\u00e1 &#8211; Unipar e no Anu\u00e1rio de Poetas e Escritores de Gurupi. \u00c9 verbete no Dicion\u00e1rio Biobibliogr\u00e1fico de Autores Brasileiros Contempor\u00e2neos, publicado em 1997 em Teresina (PI), sob a organiza\u00e7\u00e3o de Adri\u00e3o Neto, da Academia Piauiense de Letras. Tamb\u00e9m se encontra presente no Endere\u00e7\u00e1rio Cultural, publicado em Santa Catarina pelo ativista cultural Abel Pereira. \u00c9 titular da Academia Gurupiense de Letras, onde ocupa a Cadeira de n\u00ba 05. Pertence ainda, a Academia Petropolitana de Poesia Raul de Leoni (RJ), Associa\u00e7\u00e3o de Escritores do Amazonas, Casa do Poeta Belmiro Braga, de Juiz de Fora (MG), Casa do Poeta e do Escritor de Ribeiro Preto (SP) e Sociedade de Cultura Latina do Brasil. Integrou o Col\u00e9gio Eleitoral do Pr\u00eamio Multicultural Estad\u00e3o 2000. \u00c9 autora do livro Caminhos (poesias), publicado em 2000, dentre outros.<\/p>\n\n\n\n<figure class=\"wp-block-image size-large\"><img loading=\"lazy\" decoding=\"async\" width=\"768\" height=\"1024\" src=\"https:\/\/focotocantinense.com.br\/wp-content\/uploads\/2025\/03\/4-ana-marcia-768x1024.jpeg\" alt=\"\" class=\"wp-image-9795\" srcset=\"https:\/\/focotocantinense.com.br\/wp-content\/uploads\/2025\/03\/4-ana-marcia-768x1024.jpeg 768w, https:\/\/focotocantinense.com.br\/wp-content\/uploads\/2025\/03\/4-ana-marcia-225x300.jpeg 225w, https:\/\/focotocantinense.com.br\/wp-content\/uploads\/2025\/03\/4-ana-marcia-1152x1536.jpeg 1152w, https:\/\/focotocantinense.com.br\/wp-content\/uploads\/2025\/03\/4-ana-marcia.jpeg 1200w\" sizes=\"auto, (max-width: 768px) 100vw, 768px\" \/><\/figure>\n\n\n\n<figure class=\"wp-block-image size-large\"><img loading=\"lazy\" decoding=\"async\" width=\"768\" height=\"1024\" src=\"https:\/\/focotocantinense.com.br\/wp-content\/uploads\/2025\/03\/3-ANA-MARCIA-768x1024.jpeg\" alt=\"\" class=\"wp-image-9797\" srcset=\"https:\/\/focotocantinense.com.br\/wp-content\/uploads\/2025\/03\/3-ANA-MARCIA-768x1024.jpeg 768w, https:\/\/focotocantinense.com.br\/wp-content\/uploads\/2025\/03\/3-ANA-MARCIA-225x300.jpeg 225w, https:\/\/focotocantinense.com.br\/wp-content\/uploads\/2025\/03\/3-ANA-MARCIA-1152x1536.jpeg 1152w, https:\/\/focotocantinense.com.br\/wp-content\/uploads\/2025\/03\/3-ANA-MARCIA.jpeg 1200w\" sizes=\"auto, (max-width: 768px) 100vw, 768px\" \/><\/figure>\n","protected":false},"excerpt":{"rendered":"<p>A escritora &nbsp;Ana M\u00e1rcia Barros, esteve nesta ter\u00e7a-feira (25), na Escola Estadual Joaquim Pereira da Costa, localizada no setor Sol Nascente em Gurupi, onde colocou em pr\u00e1tica o Projeto Leia Mulheres Negras, que foi contemplado pelo Edital da Pol\u00edtica &nbsp;Aldir Blanc 2024, &nbsp;com recursos do Minist\u00e9rio da Cultura (MinC), operacionalizados pela Secretaria de Cultura do &hellip;<\/p>\n","protected":false},"author":5,"featured_media":9786,"comment_status":"open","ping_status":"open","sticky":false,"template":"","format":"standard","meta":{"footnotes":""},"categories":[38],"tags":[],"class_list":["post-9785","post","type-post","status-publish","format-standard","has-post-thumbnail","","category-gurupi"],"_links":{"self":[{"href":"https:\/\/focotocantinense.com.br\/index.php?rest_route=\/wp\/v2\/posts\/9785","targetHints":{"allow":["GET"]}}],"collection":[{"href":"https:\/\/focotocantinense.com.br\/index.php?rest_route=\/wp\/v2\/posts"}],"about":[{"href":"https:\/\/focotocantinense.com.br\/index.php?rest_route=\/wp\/v2\/types\/post"}],"author":[{"embeddable":true,"href":"https:\/\/focotocantinense.com.br\/index.php?rest_route=\/wp\/v2\/users\/5"}],"replies":[{"embeddable":true,"href":"https:\/\/focotocantinense.com.br\/index.php?rest_route=%2Fwp%2Fv2%2Fcomments&post=9785"}],"version-history":[{"count":7,"href":"https:\/\/focotocantinense.com.br\/index.php?rest_route=\/wp\/v2\/posts\/9785\/revisions"}],"predecessor-version":[{"id":9798,"href":"https:\/\/focotocantinense.com.br\/index.php?rest_route=\/wp\/v2\/posts\/9785\/revisions\/9798"}],"wp:featuredmedia":[{"embeddable":true,"href":"https:\/\/focotocantinense.com.br\/index.php?rest_route=\/wp\/v2\/media\/9786"}],"wp:attachment":[{"href":"https:\/\/focotocantinense.com.br\/index.php?rest_route=%2Fwp%2Fv2%2Fmedia&parent=9785"}],"wp:term":[{"taxonomy":"category","embeddable":true,"href":"https:\/\/focotocantinense.com.br\/index.php?rest_route=%2Fwp%2Fv2%2Fcategories&post=9785"},{"taxonomy":"post_tag","embeddable":true,"href":"https:\/\/focotocantinense.com.br\/index.php?rest_route=%2Fwp%2Fv2%2Ftags&post=9785"}],"curies":[{"name":"wp","href":"https:\/\/api.w.org\/{rel}","templated":true}]}}