{"id":9777,"date":"2025-03-23T09:27:53","date_gmt":"2025-03-23T12:27:53","guid":{"rendered":"https:\/\/focotocantinense.com.br\/?p=9777"},"modified":"2025-03-23T09:29:10","modified_gmt":"2025-03-23T12:29:10","slug":"prefeita-josi-nunes-visita-obras-de-ampliacao-da-escola-municipal-elizeu-de-carvalho-no-setor-industrial","status":"publish","type":"post","link":"https:\/\/focotocantinense.com.br\/?p=9777","title":{"rendered":"Prefeita Josi Nunes visita obras de amplia\u00e7\u00e3o da Escola Municipal Elizeu de Carvalho no setor Industrial"},"content":{"rendered":"\n<p>Nesta sexta-feira, 21, a prefeita de Gurupi, Josi Nunes, acompanhada pelo secret\u00e1rio municipal de Educa\u00e7\u00e3o, Samuel Rodrigues, e pela Diretora Pedag\u00f3gica da Secretaria, Meire L\u00facia Andrade, visitou as obras de amplia\u00e7\u00e3o da Escola Municipal Elizeu de Carvalho, localizada no setor Industrial. A obra, realizada com recursos destinados pelo deputado federal Carlos Gaguim, contempla a constru\u00e7\u00e3o de cinco novas salas de aula, setor administrativo, cantina, banheiros e uma quadra coberta.<br><br>A prefeita Josi Nunes destacou a import\u00e2ncia da amplia\u00e7\u00e3o para atender a um antigo desejo da comunidade, possibilitando a oferta de novas s\u00e9ries na unidade. Atualmente, a escola atende alunos do ensino infantil ao 5\u00ba ano, e com a obra, passar\u00e1 a ofertar turmas at\u00e9 o 9\u00ba ano. &#8220;Essa amplia\u00e7\u00e3o \u00e9 fundamental para garantir que nossas crian\u00e7as e adolescentes possam concluir o ensino fundamental sem a necessidade de mudar de unidade escolar&#8221;, afirmou a prefeita.<\/p>\n\n\n\n<figure class=\"wp-block-image size-large is-resized\"><img loading=\"lazy\" decoding=\"async\" width=\"1024\" height=\"639\" src=\"https:\/\/focotocantinense.com.br\/wp-content\/uploads\/2025\/03\/WhatsApp-Image-2025-03-21-at-18.33.57-1024x639.jpeg\" alt=\"\" class=\"wp-image-9778\" style=\"width:361px;height:auto\" srcset=\"https:\/\/focotocantinense.com.br\/wp-content\/uploads\/2025\/03\/WhatsApp-Image-2025-03-21-at-18.33.57-1024x639.jpeg 1024w, https:\/\/focotocantinense.com.br\/wp-content\/uploads\/2025\/03\/WhatsApp-Image-2025-03-21-at-18.33.57-300x187.jpeg 300w, https:\/\/focotocantinense.com.br\/wp-content\/uploads\/2025\/03\/WhatsApp-Image-2025-03-21-at-18.33.57-768x479.jpeg 768w, https:\/\/focotocantinense.com.br\/wp-content\/uploads\/2025\/03\/WhatsApp-Image-2025-03-21-at-18.33.57-1536x958.jpeg 1536w, https:\/\/focotocantinense.com.br\/wp-content\/uploads\/2025\/03\/WhatsApp-Image-2025-03-21-at-18.33.57.jpeg 1600w\" sizes=\"auto, (max-width: 1024px) 100vw, 1024px\" \/><\/figure>\n\n\n\n<p><br>O secret\u00e1rio municipal de Educa\u00e7\u00e3o, Samuel Rodrigues, refor\u00e7ou a relev\u00e2ncia da obra para a comunidade escolar, destacando que a amplia\u00e7\u00e3o evitar\u00e1 que os alunos tenham que se deslocar para outras escolas a partir do 6\u00ba ano, reduzindo a necessidade do uso de transporte escolar. &#8220;Proporcionar o ciclo completo do ensino fundamental dentro do pr\u00f3prio setor \u00e9 uma conquista importante para os estudantes e suas fam\u00edlias, garantindo comodidade e melhor aproveitamento do aprendizado&#8221;, frisou o secret\u00e1rio.<\/p>\n\n\n\n<p><\/p>\n\n\n\n<figure class=\"wp-block-image size-full\"><img loading=\"lazy\" decoding=\"async\" width=\"843\" height=\"251\" src=\"https:\/\/focotocantinense.com.br\/wp-content\/uploads\/2025\/03\/midia-vinicius-3.jpg\" alt=\"\" class=\"wp-image-9781\" srcset=\"https:\/\/focotocantinense.com.br\/wp-content\/uploads\/2025\/03\/midia-vinicius-3.jpg 843w, https:\/\/focotocantinense.com.br\/wp-content\/uploads\/2025\/03\/midia-vinicius-3-300x89.jpg 300w, https:\/\/focotocantinense.com.br\/wp-content\/uploads\/2025\/03\/midia-vinicius-3-768x229.jpg 768w\" sizes=\"auto, (max-width: 843px) 100vw, 843px\" \/><\/figure>\n","protected":false},"excerpt":{"rendered":"<p>Nesta sexta-feira, 21, a prefeita de Gurupi, Josi Nunes, acompanhada pelo secret\u00e1rio municipal de Educa\u00e7\u00e3o, Samuel Rodrigues, e pela Diretora Pedag\u00f3gica da Secretaria, Meire L\u00facia Andrade, visitou as obras de amplia\u00e7\u00e3o da Escola Municipal Elizeu de Carvalho, localizada no setor Industrial. A obra, realizada com recursos destinados pelo deputado federal Carlos Gaguim, contempla a constru\u00e7\u00e3o &hellip;<\/p>\n","protected":false},"author":5,"featured_media":9778,"comment_status":"open","ping_status":"open","sticky":false,"template":"","format":"standard","meta":{"footnotes":""},"categories":[1],"tags":[],"class_list":["post-9777","post","type-post","status-publish","format-standard","has-post-thumbnail","","category-sem-categoria"],"_links":{"self":[{"href":"https:\/\/focotocantinense.com.br\/index.php?rest_route=\/wp\/v2\/posts\/9777","targetHints":{"allow":["GET"]}}],"collection":[{"href":"https:\/\/focotocantinense.com.br\/index.php?rest_route=\/wp\/v2\/posts"}],"about":[{"href":"https:\/\/focotocantinense.com.br\/index.php?rest_route=\/wp\/v2\/types\/post"}],"author":[{"embeddable":true,"href":"https:\/\/focotocantinense.com.br\/index.php?rest_route=\/wp\/v2\/users\/5"}],"replies":[{"embeddable":true,"href":"https:\/\/focotocantinense.com.br\/index.php?rest_route=%2Fwp%2Fv2%2Fcomments&post=9777"}],"version-history":[{"count":4,"href":"https:\/\/focotocantinense.com.br\/index.php?rest_route=\/wp\/v2\/posts\/9777\/revisions"}],"predecessor-version":[{"id":9784,"href":"https:\/\/focotocantinense.com.br\/index.php?rest_route=\/wp\/v2\/posts\/9777\/revisions\/9784"}],"wp:featuredmedia":[{"embeddable":true,"href":"https:\/\/focotocantinense.com.br\/index.php?rest_route=\/wp\/v2\/media\/9778"}],"wp:attachment":[{"href":"https:\/\/focotocantinense.com.br\/index.php?rest_route=%2Fwp%2Fv2%2Fmedia&parent=9777"}],"wp:term":[{"taxonomy":"category","embeddable":true,"href":"https:\/\/focotocantinense.com.br\/index.php?rest_route=%2Fwp%2Fv2%2Fcategories&post=9777"},{"taxonomy":"post_tag","embeddable":true,"href":"https:\/\/focotocantinense.com.br\/index.php?rest_route=%2Fwp%2Fv2%2Ftags&post=9777"}],"curies":[{"name":"wp","href":"https:\/\/api.w.org\/{rel}","templated":true}]}}