{"id":9768,"date":"2025-03-21T18:39:17","date_gmt":"2025-03-21T21:39:17","guid":{"rendered":"https:\/\/focotocantinense.com.br\/?p=9768"},"modified":"2025-03-21T18:40:30","modified_gmt":"2025-03-21T21:40:30","slug":"comite-de-cultura-no-tocantins-participa-do-i-encontro-regional-norte-de-agentes-territoriais-de-cultura-em-belem-pa","status":"publish","type":"post","link":"https:\/\/focotocantinense.com.br\/?p=9768","title":{"rendered":"Comit\u00ea de Cultura no Tocantins participa do I Encontro Regional Norte de Agentes Territoriais de Cultura em Bel\u00e9m (PA)"},"content":{"rendered":"\n<p>O Comit\u00ea de Cultura no Tocantins marcou presen\u00e7a no I Encontro Regional Norte de Agentes Territoriais de Cultura, realizado entre os dias 18 e 20 de mar\u00e7o de 2025, em Bel\u00e9m, Par\u00e1. O evento, promovido pelo Minist\u00e9rio da Cultura (MinC) em parceria com o Instituto Federal do Par\u00e1 (IFPA), reuniu representantes culturais dos estados da Regi\u00e3o Norte, incluindo Amazonas, Acre, Amap\u00e1, Par\u00e1, Rond\u00f4nia, Roraima e Tocantins.<\/p>\n\n\n\n<p>Durante o encontro, Kak\u00e1 Nogueira, coordenador-geral do Comit\u00ea de Cultura no Tocantins e presidente da Federa\u00e7\u00e3o Tocantinense de Artes C\u00eanicas (Fetac), apresentou o papel do Comit\u00ea no estado. Ele destacou a import\u00e2ncia da descentraliza\u00e7\u00e3o das a\u00e7\u00f5es culturais, visando alcan\u00e7ar todas as comunidades tocantinenses.<\/p>\n\n\n\n<figure class=\"wp-block-image size-large is-resized\"><img loading=\"lazy\" decoding=\"async\" width=\"1024\" height=\"768\" src=\"https:\/\/focotocantinense.com.br\/wp-content\/uploads\/2025\/03\/WhatsApp-Image-2025-03-20-at-16.01.33-1-1024x768.jpeg\" alt=\"\" class=\"wp-image-9771\" style=\"width:374px;height:auto\" srcset=\"https:\/\/focotocantinense.com.br\/wp-content\/uploads\/2025\/03\/WhatsApp-Image-2025-03-20-at-16.01.33-1-1024x768.jpeg 1024w, https:\/\/focotocantinense.com.br\/wp-content\/uploads\/2025\/03\/WhatsApp-Image-2025-03-20-at-16.01.33-1-300x225.jpeg 300w, https:\/\/focotocantinense.com.br\/wp-content\/uploads\/2025\/03\/WhatsApp-Image-2025-03-20-at-16.01.33-1-768x576.jpeg 768w, https:\/\/focotocantinense.com.br\/wp-content\/uploads\/2025\/03\/WhatsApp-Image-2025-03-20-at-16.01.33-1-1536x1152.jpeg 1536w, https:\/\/focotocantinense.com.br\/wp-content\/uploads\/2025\/03\/WhatsApp-Image-2025-03-20-at-16.01.33-1.jpeg 1600w\" sizes=\"auto, (max-width: 1024px) 100vw, 1024px\" \/><\/figure>\n\n\n\n<p><\/p>\n\n\n\n<p>Na ocasi\u00e3o, Kak\u00e1 enfatizou que a forma\u00e7\u00e3o popular, a mobiliza\u00e7\u00e3o social e uma comunica\u00e7\u00e3o simplificada s\u00e3o essenciais para garantir que as pol\u00edticas culturais cheguem a todos os cidad\u00e3os. \u201cA nossa participa\u00e7\u00e3o no evento refor\u00e7a o compromisso do estado em promover e fortalecer as pol\u00edticas culturais, garantindo que elas sejam efetivas e alcancem todas as regi\u00f5es tocantinenses\u201d, alega Kak\u00e1.<\/p>\n\n\n\n<p>Al\u00e9m da participa\u00e7\u00e3o como representante do Comit\u00ea, Kak\u00e1 contribuiu no Encontro como produtor e gestor cultural, por meio de oficina sobre como elaborar projetos culturais, via abordagem de forma simples cada etapa da inscri\u00e7\u00e3o, a execu\u00e7\u00e3o \u00e0 presta\u00e7\u00e3o de contas.<\/p>\n\n\n\n<p>Al\u00e9m de Kak\u00e1, tamb\u00e9m representaram o Tocantins no encontro o coordenador dos Agentes Territoriais no Tocantins, o professor Sebasti\u00e3o Silva; e agentes de Cultura de todas as regi\u00f5es do Tocantins, como Aldi, Vit\u00f3ria Louren\u00e7o, C\u00e1ssio Renato Cerqueira, Bely Bittencourt, Cl\u00e1udio Macagi, Denise Nunes Brito, Gesilene Silva, Rodrigo Paschoal, Wanda Mambanegra e Kallyel Henrik.<\/p>\n\n\n\n<figure class=\"wp-block-image size-large\"><img loading=\"lazy\" decoding=\"async\" width=\"1024\" height=\"768\" src=\"https:\/\/focotocantinense.com.br\/wp-content\/uploads\/2025\/03\/WhatsApp-Image-2025-03-20-at-09.35.54-1024x768.jpeg\" alt=\"\" class=\"wp-image-9774\" srcset=\"https:\/\/focotocantinense.com.br\/wp-content\/uploads\/2025\/03\/WhatsApp-Image-2025-03-20-at-09.35.54-1024x768.jpeg 1024w, https:\/\/focotocantinense.com.br\/wp-content\/uploads\/2025\/03\/WhatsApp-Image-2025-03-20-at-09.35.54-300x225.jpeg 300w, https:\/\/focotocantinense.com.br\/wp-content\/uploads\/2025\/03\/WhatsApp-Image-2025-03-20-at-09.35.54-768x576.jpeg 768w, https:\/\/focotocantinense.com.br\/wp-content\/uploads\/2025\/03\/WhatsApp-Image-2025-03-20-at-09.35.54-1536x1152.jpeg 1536w, https:\/\/focotocantinense.com.br\/wp-content\/uploads\/2025\/03\/WhatsApp-Image-2025-03-20-at-09.35.54.jpeg 1600w\" sizes=\"auto, (max-width: 1024px) 100vw, 1024px\" \/><\/figure>\n\n\n\n<p><\/p>\n\n\n\n<p><strong>Encontro<\/strong><\/p>\n\n\n\n<p>O I Encontro Regional Norte de Agentes Territoriais de Cultura teve como objetivo fortalecer a articula\u00e7\u00e3o e a troca de experi\u00eancias entre agentes culturais e representantes dos Comit\u00eas de Cultura, considerando a diversidade e as caracter\u00edsticas de cada territ\u00f3rio. A programa\u00e7\u00e3o incluiu oficinas pr\u00e1ticas, reuni\u00f5es pedag\u00f3gicas, rodas de conversa, pain\u00e9is, apresenta\u00e7\u00f5es culturais e visitas a projetos locais.<\/p>\n\n\n\n<p><strong>Sobre o Comit\u00ea de Cultura<\/strong><\/p>\n\n\n\n<p>O Comit\u00ea de Cultura no Tocantins \u00e9 resultado de uma parceria entre a Federa\u00e7\u00e3o Tocantinense de Artes C\u00eanicas (FETAC), a Associa\u00e7\u00e3o Gurupiense de Artes\u00e3os (AGA) e o Instituto Social Cultural Araguaia (ISCA). Com sede em Palmas, sob a coordena\u00e7\u00e3o geral de Kak\u00e1 Nogueira, Wanderson Ramos e uma equipe gestora, o comit\u00ea faz parte do Programa Nacional de Comit\u00eas de Cultura do Minist\u00e9rio da Cultura e conta com representa\u00e7\u00f5es regionais: uma em Gurupi, que cobre as regi\u00f5es sul e sudeste do estado, e outra em Aragua\u00edna, respons\u00e1vel pela atua\u00e7\u00e3o no norte do Tocantins.<\/p>\n\n\n\n<figure class=\"wp-block-image size-full\"><img loading=\"lazy\" decoding=\"async\" width=\"843\" height=\"251\" src=\"https:\/\/focotocantinense.com.br\/wp-content\/uploads\/2025\/03\/midia-vinicius-2.jpg\" alt=\"\" class=\"wp-image-9769\" srcset=\"https:\/\/focotocantinense.com.br\/wp-content\/uploads\/2025\/03\/midia-vinicius-2.jpg 843w, https:\/\/focotocantinense.com.br\/wp-content\/uploads\/2025\/03\/midia-vinicius-2-300x89.jpg 300w, https:\/\/focotocantinense.com.br\/wp-content\/uploads\/2025\/03\/midia-vinicius-2-768x229.jpg 768w\" sizes=\"auto, (max-width: 843px) 100vw, 843px\" \/><\/figure>\n","protected":false},"excerpt":{"rendered":"<p>O Comit\u00ea de Cultura no Tocantins marcou presen\u00e7a no I Encontro Regional Norte de Agentes Territoriais de Cultura, realizado entre os dias 18 e 20 de mar\u00e7o de 2025, em Bel\u00e9m, Par\u00e1. O evento, promovido pelo Minist\u00e9rio da Cultura (MinC) em parceria com o Instituto Federal do Par\u00e1 (IFPA), reuniu representantes culturais dos estados da &hellip;<\/p>\n","protected":false},"author":5,"featured_media":9766,"comment_status":"open","ping_status":"open","sticky":false,"template":"","format":"standard","meta":{"footnotes":""},"categories":[1],"tags":[],"class_list":["post-9768","post","type-post","status-publish","format-standard","has-post-thumbnail","","category-sem-categoria"],"_links":{"self":[{"href":"https:\/\/focotocantinense.com.br\/index.php?rest_route=\/wp\/v2\/posts\/9768","targetHints":{"allow":["GET"]}}],"collection":[{"href":"https:\/\/focotocantinense.com.br\/index.php?rest_route=\/wp\/v2\/posts"}],"about":[{"href":"https:\/\/focotocantinense.com.br\/index.php?rest_route=\/wp\/v2\/types\/post"}],"author":[{"embeddable":true,"href":"https:\/\/focotocantinense.com.br\/index.php?rest_route=\/wp\/v2\/users\/5"}],"replies":[{"embeddable":true,"href":"https:\/\/focotocantinense.com.br\/index.php?rest_route=%2Fwp%2Fv2%2Fcomments&post=9768"}],"version-history":[{"count":4,"href":"https:\/\/focotocantinense.com.br\/index.php?rest_route=\/wp\/v2\/posts\/9768\/revisions"}],"predecessor-version":[{"id":9776,"href":"https:\/\/focotocantinense.com.br\/index.php?rest_route=\/wp\/v2\/posts\/9768\/revisions\/9776"}],"wp:featuredmedia":[{"embeddable":true,"href":"https:\/\/focotocantinense.com.br\/index.php?rest_route=\/wp\/v2\/media\/9766"}],"wp:attachment":[{"href":"https:\/\/focotocantinense.com.br\/index.php?rest_route=%2Fwp%2Fv2%2Fmedia&parent=9768"}],"wp:term":[{"taxonomy":"category","embeddable":true,"href":"https:\/\/focotocantinense.com.br\/index.php?rest_route=%2Fwp%2Fv2%2Fcategories&post=9768"},{"taxonomy":"post_tag","embeddable":true,"href":"https:\/\/focotocantinense.com.br\/index.php?rest_route=%2Fwp%2Fv2%2Ftags&post=9768"}],"curies":[{"name":"wp","href":"https:\/\/api.w.org\/{rel}","templated":true}]}}