{"id":9756,"date":"2025-03-20T16:53:07","date_gmt":"2025-03-20T19:53:07","guid":{"rendered":"https:\/\/focotocantinense.com.br\/?p=9756"},"modified":"2025-03-20T16:53:07","modified_gmt":"2025-03-20T19:53:07","slug":"prefeito-wagner-recebe-o-jornalista-iran-franca-acompanhado-do-empresario-cassio-messias-e-fala-sobre-os-beneficios-para-araguaina-durante-o-seu-segundo-mandato-e-anuncia-reajuste-de-506-na-data-base","status":"publish","type":"post","link":"https:\/\/focotocantinense.com.br\/?p=9756","title":{"rendered":"Prefeito Wagner recebe o jornalista Iran Fran\u00e7a acompanhado do empres\u00e1rio C\u00e1ssio Messias e fala sobre os benef\u00edcios para Aragua\u00edna durante o seu segundo mandato e anuncia reajuste de 5,06% na data-base dos servidores efetivos, pensionistas e aposentados"},"content":{"rendered":"\n<p>Aumento foi anunciado ap\u00f3s reuni\u00e3o com representantes dos sindicatos e Procuradoria do Munic\u00edpio<\/p>\n\n\n\n<figure class=\"wp-block-image size-large is-resized\"><img loading=\"lazy\" decoding=\"async\" width=\"1024\" height=\"767\" src=\"https:\/\/focotocantinense.com.br\/wp-content\/uploads\/2025\/03\/PREFEITO-WAGNER-RODRIGUES-DE-ARAGUAINA-COM-IRAN-E-CASSIO-EM-ENTREVISTAS-1024x767.jpg\" alt=\"\" class=\"wp-image-9757\" style=\"width:352px;height:auto\" srcset=\"https:\/\/focotocantinense.com.br\/wp-content\/uploads\/2025\/03\/PREFEITO-WAGNER-RODRIGUES-DE-ARAGUAINA-COM-IRAN-E-CASSIO-EM-ENTREVISTAS-1024x767.jpg 1024w, https:\/\/focotocantinense.com.br\/wp-content\/uploads\/2025\/03\/PREFEITO-WAGNER-RODRIGUES-DE-ARAGUAINA-COM-IRAN-E-CASSIO-EM-ENTREVISTAS-300x225.jpg 300w, https:\/\/focotocantinense.com.br\/wp-content\/uploads\/2025\/03\/PREFEITO-WAGNER-RODRIGUES-DE-ARAGUAINA-COM-IRAN-E-CASSIO-EM-ENTREVISTAS-768x575.jpg 768w, https:\/\/focotocantinense.com.br\/wp-content\/uploads\/2025\/03\/PREFEITO-WAGNER-RODRIGUES-DE-ARAGUAINA-COM-IRAN-E-CASSIO-EM-ENTREVISTAS.jpg 1119w\" sizes=\"auto, (max-width: 1024px) 100vw, 1024px\" \/><\/figure>\n\n\n\n<p>O prefeito de Aragua\u00edna, Wagner Rodrigues, anunciou um novo reajuste no valor da data-base dos servidores efetivos, pensionistas e aposentados da Prefeitura de Aragua\u00edna. O aumento foi anunciado ap\u00f3s reuni\u00e3o com representantes do Sisepar (Sindicato dos Servidores P\u00fablicos de Aragua\u00edna), Sinfar (Sindicato dos Fiscais de Aragua\u00edna), Sintet (Sindicato do Trabalhadores da Educa\u00e7\u00e3o do Tocantins) e a Procuradoria do Munic\u00edpio, definindo um reajuste de 5,06% na data-base dos sal\u00e1rios dos servidores, seguindo o IPCA (\u00cdndice Nacional de Pre\u00e7os ao Consumidor Amplo), como est\u00e1 previsto em lei.<br>De acordo com o prefeito, a al\u00edquota ser\u00e1 aplicada a partir da folha do m\u00eas de mar\u00e7o, que \u00e9 paga em abril.<\/p>\n\n\n\n<p>\u201cNosso di\u00e1logo com os servidores e representantes dos sindicatos tem sido direto e constante para garantir o m\u00e1ximo de transpar\u00eancia da gest\u00e3o, principalmente quando se trata do dinheiro do contribuinte e dos direitos dos servidores p\u00fablicos municipais. Esse \u00e9 um direito adquirido dos servidores e a lei ser\u00e1 cumprida sem que as contas municipais e os servi\u00e7os p\u00fablicos sejam comprometidos\u201d, disse Wagner.<\/p>\n\n\n\n<figure class=\"wp-block-image size-large is-resized\"><img loading=\"lazy\" decoding=\"async\" width=\"1024\" height=\"659\" src=\"https:\/\/focotocantinense.com.br\/wp-content\/uploads\/2025\/03\/foto-funcionarios-de-araguaina-e-prefeito-wagner-1-1024x659.jpg\" alt=\"\" class=\"wp-image-9761\" style=\"width:342px;height:auto\" srcset=\"https:\/\/focotocantinense.com.br\/wp-content\/uploads\/2025\/03\/foto-funcionarios-de-araguaina-e-prefeito-wagner-1-1024x659.jpg 1024w, https:\/\/focotocantinense.com.br\/wp-content\/uploads\/2025\/03\/foto-funcionarios-de-araguaina-e-prefeito-wagner-1-300x193.jpg 300w, https:\/\/focotocantinense.com.br\/wp-content\/uploads\/2025\/03\/foto-funcionarios-de-araguaina-e-prefeito-wagner-1-768x494.jpg 768w, https:\/\/focotocantinense.com.br\/wp-content\/uploads\/2025\/03\/foto-funcionarios-de-araguaina-e-prefeito-wagner-1-1536x989.jpg 1536w, https:\/\/focotocantinense.com.br\/wp-content\/uploads\/2025\/03\/foto-funcionarios-de-araguaina-e-prefeito-wagner-1.jpg 1600w\" sizes=\"auto, (max-width: 1024px) 100vw, 1024px\" \/><\/figure>\n\n\n\n<p><br>Durante a entrevista ao jornalista da Rede Toca e do Jornal Foco Tocantinense Iran Fran\u00e7a, Wagner Rodrigues destacou a grande aceita\u00e7\u00e3o da popula\u00e7\u00e3o no balan\u00e7o do primeiro mandato de 2022 a 2026 e agradeceu a popula\u00e7\u00e3o de Aragua\u00edna pelo reconhecimento e a confian\u00e7a para continua\u00e7\u00e3o da sua gest\u00e3o, a qual foi conquistada atrav\u00e9s da grandiosa vit\u00f3ria nas elei\u00e7\u00f5es  em outubro do ano passado, onde Wagner Rodrigues venceu com mais de 53 mil votos de frente sobre o segundo colocado. <\/p>\n\n\n\n<p><\/p>\n\n\n\n<figure class=\"wp-block-image size-large\"><img loading=\"lazy\" decoding=\"async\" width=\"1024\" height=\"548\" src=\"https:\/\/focotocantinense.com.br\/wp-content\/uploads\/2025\/03\/araguaina-foto-s-1024x548.jpg\" alt=\"\" class=\"wp-image-9760\" srcset=\"https:\/\/focotocantinense.com.br\/wp-content\/uploads\/2025\/03\/araguaina-foto-s-1024x548.jpg 1024w, https:\/\/focotocantinense.com.br\/wp-content\/uploads\/2025\/03\/araguaina-foto-s-300x160.jpg 300w, https:\/\/focotocantinense.com.br\/wp-content\/uploads\/2025\/03\/araguaina-foto-s-768x411.jpg 768w, https:\/\/focotocantinense.com.br\/wp-content\/uploads\/2025\/03\/araguaina-foto-s-1536x822.jpg 1536w, https:\/\/focotocantinense.com.br\/wp-content\/uploads\/2025\/03\/araguaina-foto-s-2048x1096.jpg 2048w, https:\/\/focotocantinense.com.br\/wp-content\/uploads\/2025\/03\/araguaina-foto-s-310x165.jpg 310w\" sizes=\"auto, (max-width: 1024px) 100vw, 1024px\" \/><figcaption class=\"wp-element-caption\">default<\/figcaption><\/figure>\n","protected":false},"excerpt":{"rendered":"<p>Aumento foi anunciado ap\u00f3s reuni\u00e3o com representantes dos sindicatos e Procuradoria do Munic\u00edpio O prefeito de Aragua\u00edna, Wagner Rodrigues, anunciou um novo reajuste no valor da data-base dos servidores efetivos, pensionistas e aposentados da Prefeitura de Aragua\u00edna. O aumento foi anunciado ap\u00f3s reuni\u00e3o com representantes do Sisepar (Sindicato dos Servidores P\u00fablicos de Aragua\u00edna), Sinfar (Sindicato &hellip;<\/p>\n","protected":false},"author":5,"featured_media":9757,"comment_status":"open","ping_status":"open","sticky":false,"template":"","format":"standard","meta":{"footnotes":""},"categories":[1],"tags":[],"class_list":["post-9756","post","type-post","status-publish","format-standard","has-post-thumbnail","","category-sem-categoria"],"_links":{"self":[{"href":"https:\/\/focotocantinense.com.br\/index.php?rest_route=\/wp\/v2\/posts\/9756","targetHints":{"allow":["GET"]}}],"collection":[{"href":"https:\/\/focotocantinense.com.br\/index.php?rest_route=\/wp\/v2\/posts"}],"about":[{"href":"https:\/\/focotocantinense.com.br\/index.php?rest_route=\/wp\/v2\/types\/post"}],"author":[{"embeddable":true,"href":"https:\/\/focotocantinense.com.br\/index.php?rest_route=\/wp\/v2\/users\/5"}],"replies":[{"embeddable":true,"href":"https:\/\/focotocantinense.com.br\/index.php?rest_route=%2Fwp%2Fv2%2Fcomments&post=9756"}],"version-history":[{"count":1,"href":"https:\/\/focotocantinense.com.br\/index.php?rest_route=\/wp\/v2\/posts\/9756\/revisions"}],"predecessor-version":[{"id":9762,"href":"https:\/\/focotocantinense.com.br\/index.php?rest_route=\/wp\/v2\/posts\/9756\/revisions\/9762"}],"wp:featuredmedia":[{"embeddable":true,"href":"https:\/\/focotocantinense.com.br\/index.php?rest_route=\/wp\/v2\/media\/9757"}],"wp:attachment":[{"href":"https:\/\/focotocantinense.com.br\/index.php?rest_route=%2Fwp%2Fv2%2Fmedia&parent=9756"}],"wp:term":[{"taxonomy":"category","embeddable":true,"href":"https:\/\/focotocantinense.com.br\/index.php?rest_route=%2Fwp%2Fv2%2Fcategories&post=9756"},{"taxonomy":"post_tag","embeddable":true,"href":"https:\/\/focotocantinense.com.br\/index.php?rest_route=%2Fwp%2Fv2%2Ftags&post=9756"}],"curies":[{"name":"wp","href":"https:\/\/api.w.org\/{rel}","templated":true}]}}