{"id":973,"date":"2021-03-19T18:01:42","date_gmt":"2021-03-19T21:01:42","guid":{"rendered":"http:\/\/focotocantinense.com.br\/?p=973"},"modified":"2021-03-20T12:57:00","modified_gmt":"2021-03-20T15:57:00","slug":"delegado-de-policia-de-tocantinopolis-e-ameacado-de-morte-pelas-redes-sociais","status":"publish","type":"post","link":"https:\/\/focotocantinense.com.br\/?p=973","title":{"rendered":"Delegado de Pol\u00edcia de Tocantin\u00f3polis \u00e9 amea\u00e7ado de morte pelas redes sociais"},"content":{"rendered":"\n<p><strong><em>Por Glauco Santos<\/em><\/strong><\/p>\n\n\n\n<p>Na ter\u00e7a-feira, 16 de mar\u00e7o, come\u00e7ou a circular nas redes sociais dos moradores de Tocantin\u00f3polis, no norte do Tocantins, uma mensagem em que a pessoa com o codinome Trem Balla dizia que iriam invadir a casa do delegado da Tiago Daniel de Morais para mata-lo.<\/p>\n\n\n\n<p>Essa j\u00e1 \u00e9 a terceira vez que o delegado Tiago Daniel, que agora tamb\u00e9m \u00e9 vereador em Tocantin\u00f3polis, \u00e9 amea\u00e7ado de forma expressa. Na primeira vez que recebeu amea\u00e7as, foi em janeiro de 2015, quando um rapaz pichou o port\u00e3o da Delegacia de Pol\u00edcia em que ele trabalhava. A picha\u00e7\u00e3o dizia o que delegado iria morrer.<\/p>\n\n\n\n<p>J\u00e1 em fevereiro de 2018, um preso escreveu um bilhete com amea\u00e7as ao delegado. No bilhete, a mensagem dizia: &#8220;Dr. Tiago vai morrer esquartejado e vou espalhar os peda\u00e7os dele em toda a cidade, porque ele \u00e9 vacil\u00e3o, um delegado filho da puta. Ele \u00e9 um com\u00e9dia desgra\u00e7ado, mas ele vai morrer porque eu vou matar ele. Esse desgra\u00e7ado vai morrer. Tua cova j\u00e1 t\u00e1 feita no inferno, vai mora [SIC] junto com o irm\u00e3o dele, diabo&#8221;.<\/p>\n\n\n\n<p>Nas duas situa\u00e7\u00f5es, os autores das amea\u00e7as foram rapidamente identificados.<\/p>\n\n\n\n<p>O delegado Tiago Daniel, que foi eleito vereador com a maior vota\u00e7\u00e3o na \u00faltima elei\u00e7\u00e3o, trabalha h\u00e1 v\u00e1rios anos em Tocantin\u00f3polis, atuando principalmente, no combate ao tr\u00e1fico de drogas na cidade. Mesmo tendo sido eleito vereador, ele continua trabalhando como delegado exercendo as duas fun\u00e7\u00f5es.<\/p>\n\n\n\n<figure class=\"wp-block-image size-large\"><img loading=\"lazy\" decoding=\"async\" width=\"487\" height=\"484\" src=\"http:\/\/focotocantinense.com.br\/wp-content\/uploads\/2021\/03\/image-12.png\" alt=\"\" class=\"wp-image-974\" srcset=\"https:\/\/focotocantinense.com.br\/wp-content\/uploads\/2021\/03\/image-12.png 487w, https:\/\/focotocantinense.com.br\/wp-content\/uploads\/2021\/03\/image-12-300x298.png 300w, https:\/\/focotocantinense.com.br\/wp-content\/uploads\/2021\/03\/image-12-150x150.png 150w\" sizes=\"auto, (max-width: 487px) 100vw, 487px\" \/><\/figure>\n\n\n\n<p>A Pol\u00edcia Civil de Tocantin\u00f3polis em conjunto com outras delegacias especializadas de Palmas est\u00e3o investigando o fato.<\/p>\n","protected":false},"excerpt":{"rendered":"<p>Por Glauco Santos Na ter\u00e7a-feira, 16 de mar\u00e7o, come\u00e7ou a circular nas redes sociais dos moradores de Tocantin\u00f3polis, no norte do Tocantins, uma mensagem em que a pessoa com o codinome Trem Balla dizia que iriam invadir a casa do delegado da Tiago Daniel de Morais para mata-lo. Essa j\u00e1 \u00e9 a terceira vez que &hellip;<\/p>\n","protected":false},"author":5,"featured_media":977,"comment_status":"open","ping_status":"open","sticky":true,"template":"","format":"standard","meta":{"footnotes":""},"categories":[1,87],"tags":[],"class_list":["post-973","post","type-post","status-publish","format-standard","has-post-thumbnail","","category-sem-categoria","category-tocantinopolis"],"_links":{"self":[{"href":"https:\/\/focotocantinense.com.br\/index.php?rest_route=\/wp\/v2\/posts\/973","targetHints":{"allow":["GET"]}}],"collection":[{"href":"https:\/\/focotocantinense.com.br\/index.php?rest_route=\/wp\/v2\/posts"}],"about":[{"href":"https:\/\/focotocantinense.com.br\/index.php?rest_route=\/wp\/v2\/types\/post"}],"author":[{"embeddable":true,"href":"https:\/\/focotocantinense.com.br\/index.php?rest_route=\/wp\/v2\/users\/5"}],"replies":[{"embeddable":true,"href":"https:\/\/focotocantinense.com.br\/index.php?rest_route=%2Fwp%2Fv2%2Fcomments&post=973"}],"version-history":[{"count":3,"href":"https:\/\/focotocantinense.com.br\/index.php?rest_route=\/wp\/v2\/posts\/973\/revisions"}],"predecessor-version":[{"id":980,"href":"https:\/\/focotocantinense.com.br\/index.php?rest_route=\/wp\/v2\/posts\/973\/revisions\/980"}],"wp:featuredmedia":[{"embeddable":true,"href":"https:\/\/focotocantinense.com.br\/index.php?rest_route=\/wp\/v2\/media\/977"}],"wp:attachment":[{"href":"https:\/\/focotocantinense.com.br\/index.php?rest_route=%2Fwp%2Fv2%2Fmedia&parent=973"}],"wp:term":[{"taxonomy":"category","embeddable":true,"href":"https:\/\/focotocantinense.com.br\/index.php?rest_route=%2Fwp%2Fv2%2Fcategories&post=973"},{"taxonomy":"post_tag","embeddable":true,"href":"https:\/\/focotocantinense.com.br\/index.php?rest_route=%2Fwp%2Fv2%2Ftags&post=973"}],"curies":[{"name":"wp","href":"https:\/\/api.w.org\/{rel}","templated":true}]}}