{"id":9727,"date":"2025-03-19T22:26:59","date_gmt":"2025-03-20T01:26:59","guid":{"rendered":"https:\/\/focotocantinense.com.br\/?p=9727"},"modified":"2025-03-19T23:01:23","modified_gmt":"2025-03-20T02:01:23","slug":"comite-de-cultura-prestigia-a-entrega-de-carteira-do-artesao-em-gurupi","status":"publish","type":"post","link":"https:\/\/focotocantinense.com.br\/?p=9727","title":{"rendered":"Comit\u00ea de Cultura prestigia a entrega de Carteira do Artes\u00e3o em Gurupi"},"content":{"rendered":"\n<p>Representantes do Comit\u00ea de Cultura no Tocantins prestigiaram na tarde desta ter\u00e7a-feira, 19, a solenidade de entrega da Carteira Nacional do Artes\u00e3o para 30 profissionais da cidade de Gurupi.<\/p>\n\n\n\n<p>O evento aconteceu na sede da &nbsp;Associa\u00e7\u00e3o Gurupiense de Artes\u00e3os (AGA), localizada &nbsp;nas depend\u00eancias do Mercado Municipal e foi realizado em alus\u00e3o ao Dia Nacional do Artes\u00e3o.<\/p>\n\n\n\n<p>A entrega \u00a0da carteira\u00a0 foi uma iniciativa da \u00a0Secretaria Estadual de Cultura do Tocantins (Secult), em parceria com a Secretaria Municipal de Cultura de Gurupi e o Minist\u00e9rio da Cultura.<\/p>\n\n\n\n<p><\/p>\n\n\n\n<p><strong>Benef\u00edcios<\/strong><\/p>\n\n\n\n<p>O documento garante diversos benef\u00edcios \u00e0 categoria, como a participa\u00e7\u00e3o em feiras de artesanato nacionais e internacionais, acesso a oficinas e cursos de qualifica\u00e7\u00e3o, al\u00e9m da isen\u00e7\u00e3o do ICMS na comercializa\u00e7\u00e3o de produtos. A carteirinha tamb\u00e9m permite a emiss\u00e3o da Nota Fiscal Avulsa Eletr\u00f4nica (e-NFA) e possibilita que o artes\u00e3o contribua como aut\u00f4nomo para fins previdenci\u00e1rios.<\/p>\n\n\n\n<p>A coordenadora regional do Comit\u00ea de Cultura no Tocantins e &nbsp;presidente da Associa\u00e7\u00e3o Gurupiense dos Artes\u00e3os, Maria do Socorro, recebeu sua carteirinha e destacou a import\u00e2ncia desse reconhecimento. \u201cAgora a gente pode participar de todos os eventos nacionais, representar a nossa cidade. Tudo isso \u00e9 gra\u00e7as ao empenho da gest\u00e3o municipal e de seus parceiros, que sempre estiveram ao nosso lado\u201d, concluiu.<\/p>\n\n\n\n<p><strong>Colabora\u00e7\u00e3o<\/strong><\/p>\n\n\n\n<p>O Comit\u00ea de Cultura no Tocantins \u00e9 coordenado por Kak\u00e1 Nogueira por meio da&nbsp; Federa\u00e7\u00e3o Tocantinense de Artes C\u00eanicas (FETAC) da qual \u00e9 presidente, em parceria com a Associa\u00e7\u00e3o Gurupiense de Artes\u00e3os (AGA) e o Instituto Cultural e Social Araguaia (ISCA). Essas organiza\u00e7\u00f5es est\u00e3o unidas por um termo de colabora\u00e7\u00e3o, com dura\u00e7\u00e3o de dois anos, firmado com o Minist\u00e9rio da Cultura (MinC). Juntas, elas trabalham para implementar o Programa Nacional de Comit\u00eas de Cultura (PNCC) em diversas regi\u00f5es do Estado.<\/p>\n\n\n\n<figure class=\"wp-block-image size-large\"><img loading=\"lazy\" decoding=\"async\" width=\"1024\" height=\"682\" src=\"https:\/\/focotocantinense.com.br\/wp-content\/uploads\/2025\/03\/MARIA-DO-SOCORRO-1024x682.jpeg\" alt=\"\" class=\"wp-image-9732\" srcset=\"https:\/\/focotocantinense.com.br\/wp-content\/uploads\/2025\/03\/MARIA-DO-SOCORRO-1024x682.jpeg 1024w, https:\/\/focotocantinense.com.br\/wp-content\/uploads\/2025\/03\/MARIA-DO-SOCORRO-300x200.jpeg 300w, https:\/\/focotocantinense.com.br\/wp-content\/uploads\/2025\/03\/MARIA-DO-SOCORRO-768x512.jpeg 768w, https:\/\/focotocantinense.com.br\/wp-content\/uploads\/2025\/03\/MARIA-DO-SOCORRO-1536x1023.jpeg 1536w, https:\/\/focotocantinense.com.br\/wp-content\/uploads\/2025\/03\/MARIA-DO-SOCORRO-310x205.jpeg 310w, https:\/\/focotocantinense.com.br\/wp-content\/uploads\/2025\/03\/MARIA-DO-SOCORRO.jpeg 1600w\" sizes=\"auto, (max-width: 1024px) 100vw, 1024px\" \/><\/figure>\n\n\n\n<p><strong><em>Artes\u00e3 atuante, Maria do Socorro exibe com orgulha sua Carteira de Artes\u00e3.<\/em><\/strong><\/p>\n\n\n\n<figure class=\"wp-block-image size-large\"><img loading=\"lazy\" decoding=\"async\" width=\"1024\" height=\"682\" src=\"https:\/\/focotocantinense.com.br\/wp-content\/uploads\/2025\/03\/1-COMITE-ARTESAO-1024x682.jpeg\" alt=\"\" class=\"wp-image-9728\" srcset=\"https:\/\/focotocantinense.com.br\/wp-content\/uploads\/2025\/03\/1-COMITE-ARTESAO-1024x682.jpeg 1024w, https:\/\/focotocantinense.com.br\/wp-content\/uploads\/2025\/03\/1-COMITE-ARTESAO-300x200.jpeg 300w, https:\/\/focotocantinense.com.br\/wp-content\/uploads\/2025\/03\/1-COMITE-ARTESAO-768x512.jpeg 768w, https:\/\/focotocantinense.com.br\/wp-content\/uploads\/2025\/03\/1-COMITE-ARTESAO-1536x1023.jpeg 1536w, https:\/\/focotocantinense.com.br\/wp-content\/uploads\/2025\/03\/1-COMITE-ARTESAO-310x205.jpeg 310w, https:\/\/focotocantinense.com.br\/wp-content\/uploads\/2025\/03\/1-COMITE-ARTESAO.jpeg 1600w\" sizes=\"auto, (max-width: 1024px) 100vw, 1024px\" \/><\/figure>\n\n\n\n<p><strong><em>Cerca de 30 profissionais da cidade de Gurupi receberam a Carteira Nacional do Artes\u00e3o.<\/em><\/strong><\/p>\n\n\n\n<figure class=\"wp-block-image size-large\"><img loading=\"lazy\" decoding=\"async\" width=\"1024\" height=\"576\" src=\"https:\/\/focotocantinense.com.br\/wp-content\/uploads\/2025\/03\/EQUIPE-DO-COMITE-1024x576.jpeg\" alt=\"\" class=\"wp-image-9739\" srcset=\"https:\/\/focotocantinense.com.br\/wp-content\/uploads\/2025\/03\/EQUIPE-DO-COMITE-1024x576.jpeg 1024w, https:\/\/focotocantinense.com.br\/wp-content\/uploads\/2025\/03\/EQUIPE-DO-COMITE-300x169.jpeg 300w, https:\/\/focotocantinense.com.br\/wp-content\/uploads\/2025\/03\/EQUIPE-DO-COMITE-768x432.jpeg 768w, https:\/\/focotocantinense.com.br\/wp-content\/uploads\/2025\/03\/EQUIPE-DO-COMITE-1536x864.jpeg 1536w, https:\/\/focotocantinense.com.br\/wp-content\/uploads\/2025\/03\/EQUIPE-DO-COMITE-2048x1152.jpeg 2048w\" sizes=\"auto, (max-width: 1024px) 100vw, 1024px\" \/><\/figure>\n\n\n\n<p><strong><em>A equipe do Comit\u00ea de Cultura em Gurupi apoiou o acontecimento<\/em><\/strong><\/p>\n\n\n\n<figure class=\"wp-block-image size-large\"><img loading=\"lazy\" decoding=\"async\" width=\"1024\" height=\"682\" src=\"https:\/\/focotocantinense.com.br\/wp-content\/uploads\/2025\/03\/a8f77b7c-f44d-4639-8833-18b10ffd92d3-1024x682.jpeg\" alt=\"\" class=\"wp-image-9747\" srcset=\"https:\/\/focotocantinense.com.br\/wp-content\/uploads\/2025\/03\/a8f77b7c-f44d-4639-8833-18b10ffd92d3-1024x682.jpeg 1024w, https:\/\/focotocantinense.com.br\/wp-content\/uploads\/2025\/03\/a8f77b7c-f44d-4639-8833-18b10ffd92d3-300x200.jpeg 300w, https:\/\/focotocantinense.com.br\/wp-content\/uploads\/2025\/03\/a8f77b7c-f44d-4639-8833-18b10ffd92d3-768x512.jpeg 768w, https:\/\/focotocantinense.com.br\/wp-content\/uploads\/2025\/03\/a8f77b7c-f44d-4639-8833-18b10ffd92d3-1536x1023.jpeg 1536w, https:\/\/focotocantinense.com.br\/wp-content\/uploads\/2025\/03\/a8f77b7c-f44d-4639-8833-18b10ffd92d3-310x205.jpeg 310w, https:\/\/focotocantinense.com.br\/wp-content\/uploads\/2025\/03\/a8f77b7c-f44d-4639-8833-18b10ffd92d3.jpeg 1600w\" sizes=\"auto, (max-width: 1024px) 100vw, 1024px\" \/><\/figure>\n\n\n\n<p><strong><em>O documento \u00e9 v\u00e1lido em todo Territ\u00f3rio Nacional.<\/em><\/strong><\/p>\n","protected":false},"excerpt":{"rendered":"<p>Representantes do Comit\u00ea de Cultura no Tocantins prestigiaram na tarde desta ter\u00e7a-feira, 19, a solenidade de entrega da Carteira Nacional do Artes\u00e3o para 30 profissionais da cidade de Gurupi. O evento aconteceu na sede da &nbsp;Associa\u00e7\u00e3o Gurupiense de Artes\u00e3os (AGA), localizada &nbsp;nas depend\u00eancias do Mercado Municipal e foi realizado em alus\u00e3o ao Dia Nacional do &hellip;<\/p>\n","protected":false},"author":5,"featured_media":9728,"comment_status":"open","ping_status":"open","sticky":false,"template":"","format":"standard","meta":{"footnotes":""},"categories":[104],"tags":[],"class_list":["post-9727","post","type-post","status-publish","format-standard","has-post-thumbnail","","category-cultura"],"_links":{"self":[{"href":"https:\/\/focotocantinense.com.br\/index.php?rest_route=\/wp\/v2\/posts\/9727","targetHints":{"allow":["GET"]}}],"collection":[{"href":"https:\/\/focotocantinense.com.br\/index.php?rest_route=\/wp\/v2\/posts"}],"about":[{"href":"https:\/\/focotocantinense.com.br\/index.php?rest_route=\/wp\/v2\/types\/post"}],"author":[{"embeddable":true,"href":"https:\/\/focotocantinense.com.br\/index.php?rest_route=\/wp\/v2\/users\/5"}],"replies":[{"embeddable":true,"href":"https:\/\/focotocantinense.com.br\/index.php?rest_route=%2Fwp%2Fv2%2Fcomments&post=9727"}],"version-history":[{"count":11,"href":"https:\/\/focotocantinense.com.br\/index.php?rest_route=\/wp\/v2\/posts\/9727\/revisions"}],"predecessor-version":[{"id":9749,"href":"https:\/\/focotocantinense.com.br\/index.php?rest_route=\/wp\/v2\/posts\/9727\/revisions\/9749"}],"wp:featuredmedia":[{"embeddable":true,"href":"https:\/\/focotocantinense.com.br\/index.php?rest_route=\/wp\/v2\/media\/9728"}],"wp:attachment":[{"href":"https:\/\/focotocantinense.com.br\/index.php?rest_route=%2Fwp%2Fv2%2Fmedia&parent=9727"}],"wp:term":[{"taxonomy":"category","embeddable":true,"href":"https:\/\/focotocantinense.com.br\/index.php?rest_route=%2Fwp%2Fv2%2Fcategories&post=9727"},{"taxonomy":"post_tag","embeddable":true,"href":"https:\/\/focotocantinense.com.br\/index.php?rest_route=%2Fwp%2Fv2%2Ftags&post=9727"}],"curies":[{"name":"wp","href":"https:\/\/api.w.org\/{rel}","templated":true}]}}