{"id":9722,"date":"2025-03-17T14:35:05","date_gmt":"2025-03-17T17:35:05","guid":{"rendered":"https:\/\/focotocantinense.com.br\/?p=9722"},"modified":"2025-03-17T14:35:41","modified_gmt":"2025-03-17T17:35:41","slug":"escritor-zacarias-martins-lanca-nova-edicao-de-livro-sobre-gurupi-em-evento-literario","status":"publish","type":"post","link":"https:\/\/focotocantinense.com.br\/?p=9722","title":{"rendered":"Escritor Zacarias Martins lan\u00e7a nova edi\u00e7\u00e3o de livro sobre Gurupi em evento liter\u00e1rio"},"content":{"rendered":"\n<p>O Centro de Ensino M\u00e9dio de Gurupi recebe, na nesta ter\u00e7a-feira, 18, \u00e0s 19h30, o lan\u00e7amento da quinta edi\u00e7\u00e3o do livro de cr\u00f4nicas Hist\u00f3rias da Hist\u00f3ria de Gurupi, do escritor e jornalista Zacarias Martins. O evento contar\u00e1 com uma sess\u00e3o de aut\u00f3grafos e uma roda de conversa sobre literatura e o papel da leitura na forma\u00e7\u00e3o cr\u00edtica dos jovens.<\/p>\n\n\n\n<p>A iniciativa faz parte de um projeto apoiado pela Pol\u00edtica Nacional Aldir Blanc\/2024, com recursos do Minist\u00e9rio da Cultura (MinC) e operacionaliza\u00e7\u00e3o da Secretaria de Cultura do Tocantins (Secult). Publicado pela Editora Veloso, o livro ser\u00e1 apresentado tamb\u00e9m em outras cidades do estado.<\/p>\n\n\n\n<figure class=\"wp-block-image size-large is-resized\"><img loading=\"lazy\" decoding=\"async\" width=\"576\" height=\"1024\" src=\"https:\/\/focotocantinense.com.br\/wp-content\/uploads\/2025\/03\/3-O-poeta-Zacarias-Martins-Foto-Eliosmar-Veloso-576x1024.jpeg\" alt=\"\" class=\"wp-image-9725\" style=\"width:407px;height:auto\" srcset=\"https:\/\/focotocantinense.com.br\/wp-content\/uploads\/2025\/03\/3-O-poeta-Zacarias-Martins-Foto-Eliosmar-Veloso-576x1024.jpeg 576w, https:\/\/focotocantinense.com.br\/wp-content\/uploads\/2025\/03\/3-O-poeta-Zacarias-Martins-Foto-Eliosmar-Veloso-169x300.jpeg 169w, https:\/\/focotocantinense.com.br\/wp-content\/uploads\/2025\/03\/3-O-poeta-Zacarias-Martins-Foto-Eliosmar-Veloso-768x1366.jpeg 768w, https:\/\/focotocantinense.com.br\/wp-content\/uploads\/2025\/03\/3-O-poeta-Zacarias-Martins-Foto-Eliosmar-Veloso-864x1536.jpeg 864w, https:\/\/focotocantinense.com.br\/wp-content\/uploads\/2025\/03\/3-O-poeta-Zacarias-Martins-Foto-Eliosmar-Veloso.jpeg 899w\" sizes=\"auto, (max-width: 576px) 100vw, 576px\" \/><\/figure>\n\n\n\n<p><\/p>\n\n\n\n<p><strong>Ferramenta de transforma\u00e7\u00e3o<\/strong><\/p>\n\n\n\n<p>Para Zacarias Martins, estimular o gosto pela leitura \u00e9 essencial para a constru\u00e7\u00e3o de um pensamento cr\u00edtico e reflexivo. &#8220;Nosso objetivo \u00e9 incentivar os jovens a enxergarem os livros como fonte de conhecimento e questionamento, tornando-os leitores mais atentos e conscientes&#8221;, destaca o autor.<\/p>\n\n\n\n<p>Al\u00e9m da sess\u00e3o de aut\u00f3grafos, o escritor realiza a j\u00e1 tradicional roda de conversa liter\u00e1ria, doa exemplares para o acervo da biblioteca escolar e promove sorteios do livro entre os alunos.<\/p>\n\n\n\n<p><strong>Contra a desinforma\u00e7\u00e3o<\/strong><\/p>\n\n\n\n<p>Martins tamb\u00e9m faz um alerta sobre a influ\u00eancia das redes sociais e o consumo desenfreado de informa\u00e7\u00f5es sem checagem.<\/p>\n\n\n\n<p>&#8220;Vivemos em um tempo onde muitos se consideram leitores, mas, na pr\u00e1tica, apenas repassam informa\u00e7\u00f5es sem reflex\u00e3o. A leitura de um livro f\u00edsico nos ensina a interpretar melhor o mundo, diferenciar fatos de fake news e aprimorar nossa capacidade cr\u00edtica&#8221;, ressalta.<\/p>\n\n\n\n<p><strong>Cultura acess\u00edvel a todos<\/strong><\/p>\n\n\n\n<p>O escritor reconhece que a viabiliza\u00e7\u00e3o do projeto s\u00f3 foi poss\u00edvel gra\u00e7as ao Edital Aldir Blanc, que tem contribu\u00eddo para democratizar o acesso \u00e0 cultura no Brasil.<\/p>\n\n\n\n<p>&#8220;Ter esse suporte financeiro \u00e9 fundamental para que mais obras cheguem ao p\u00fablico e possamos fortalecer a literatura regional&#8221;, afirma.<\/p>\n\n\n\n<p><strong>Sobre o autor<\/strong><\/p>\n\n\n\n<p>Zacarias Martins \u00e9 poeta, cronista e jornalista associado \u00e0 Federa\u00e7\u00e3o Brasileira de Jornalistas e Comunicadores de Turismo (Febtur Tocantins), com seis livros de poesias publicados, al\u00e9m de uma obra voltada ao p\u00fablico infantil. Hist\u00f3rias da Hist\u00f3ria de Gurupi j\u00e1 foi indicado duas vezes para o vestibular da Universidade de Gurupi (UnirG) e seus textos integram diversas antologias liter\u00e1rias. Ele tamb\u00e9m \u00e9 membro-fundador da Academia Tocantinense de Letras (ATL) e participa de institui\u00e7\u00f5es culturais em todo o pa\u00eds.<\/p>\n\n\n\n<figure class=\"wp-block-image size-full\"><img loading=\"lazy\" decoding=\"async\" width=\"843\" height=\"251\" src=\"https:\/\/focotocantinense.com.br\/wp-content\/uploads\/2025\/03\/midia-vinicius-1.jpg\" alt=\"\" class=\"wp-image-9713\" srcset=\"https:\/\/focotocantinense.com.br\/wp-content\/uploads\/2025\/03\/midia-vinicius-1.jpg 843w, https:\/\/focotocantinense.com.br\/wp-content\/uploads\/2025\/03\/midia-vinicius-1-300x89.jpg 300w, https:\/\/focotocantinense.com.br\/wp-content\/uploads\/2025\/03\/midia-vinicius-1-768x229.jpg 768w\" sizes=\"auto, (max-width: 843px) 100vw, 843px\" \/><\/figure>\n","protected":false},"excerpt":{"rendered":"<p>O Centro de Ensino M\u00e9dio de Gurupi recebe, na nesta ter\u00e7a-feira, 18, \u00e0s 19h30, o lan\u00e7amento da quinta edi\u00e7\u00e3o do livro de cr\u00f4nicas Hist\u00f3rias da Hist\u00f3ria de Gurupi, do escritor e jornalista Zacarias Martins. O evento contar\u00e1 com uma sess\u00e3o de aut\u00f3grafos e uma roda de conversa sobre literatura e o papel da leitura na &hellip;<\/p>\n","protected":false},"author":5,"featured_media":9723,"comment_status":"open","ping_status":"open","sticky":false,"template":"","format":"standard","meta":{"footnotes":""},"categories":[1],"tags":[],"class_list":["post-9722","post","type-post","status-publish","format-standard","has-post-thumbnail","","category-sem-categoria"],"_links":{"self":[{"href":"https:\/\/focotocantinense.com.br\/index.php?rest_route=\/wp\/v2\/posts\/9722","targetHints":{"allow":["GET"]}}],"collection":[{"href":"https:\/\/focotocantinense.com.br\/index.php?rest_route=\/wp\/v2\/posts"}],"about":[{"href":"https:\/\/focotocantinense.com.br\/index.php?rest_route=\/wp\/v2\/types\/post"}],"author":[{"embeddable":true,"href":"https:\/\/focotocantinense.com.br\/index.php?rest_route=\/wp\/v2\/users\/5"}],"replies":[{"embeddable":true,"href":"https:\/\/focotocantinense.com.br\/index.php?rest_route=%2Fwp%2Fv2%2Fcomments&post=9722"}],"version-history":[{"count":2,"href":"https:\/\/focotocantinense.com.br\/index.php?rest_route=\/wp\/v2\/posts\/9722\/revisions"}],"predecessor-version":[{"id":9726,"href":"https:\/\/focotocantinense.com.br\/index.php?rest_route=\/wp\/v2\/posts\/9722\/revisions\/9726"}],"wp:featuredmedia":[{"embeddable":true,"href":"https:\/\/focotocantinense.com.br\/index.php?rest_route=\/wp\/v2\/media\/9723"}],"wp:attachment":[{"href":"https:\/\/focotocantinense.com.br\/index.php?rest_route=%2Fwp%2Fv2%2Fmedia&parent=9722"}],"wp:term":[{"taxonomy":"category","embeddable":true,"href":"https:\/\/focotocantinense.com.br\/index.php?rest_route=%2Fwp%2Fv2%2Fcategories&post=9722"},{"taxonomy":"post_tag","embeddable":true,"href":"https:\/\/focotocantinense.com.br\/index.php?rest_route=%2Fwp%2Fv2%2Ftags&post=9722"}],"curies":[{"name":"wp","href":"https:\/\/api.w.org\/{rel}","templated":true}]}}