{"id":9711,"date":"2025-03-15T14:22:22","date_gmt":"2025-03-15T17:22:22","guid":{"rendered":"https:\/\/focotocantinense.com.br\/?p=9711"},"modified":"2025-03-15T14:23:19","modified_gmt":"2025-03-15T17:23:19","slug":"tocantinense-andre-goveia-recebe-homenagem-de-academia-de-letras-no-espirito-santo","status":"publish","type":"post","link":"https:\/\/focotocantinense.com.br\/?p=9711","title":{"rendered":"Tocantinense Andr\u00e9 Goveia recebe homenagem de Academia de Letras no Esp\u00edrito Santo"},"content":{"rendered":"\n<p>Na sexta-feira, &nbsp;dia 13 de mar\u00e7o, &nbsp;na Assembleia Legislativa do Estado do Esp\u00edrito Santo, aconteceu uma sess\u00e3o solene da Academia Capixaba de Letras e Artes dos Poetas Trovadores (ACLAPTCTC), quando na oportunidade, o professor e poeta tocantinense&nbsp; Andr\u00e9 Goveia tomou posse&nbsp; como o mais novo imortal daquela institui\u00e7\u00e3o.<\/p>\n\n\n\n<figure class=\"wp-block-image size-full is-resized\"><img loading=\"lazy\" decoding=\"async\" width=\"511\" height=\"490\" src=\"https:\/\/focotocantinense.com.br\/wp-content\/uploads\/2025\/03\/1-Tocantinense-Andre-Goveia-recebe-homenagem-de-Academia-de-Letras-no-Espirito-Santo.jpeg\" alt=\"\" class=\"wp-image-9715\" style=\"width:383px;height:auto\" srcset=\"https:\/\/focotocantinense.com.br\/wp-content\/uploads\/2025\/03\/1-Tocantinense-Andre-Goveia-recebe-homenagem-de-Academia-de-Letras-no-Espirito-Santo.jpeg 511w, https:\/\/focotocantinense.com.br\/wp-content\/uploads\/2025\/03\/1-Tocantinense-Andre-Goveia-recebe-homenagem-de-Academia-de-Letras-no-Espirito-Santo-300x288.jpeg 300w\" sizes=\"auto, (max-width: 511px) 100vw, 511px\" \/><\/figure>\n\n\n\n<p><\/p>\n\n\n\n<p>Goveia passa a ocupar &nbsp;a cadeira n\u00famero 142 da ACLAPTCTC, &nbsp;que tem como patronesse a professora e escritora Margarida Lemos Gon\u00e7alves, &nbsp;que era natural de Vit\u00f3ria (ES), &nbsp;e que foi homenageada &nbsp;pelo &nbsp;novo imortal em reconhecimento \u00e0s suas contribui\u00e7\u00f5es na Educa\u00e7\u00e3o, sobretudo, o para Tocant\u00ednia, &nbsp;e como integrante da Academia Tocantinense de Letras (ATL), bem como,&nbsp; na co-funda\u00e7\u00e3o da Academia Palmense de Letras (APL).<\/p>\n\n\n\n<p><strong>Mestre da Cultura<\/strong><\/p>\n\n\n\n<p>O&nbsp; presidente da &nbsp;ACLAPTCTC , o Comendador Dr.&nbsp; Cl\u00e9rio Jos\u00e9 Borges deu as boas-vindas ao novo integrante da academia, destacando suas contribui\u00e7\u00f5es &nbsp;no universo da &nbsp;efervescente literatura tocantinense contempor\u00e2nea. E, em reconhecimento p\u00fablico ao seu trabalho liter\u00e1rio, Andr\u00e9 Goveia tamb\u00e9m foi ainda homenageado com o t\u00edtulo liter\u00e1rio de Mestre da Cultura Brasileira.<\/p>\n\n\n\n<p>Durante seu discurso de posse, &nbsp;o novo imortal tocantinense fez sauda\u00e7\u00f5es a todos na l\u00edngua Akwe, &nbsp;em refer\u00eancia ao povo Xerente de Tocant\u00ednia, cidade onde reside. Goveia tamb\u00e9m reverenciou aquele que ele chamou de seu mestre e inspirador: o poeta tocantinense Zacarias Martins.<\/p>\n\n\n\n<p>\u201cComo representante da cultura tocantinense, entendo que essa importante conquista n\u00e3o \u00e9 somente minha.&nbsp; Por isso, eu tamb\u00e9m a compartilho com a minha querida gente do Tocantins\u201d, finalizou.<\/p>\n\n\n\n<figure class=\"wp-block-image size-full\"><img loading=\"lazy\" decoding=\"async\" width=\"843\" height=\"251\" src=\"https:\/\/focotocantinense.com.br\/wp-content\/uploads\/2025\/03\/midia-vinicius-1.jpg\" alt=\"\" class=\"wp-image-9713\" srcset=\"https:\/\/focotocantinense.com.br\/wp-content\/uploads\/2025\/03\/midia-vinicius-1.jpg 843w, https:\/\/focotocantinense.com.br\/wp-content\/uploads\/2025\/03\/midia-vinicius-1-300x89.jpg 300w, https:\/\/focotocantinense.com.br\/wp-content\/uploads\/2025\/03\/midia-vinicius-1-768x229.jpg 768w\" sizes=\"auto, (max-width: 843px) 100vw, 843px\" \/><\/figure>\n","protected":false},"excerpt":{"rendered":"<p>Na sexta-feira, &nbsp;dia 13 de mar\u00e7o, &nbsp;na Assembleia Legislativa do Estado do Esp\u00edrito Santo, aconteceu uma sess\u00e3o solene da Academia Capixaba de Letras e Artes dos Poetas Trovadores (ACLAPTCTC), quando na oportunidade, o professor e poeta tocantinense&nbsp; Andr\u00e9 Goveia tomou posse&nbsp; como o mais novo imortal daquela institui\u00e7\u00e3o. Goveia passa a ocupar &nbsp;a cadeira n\u00famero &hellip;<\/p>\n","protected":false},"author":5,"featured_media":9712,"comment_status":"open","ping_status":"open","sticky":false,"template":"","format":"standard","meta":{"footnotes":""},"categories":[1],"tags":[],"class_list":["post-9711","post","type-post","status-publish","format-standard","has-post-thumbnail","","category-sem-categoria"],"_links":{"self":[{"href":"https:\/\/focotocantinense.com.br\/index.php?rest_route=\/wp\/v2\/posts\/9711","targetHints":{"allow":["GET"]}}],"collection":[{"href":"https:\/\/focotocantinense.com.br\/index.php?rest_route=\/wp\/v2\/posts"}],"about":[{"href":"https:\/\/focotocantinense.com.br\/index.php?rest_route=\/wp\/v2\/types\/post"}],"author":[{"embeddable":true,"href":"https:\/\/focotocantinense.com.br\/index.php?rest_route=\/wp\/v2\/users\/5"}],"replies":[{"embeddable":true,"href":"https:\/\/focotocantinense.com.br\/index.php?rest_route=%2Fwp%2Fv2%2Fcomments&post=9711"}],"version-history":[{"count":2,"href":"https:\/\/focotocantinense.com.br\/index.php?rest_route=\/wp\/v2\/posts\/9711\/revisions"}],"predecessor-version":[{"id":9716,"href":"https:\/\/focotocantinense.com.br\/index.php?rest_route=\/wp\/v2\/posts\/9711\/revisions\/9716"}],"wp:featuredmedia":[{"embeddable":true,"href":"https:\/\/focotocantinense.com.br\/index.php?rest_route=\/wp\/v2\/media\/9712"}],"wp:attachment":[{"href":"https:\/\/focotocantinense.com.br\/index.php?rest_route=%2Fwp%2Fv2%2Fmedia&parent=9711"}],"wp:term":[{"taxonomy":"category","embeddable":true,"href":"https:\/\/focotocantinense.com.br\/index.php?rest_route=%2Fwp%2Fv2%2Fcategories&post=9711"},{"taxonomy":"post_tag","embeddable":true,"href":"https:\/\/focotocantinense.com.br\/index.php?rest_route=%2Fwp%2Fv2%2Ftags&post=9711"}],"curies":[{"name":"wp","href":"https:\/\/api.w.org\/{rel}","templated":true}]}}