{"id":9695,"date":"2025-03-14T13:47:55","date_gmt":"2025-03-14T16:47:55","guid":{"rendered":"https:\/\/focotocantinense.com.br\/?p=9695"},"modified":"2025-03-14T13:47:55","modified_gmt":"2025-03-14T16:47:55","slug":"jovens-brasileiros-se-preparam-para-intercambio-socioeducacional-na-europa","status":"publish","type":"post","link":"https:\/\/focotocantinense.com.br\/?p=9695","title":{"rendered":"Jovens brasileiros se preparam para interc\u00e2mbio socioeducacional na Europa"},"content":{"rendered":"\n<p><em>A poucos dias da viagem, participantes do maior programa de inclus\u00e3o da regi\u00e3o norte do Brasil, \u201cJovem Trabalhador\u201d, da Dem\u00e0, vivem a ansiedade de uma experi\u00eancia in\u00e9dita em solo europeu<\/em><br>\u00a0<\/p>\n\n\n\n<p><strong>Mar\u00e7o de 2025<\/strong>&nbsp;&#8211; No pr\u00f3ximo domingo, 16, dez jovens do interior do Tocantins embarcar\u00e3o rumo a uma jornada in\u00e9dita em Barcelona. Eles saem de Palmas, para uma semana de interc\u00e2mbio socioeducacional em solo europeu. Uma experi\u00eancia que para James Pereira, 18 anos, era inimagin\u00e1vel e promete ser \u00fanica.<\/p>\n\n\n\n<figure class=\"wp-block-image size-full is-resized\"><img loading=\"lazy\" decoding=\"async\" width=\"929\" height=\"775\" src=\"https:\/\/focotocantinense.com.br\/wp-content\/uploads\/2025\/03\/Jovens-do-Interior-do-Tocantins-prestes-a-embarcar-Divulgacao-Dema-Jovem-1.jpg\" alt=\"\" class=\"wp-image-9697\" style=\"width:330px;height:auto\" srcset=\"https:\/\/focotocantinense.com.br\/wp-content\/uploads\/2025\/03\/Jovens-do-Interior-do-Tocantins-prestes-a-embarcar-Divulgacao-Dema-Jovem-1.jpg 929w, https:\/\/focotocantinense.com.br\/wp-content\/uploads\/2025\/03\/Jovens-do-Interior-do-Tocantins-prestes-a-embarcar-Divulgacao-Dema-Jovem-1-300x250.jpg 300w, https:\/\/focotocantinense.com.br\/wp-content\/uploads\/2025\/03\/Jovens-do-Interior-do-Tocantins-prestes-a-embarcar-Divulgacao-Dema-Jovem-1-768x641.jpg 768w\" sizes=\"auto, (max-width: 929px) 100vw, 929px\" \/><\/figure>\n\n\n\n<p>\u201cEu jamais pensei que fosse viajar para outro pa\u00eds, pois nunca tinha sa\u00eddo da minha regi\u00e3o que \u00e9 um Quilombo, na regi\u00e3o da Chapada da Natividade, com quase 4 mil habitantes. Ter a oportunidade de participar de um interc\u00e2mbio como esse \u00e9 maravilhoso. Vou realizar o sonho de todo estudante, fazer um interc\u00e2mbio internacional\u201d, afirma James Pereira.&nbsp;<\/p>\n\n\n\n<p>James faz parte do grupo de jovens selecionados para o programaJovem Trabalhador, uma iniciativa do Governo do Tocantins em parceria com a Dem\u00e0 Jovem, tecnologia social da Renapsi, para inserir jovens no mercado de trabalho.&nbsp;<\/p>\n\n\n\n<p>Aline Ferreira, diretora executiva do programa, explica que o interc\u00e2mbio representa uma oportunidade \u00edmpar&nbsp; de aprendizado, com trocas de experi\u00eancias e promo\u00e7\u00e3o de crescimento pessoal, conectando jovens de regi\u00f5es extremas do pa\u00eds com a riqueza cultural, hist\u00f3rica e social da Espanha.<\/p>\n\n\n\n<figure class=\"wp-block-image size-full\"><img loading=\"lazy\" decoding=\"async\" width=\"929\" height=\"775\" src=\"https:\/\/focotocantinense.com.br\/wp-content\/uploads\/2025\/03\/Jovens-do-Interior-do-Tocantins-prestes-a-embarcar-Divulgacao-Dema-Jovem-2.jpg\" alt=\"\" class=\"wp-image-9698\" srcset=\"https:\/\/focotocantinense.com.br\/wp-content\/uploads\/2025\/03\/Jovens-do-Interior-do-Tocantins-prestes-a-embarcar-Divulgacao-Dema-Jovem-2.jpg 929w, https:\/\/focotocantinense.com.br\/wp-content\/uploads\/2025\/03\/Jovens-do-Interior-do-Tocantins-prestes-a-embarcar-Divulgacao-Dema-Jovem-2-300x250.jpg 300w, https:\/\/focotocantinense.com.br\/wp-content\/uploads\/2025\/03\/Jovens-do-Interior-do-Tocantins-prestes-a-embarcar-Divulgacao-Dema-Jovem-2-768x641.jpg 768w\" sizes=\"auto, (max-width: 929px) 100vw, 929px\" \/><\/figure>\n\n\n\n<p>\u201cAl\u00e9m do aprendizado, esses jovens voltam para o Brasil com um olhar global, vislumbrando possibilidades inimagin\u00e1veis para suas vidas e carreiras, se tornando exemplos para a sociedade na qual est\u00e3o inseridos\u201d, afirma.<\/p>\n\n\n\n<p>Junto com James, outros nove jovens de outras localidades do estado tamb\u00e9m vivem dias de ansiedade \u00e0 espera de uma jornada especialmente preparada para uma conex\u00e3o singular, com um roteiro que inclui visitas a \u00edcones do modernismo catal\u00e3o, como a Sagrada Fam\u00edlia e a Casa Batll\u00f3, passeios pelo centro hist\u00f3rico e encontros interculturais com jovens espanh\u00f3is.&nbsp;<\/p>\n\n\n\n<p>\u201cOs jovens tamb\u00e9m v\u00e3o conhecer o legado ol\u00edmpico de Barcelona, participar\u00e3o de workshops sobre sustentabilidade, e ter\u00e3o acesso a experi\u00eancias imersivas, como o show de flamenco no Poble Espanyol, al\u00e9m de uma visita ao Mosteiro de Montserrat, um dos locais espirituais mais emblem\u00e1ticos da Catalunha\u201d, detalha Aline.&nbsp;<\/p>\n\n\n\n<p>A executiva destaca que o programa, lan\u00e7ado h\u00e1 menos de dois anos, acumula evid\u00eancias sobre sua efic\u00e1cia e import\u00e2ncia no contexto socioeducacional.&nbsp;&nbsp;<\/p>\n\n\n\n<p>\u201cEssa iniciativa, que lan\u00e7amos em maio de 2023, j\u00e1 \u00e9 o maior programa de primeiro emprego do Norte do Brasil, conforme a Secretaria de Estado do Trabalho e Desenvolvimento Social (Setas). Temos orgulho deste projeto que proporciona esperan\u00e7a aos jovens em situa\u00e7\u00e3o de vulnerabilidade, permitindo que sonhem com um futuro melhor e possam, de fato, torn\u00e1-lo realidade\u201d, conclui Aline.&nbsp;<\/p>\n\n\n\n<p>Em Barcelona, os jovens do Tocantins ter\u00e3o ainda agendas oficiais com representantes do governo do Estado, entre eles o governador Wanderlei Barbosa, a primeira dama Karynne Sotero e a Secret\u00e1ria de Trabalho e Desenvolvimento Social (Setas), Cleizenir dos Santos.&nbsp;<\/p>\n\n\n\n<p>Para a primeira dama do Tocantins, Karynne Sotero, o interc\u00e2mbio marca um momento \u00fanico na jornada dos jovens, mas a oportunidade do primeiro emprego j\u00e1 fez toda a diferen\u00e7a para os tocantinenses.&nbsp;<\/p>\n\n\n\n<p>\u201cIr para Barcelona, ter essa imers\u00e3o educativa e cultural, ser\u00e1 algo que eles nunca v\u00e3o esquecer. Isso muda toda a trajet\u00f3ria do jovem. Mas antes disso, eles j\u00e1 est\u00e3o sendo transformados pela oportunidade de um emprego formal, de uma renda para ter as suas coisas e ajudarem as suas fam\u00edlias. O Programa Jovem Trabalhador proporciona isso a eles e a milhares de jovens no Tocantins\u201d, refor\u00e7ou.&nbsp;<\/p>\n","protected":false},"excerpt":{"rendered":"<p>A poucos dias da viagem, participantes do maior programa de inclus\u00e3o da regi\u00e3o norte do Brasil, \u201cJovem Trabalhador\u201d, da Dem\u00e0, vivem a ansiedade de uma experi\u00eancia in\u00e9dita em solo europeu\u00a0 Mar\u00e7o de 2025&nbsp;&#8211; No pr\u00f3ximo domingo, 16, dez jovens do interior do Tocantins embarcar\u00e3o rumo a uma jornada in\u00e9dita em Barcelona. Eles saem de Palmas, &hellip;<\/p>\n","protected":false},"author":5,"featured_media":9696,"comment_status":"open","ping_status":"open","sticky":false,"template":"","format":"standard","meta":{"footnotes":""},"categories":[1],"tags":[],"class_list":["post-9695","post","type-post","status-publish","format-standard","has-post-thumbnail","","category-sem-categoria"],"_links":{"self":[{"href":"https:\/\/focotocantinense.com.br\/index.php?rest_route=\/wp\/v2\/posts\/9695","targetHints":{"allow":["GET"]}}],"collection":[{"href":"https:\/\/focotocantinense.com.br\/index.php?rest_route=\/wp\/v2\/posts"}],"about":[{"href":"https:\/\/focotocantinense.com.br\/index.php?rest_route=\/wp\/v2\/types\/post"}],"author":[{"embeddable":true,"href":"https:\/\/focotocantinense.com.br\/index.php?rest_route=\/wp\/v2\/users\/5"}],"replies":[{"embeddable":true,"href":"https:\/\/focotocantinense.com.br\/index.php?rest_route=%2Fwp%2Fv2%2Fcomments&post=9695"}],"version-history":[{"count":1,"href":"https:\/\/focotocantinense.com.br\/index.php?rest_route=\/wp\/v2\/posts\/9695\/revisions"}],"predecessor-version":[{"id":9699,"href":"https:\/\/focotocantinense.com.br\/index.php?rest_route=\/wp\/v2\/posts\/9695\/revisions\/9699"}],"wp:featuredmedia":[{"embeddable":true,"href":"https:\/\/focotocantinense.com.br\/index.php?rest_route=\/wp\/v2\/media\/9696"}],"wp:attachment":[{"href":"https:\/\/focotocantinense.com.br\/index.php?rest_route=%2Fwp%2Fv2%2Fmedia&parent=9695"}],"wp:term":[{"taxonomy":"category","embeddable":true,"href":"https:\/\/focotocantinense.com.br\/index.php?rest_route=%2Fwp%2Fv2%2Fcategories&post=9695"},{"taxonomy":"post_tag","embeddable":true,"href":"https:\/\/focotocantinense.com.br\/index.php?rest_route=%2Fwp%2Fv2%2Ftags&post=9695"}],"curies":[{"name":"wp","href":"https:\/\/api.w.org\/{rel}","templated":true}]}}