{"id":9689,"date":"2025-03-13T18:21:44","date_gmt":"2025-03-13T21:21:44","guid":{"rendered":"https:\/\/focotocantinense.com.br\/?p=9689"},"modified":"2025-03-13T18:25:01","modified_gmt":"2025-03-13T21:25:01","slug":"ao-lado-do-prefeito-wagner-o-senador-eduardo-gomes-asseguro-beneficios-area-da-saude-para-a-populacao-do-municipio-de-araguaina","status":"publish","type":"post","link":"https:\/\/focotocantinense.com.br\/?p=9689","title":{"rendered":"Ao lado do prefeito Wagner, o senador Eduardo Gomes assegura benef\u00edcios na \u00e1rea da sa\u00fade para a popula\u00e7\u00e3o do munic\u00edpio de Aragua\u00edna"},"content":{"rendered":"\n<p> <\/p>\n\n\n\n<p><em>O montante total representa o cuidado que o parlamentar tem em garantir o bem-estar da popula\u00e7\u00e3o do Tocantins e o abastecimento da sa\u00fade<\/em>.<\/p>\n\n\n\n<figure class=\"wp-block-image size-large is-resized\"><img loading=\"lazy\" decoding=\"async\" width=\"1024\" height=\"585\" src=\"https:\/\/focotocantinense.com.br\/wp-content\/uploads\/2025\/03\/senador-eduardo-com-prefeito-wagner-de-araguaina-1024x585.webp\" alt=\"\" class=\"wp-image-9690\" style=\"width:376px;height:auto\" srcset=\"https:\/\/focotocantinense.com.br\/wp-content\/uploads\/2025\/03\/senador-eduardo-com-prefeito-wagner-de-araguaina-1024x585.webp 1024w, https:\/\/focotocantinense.com.br\/wp-content\/uploads\/2025\/03\/senador-eduardo-com-prefeito-wagner-de-araguaina-300x171.webp 300w, https:\/\/focotocantinense.com.br\/wp-content\/uploads\/2025\/03\/senador-eduardo-com-prefeito-wagner-de-araguaina-768x439.webp 768w, https:\/\/focotocantinense.com.br\/wp-content\/uploads\/2025\/03\/senador-eduardo-com-prefeito-wagner-de-araguaina.webp 1159w\" sizes=\"auto, (max-width: 1024px) 100vw, 1024px\" \/><\/figure>\n\n\n\n<p>Nesta semana, o senador pelo Tocantins Eduardo Gomes (PL\/TO) assegurou mais R$4,2 milh\u00f5es para a sa\u00fade de Aragua\u00edna, norte do estado. O recurso \u00e9 para custeio dos servi\u00e7os de aten\u00e7\u00e3o prim\u00e1ria, via Minist\u00e9rio da Sa\u00fade. Outro munic\u00edpio contemplado \u00e9 Mauril\u00e2ndia do Tocantins, com R$300 mil tamb\u00e9m para a mesma finalidade. O montante total de mais de R$4,5 milh\u00f5es representa o cuidado que o parlamentar tem em garantir o bem-estar da popula\u00e7\u00e3o do Tocantins e o abastecimento da sa\u00fade dos munic\u00edpios.<\/p>\n\n\n\n<figure class=\"wp-block-image size-full is-resized\"><img loading=\"lazy\" decoding=\"async\" width=\"291\" height=\"173\" src=\"https:\/\/focotocantinense.com.br\/wp-content\/uploads\/2025\/03\/prefeito-Wagner-de-Araguaina-2-g.jpg\" alt=\"\" class=\"wp-image-9691\" style=\"width:258px;height:auto\"\/><\/figure>\n\n\n\n<figure class=\"wp-block-image size-full is-resized\"><img loading=\"lazy\" decoding=\"async\" width=\"464\" height=\"261\" src=\"https:\/\/focotocantinense.com.br\/wp-content\/uploads\/2025\/03\/prefeito-wagner-de-araguaina-3.jpg\" alt=\"\" class=\"wp-image-9692\" style=\"width:840px;height:auto\" srcset=\"https:\/\/focotocantinense.com.br\/wp-content\/uploads\/2025\/03\/prefeito-wagner-de-araguaina-3.jpg 464w, https:\/\/focotocantinense.com.br\/wp-content\/uploads\/2025\/03\/prefeito-wagner-de-araguaina-3-300x169.jpg 300w\" sizes=\"auto, (max-width: 464px) 100vw, 464px\" \/><\/figure>\n","protected":false},"excerpt":{"rendered":"<p>O montante total representa o cuidado que o parlamentar tem em garantir o bem-estar da popula\u00e7\u00e3o do Tocantins e o abastecimento da sa\u00fade. Nesta semana, o senador pelo Tocantins Eduardo Gomes (PL\/TO) assegurou mais R$4,2 milh\u00f5es para a sa\u00fade de Aragua\u00edna, norte do estado. O recurso \u00e9 para custeio dos servi\u00e7os de aten\u00e7\u00e3o prim\u00e1ria, via &hellip;<\/p>\n","protected":false},"author":5,"featured_media":9690,"comment_status":"open","ping_status":"open","sticky":false,"template":"","format":"standard","meta":{"footnotes":""},"categories":[1],"tags":[],"class_list":["post-9689","post","type-post","status-publish","format-standard","has-post-thumbnail","","category-sem-categoria"],"_links":{"self":[{"href":"https:\/\/focotocantinense.com.br\/index.php?rest_route=\/wp\/v2\/posts\/9689","targetHints":{"allow":["GET"]}}],"collection":[{"href":"https:\/\/focotocantinense.com.br\/index.php?rest_route=\/wp\/v2\/posts"}],"about":[{"href":"https:\/\/focotocantinense.com.br\/index.php?rest_route=\/wp\/v2\/types\/post"}],"author":[{"embeddable":true,"href":"https:\/\/focotocantinense.com.br\/index.php?rest_route=\/wp\/v2\/users\/5"}],"replies":[{"embeddable":true,"href":"https:\/\/focotocantinense.com.br\/index.php?rest_route=%2Fwp%2Fv2%2Fcomments&post=9689"}],"version-history":[{"count":2,"href":"https:\/\/focotocantinense.com.br\/index.php?rest_route=\/wp\/v2\/posts\/9689\/revisions"}],"predecessor-version":[{"id":9694,"href":"https:\/\/focotocantinense.com.br\/index.php?rest_route=\/wp\/v2\/posts\/9689\/revisions\/9694"}],"wp:featuredmedia":[{"embeddable":true,"href":"https:\/\/focotocantinense.com.br\/index.php?rest_route=\/wp\/v2\/media\/9690"}],"wp:attachment":[{"href":"https:\/\/focotocantinense.com.br\/index.php?rest_route=%2Fwp%2Fv2%2Fmedia&parent=9689"}],"wp:term":[{"taxonomy":"category","embeddable":true,"href":"https:\/\/focotocantinense.com.br\/index.php?rest_route=%2Fwp%2Fv2%2Fcategories&post=9689"},{"taxonomy":"post_tag","embeddable":true,"href":"https:\/\/focotocantinense.com.br\/index.php?rest_route=%2Fwp%2Fv2%2Ftags&post=9689"}],"curies":[{"name":"wp","href":"https:\/\/api.w.org\/{rel}","templated":true}]}}