{"id":968,"date":"2021-03-19T16:57:35","date_gmt":"2021-03-19T19:57:35","guid":{"rendered":"http:\/\/focotocantinense.com.br\/?p=968"},"modified":"2021-03-24T16:21:10","modified_gmt":"2021-03-24T19:21:10","slug":"vereadores-de-lagoa-da-confusao-davi-da-ambulancia-e-alan-coelho-entregam-cestas-basicas-as-familias-indigenas","status":"publish","type":"post","link":"https:\/\/focotocantinense.com.br\/?p=968","title":{"rendered":"Vereadores de Lagoa da Confus\u00e3o, Davi da Ambul\u00e2ncia e Alan Coelho entregam cestas b\u00e1sicas \u00e0s fam\u00edlias ind\u00edgenas"},"content":{"rendered":"\n<p><strong>Por Zacarias Martins<\/strong><\/p>\n\n\n\n<p>Dando sequ\u00eancia ao trabalho que desenvolvem visando, pelo menos, minimizar as dificuldades que muitas fam\u00edlias do munic\u00edpio de Lagoa da Confus\u00e3o est\u00e3o passando neste momento por conta da pandemia provocada pela Covid-19, os vereadores Davi da Ambul\u00e2ncia (DC) e Alan Coelho (MDB), estiveram nas aldeias Boto Velho e Horotory Hawa, na Ilha do Bananal, onde fizeram a distribui\u00e7\u00e3o de cestas b\u00e1sicas para 46 fam\u00edlias ind\u00edgenas.<\/p>\n\n\n\n<p>Depois de tanta luta, os&nbsp; vereadores finalmente conseguiram captar &nbsp;essas cestas b\u00e1sicas por &nbsp;meio da Associa\u00e7\u00e3o Amantes da Bola, presidida pela desportista Ros\u00e2ngela Hebel Prestes, que al\u00e9m de atuar na \u00e1rea do esporte, tamb\u00e9m desenvolve v\u00e1rios projetos de grande alcance social em Lagoa da Confus\u00e3o.<\/p>\n\n\n\n<p>Os caciques Wagner Java\u00e9, da Aldeia Boto Velho e\u00a0 Paulinho Java\u00e9, da aldeia Horotory Hawa, agradeceram\u00a0\u00a0 aos vereadores Davi da Ambul\u00e2ncia e\u00a0 Alan Coelho, bem como, \u00e0 presidente da Associa\u00e7\u00e3o\u00a0 Amantes da Bola, Ros\u00e2ngela Hebel Prestes, pelo empenho\u00a0 em conseguir essas cestas b\u00e1sicas que, segundo\u00a0 os l\u00edderes ind\u00edgenas, chegaram em boa hora.<\/p>\n\n\n\n<figure class=\"wp-block-image\"><img decoding=\"async\" src=\"http:\/\/focotocantinense.com.br\/wp-content\/uploads\/2021\/03\/image-11.png\" alt=\"\"\/><\/figure>\n","protected":false},"excerpt":{"rendered":"<p>Por Zacarias Martins Dando sequ\u00eancia ao trabalho que desenvolvem visando, pelo menos, minimizar as dificuldades que muitas fam\u00edlias do munic\u00edpio de Lagoa da Confus\u00e3o est\u00e3o passando neste momento por conta da pandemia provocada pela Covid-19, os vereadores Davi da Ambul\u00e2ncia (DC) e Alan Coelho (MDB), estiveram nas aldeias Boto Velho e Horotory Hawa, na Ilha &hellip;<\/p>\n","protected":false},"author":5,"featured_media":971,"comment_status":"open","ping_status":"open","sticky":false,"template":"","format":"standard","meta":{"footnotes":""},"categories":[71,1],"tags":[],"class_list":["post-968","post","type-post","status-publish","format-standard","has-post-thumbnail","","category-lagoa-da-confusao","category-sem-categoria"],"_links":{"self":[{"href":"https:\/\/focotocantinense.com.br\/index.php?rest_route=\/wp\/v2\/posts\/968","targetHints":{"allow":["GET"]}}],"collection":[{"href":"https:\/\/focotocantinense.com.br\/index.php?rest_route=\/wp\/v2\/posts"}],"about":[{"href":"https:\/\/focotocantinense.com.br\/index.php?rest_route=\/wp\/v2\/types\/post"}],"author":[{"embeddable":true,"href":"https:\/\/focotocantinense.com.br\/index.php?rest_route=\/wp\/v2\/users\/5"}],"replies":[{"embeddable":true,"href":"https:\/\/focotocantinense.com.br\/index.php?rest_route=%2Fwp%2Fv2%2Fcomments&post=968"}],"version-history":[{"count":2,"href":"https:\/\/focotocantinense.com.br\/index.php?rest_route=\/wp\/v2\/posts\/968\/revisions"}],"predecessor-version":[{"id":1000,"href":"https:\/\/focotocantinense.com.br\/index.php?rest_route=\/wp\/v2\/posts\/968\/revisions\/1000"}],"wp:featuredmedia":[{"embeddable":true,"href":"https:\/\/focotocantinense.com.br\/index.php?rest_route=\/wp\/v2\/media\/971"}],"wp:attachment":[{"href":"https:\/\/focotocantinense.com.br\/index.php?rest_route=%2Fwp%2Fv2%2Fmedia&parent=968"}],"wp:term":[{"taxonomy":"category","embeddable":true,"href":"https:\/\/focotocantinense.com.br\/index.php?rest_route=%2Fwp%2Fv2%2Fcategories&post=968"},{"taxonomy":"post_tag","embeddable":true,"href":"https:\/\/focotocantinense.com.br\/index.php?rest_route=%2Fwp%2Fv2%2Ftags&post=968"}],"curies":[{"name":"wp","href":"https:\/\/api.w.org\/{rel}","templated":true}]}}