{"id":9677,"date":"2025-03-12T17:09:33","date_gmt":"2025-03-12T20:09:33","guid":{"rendered":"https:\/\/focotocantinense.com.br\/?p=9677"},"modified":"2025-03-12T17:13:51","modified_gmt":"2025-03-12T20:13:51","slug":"primeira-dama-de-tocantinia-marca-presenca-no-encontro-de-primeiras-damas-e-liderancas-femininas-do-tocantins","status":"publish","type":"post","link":"https:\/\/focotocantinense.com.br\/?p=9677","title":{"rendered":"Primeira-Dama de Tocant\u00ednia marca presen\u00e7a no Encontro de Primeiras-Damas e Lideran\u00e7as Femininas do Tocantins"},"content":{"rendered":"\n<p>A Primeira-Dama de Tocant\u00ednia, S\u00e2mua Rosa, esteve presente no Encontro de Primeiras-Damas e Lideran\u00e7as Femininas do Tocantins, evento organizado pela Primeira-Dama do Estado, Karynne Sotero, com o objetivo de fortalecer o protagonismo feminino e ressaltar o trabalho e legado das mulheres no poder p\u00fablico.<\/p>\n\n\n\n<figure class=\"wp-block-image size-full is-resized\"><img loading=\"lazy\" decoding=\"async\" width=\"426\" height=\"377\" src=\"https:\/\/focotocantinense.com.br\/wp-content\/uploads\/2025\/03\/samua-principal.jpeg\" alt=\"\" class=\"wp-image-9678\" style=\"width:385px;height:auto\" srcset=\"https:\/\/focotocantinense.com.br\/wp-content\/uploads\/2025\/03\/samua-principal.jpeg 426w, https:\/\/focotocantinense.com.br\/wp-content\/uploads\/2025\/03\/samua-principal-300x265.jpeg 300w\" sizes=\"auto, (max-width: 426px) 100vw, 426px\" \/><\/figure>\n\n\n\n<p><strong><em>Primeira-Dama do Estado,\u00a0 Karynne Sotero\u00a0 e a Primeira-Dama de Tocant\u00ednia S\u00e2mua Rosa.<\/em><\/strong><\/p>\n\n\n\n<p>Sua participa\u00e7\u00e3o foi um reflexo do compromisso com a promo\u00e7\u00e3o de pol\u00edticas p\u00fablicas voltadas para a inclus\u00e3o e o empoderamento das mulheres em Tocant\u00ednia e em todo o estado. Durante o evento, S\u00e2mua Rosa, compartilhou suas experi\u00eancias e iniciativas, destacando a import\u00e2ncia de uma lideran\u00e7a feminina s\u00f3lida e comprometida com a transforma\u00e7\u00e3o social.<\/p>\n\n\n\n<figure class=\"wp-block-image size-large is-resized\"><img loading=\"lazy\" decoding=\"async\" width=\"682\" height=\"1024\" src=\"https:\/\/focotocantinense.com.br\/wp-content\/uploads\/2025\/03\/JOSY-682x1024.jpeg\" alt=\"\" class=\"wp-image-9683\" style=\"width:840px;height:auto\" srcset=\"https:\/\/focotocantinense.com.br\/wp-content\/uploads\/2025\/03\/JOSY-682x1024.jpeg 682w, https:\/\/focotocantinense.com.br\/wp-content\/uploads\/2025\/03\/JOSY-200x300.jpeg 200w, https:\/\/focotocantinense.com.br\/wp-content\/uploads\/2025\/03\/JOSY-768x1153.jpeg 768w, https:\/\/focotocantinense.com.br\/wp-content\/uploads\/2025\/03\/JOSY-1023x1536.jpeg 1023w, https:\/\/focotocantinense.com.br\/wp-content\/uploads\/2025\/03\/JOSY.jpeg 1066w\" sizes=\"auto, (max-width: 682px) 100vw, 682px\" \/><\/figure>\n\n\n\n<p><em><strong>Primeira-Dama de Tocant\u00ednia S\u00e2mua Rosa, com a Prefeita de Gurupi, Josi Nunes.<\/strong><\/em><\/p>\n\n\n\n<p>Sob a vis\u00e3o de Karyne Sotero, o evento refor\u00e7ou a necessidade de colabora\u00e7\u00e3o entre as lideran\u00e7as femininas do Tocantins para construir um futuro mais igualit\u00e1rio, e a Primeira-Dama de Tocant\u00ednia, com seu trabalho dedicado, se mostrou um exemplo de for\u00e7a e resili\u00eancia, contribuindo para o fortalecimento do protagonismo feminino em sua cidade e no estado.<\/p>\n\n\n\n<figure class=\"wp-block-image size-full is-resized\"><img loading=\"lazy\" decoding=\"async\" width=\"776\" height=\"520\" src=\"https:\/\/focotocantinense.com.br\/wp-content\/uploads\/2025\/03\/turma-de-mir.jpeg\" alt=\"\" class=\"wp-image-9685\" style=\"width:840px;height:auto\" srcset=\"https:\/\/focotocantinense.com.br\/wp-content\/uploads\/2025\/03\/turma-de-mir.jpeg 776w, https:\/\/focotocantinense.com.br\/wp-content\/uploads\/2025\/03\/turma-de-mir-300x201.jpeg 300w, https:\/\/focotocantinense.com.br\/wp-content\/uploads\/2025\/03\/turma-de-mir-768x515.jpeg 768w, https:\/\/focotocantinense.com.br\/wp-content\/uploads\/2025\/03\/turma-de-mir-110x75.jpeg 110w\" sizes=\"auto, (max-width: 776px) 100vw, 776px\" \/><\/figure>\n\n\n\n<p><strong><em>Primeira-Dama de Tocant\u00ednia S\u00e2mua Rosa,\u00a0 com Prefeita de Miracema do Tocantins Camila Fernandes e sua assessora, Selma.<\/em><\/strong><\/p>\n\n\n\n<figure class=\"wp-block-image size-full\"><img loading=\"lazy\" decoding=\"async\" width=\"843\" height=\"251\" src=\"https:\/\/focotocantinense.com.br\/wp-content\/uploads\/2025\/03\/midia-vinicius.jpg\" alt=\"\" class=\"wp-image-9649\" srcset=\"https:\/\/focotocantinense.com.br\/wp-content\/uploads\/2025\/03\/midia-vinicius.jpg 843w, https:\/\/focotocantinense.com.br\/wp-content\/uploads\/2025\/03\/midia-vinicius-300x89.jpg 300w, https:\/\/focotocantinense.com.br\/wp-content\/uploads\/2025\/03\/midia-vinicius-768x229.jpg 768w\" sizes=\"auto, (max-width: 843px) 100vw, 843px\" \/><\/figure>\n","protected":false},"excerpt":{"rendered":"<p>A Primeira-Dama de Tocant\u00ednia, S\u00e2mua Rosa, esteve presente no Encontro de Primeiras-Damas e Lideran\u00e7as Femininas do Tocantins, evento organizado pela Primeira-Dama do Estado, Karynne Sotero, com o objetivo de fortalecer o protagonismo feminino e ressaltar o trabalho e legado das mulheres no poder p\u00fablico. Primeira-Dama do Estado,\u00a0 Karynne Sotero\u00a0 e a Primeira-Dama de Tocant\u00ednia S\u00e2mua &hellip;<\/p>\n","protected":false},"author":5,"featured_media":9681,"comment_status":"open","ping_status":"open","sticky":false,"template":"","format":"standard","meta":{"footnotes":""},"categories":[1,78],"tags":[],"class_list":["post-9677","post","type-post","status-publish","format-standard","has-post-thumbnail","","category-sem-categoria","category-tocantinia"],"_links":{"self":[{"href":"https:\/\/focotocantinense.com.br\/index.php?rest_route=\/wp\/v2\/posts\/9677","targetHints":{"allow":["GET"]}}],"collection":[{"href":"https:\/\/focotocantinense.com.br\/index.php?rest_route=\/wp\/v2\/posts"}],"about":[{"href":"https:\/\/focotocantinense.com.br\/index.php?rest_route=\/wp\/v2\/types\/post"}],"author":[{"embeddable":true,"href":"https:\/\/focotocantinense.com.br\/index.php?rest_route=\/wp\/v2\/users\/5"}],"replies":[{"embeddable":true,"href":"https:\/\/focotocantinense.com.br\/index.php?rest_route=%2Fwp%2Fv2%2Fcomments&post=9677"}],"version-history":[{"count":4,"href":"https:\/\/focotocantinense.com.br\/index.php?rest_route=\/wp\/v2\/posts\/9677\/revisions"}],"predecessor-version":[{"id":9687,"href":"https:\/\/focotocantinense.com.br\/index.php?rest_route=\/wp\/v2\/posts\/9677\/revisions\/9687"}],"wp:featuredmedia":[{"embeddable":true,"href":"https:\/\/focotocantinense.com.br\/index.php?rest_route=\/wp\/v2\/media\/9681"}],"wp:attachment":[{"href":"https:\/\/focotocantinense.com.br\/index.php?rest_route=%2Fwp%2Fv2%2Fmedia&parent=9677"}],"wp:term":[{"taxonomy":"category","embeddable":true,"href":"https:\/\/focotocantinense.com.br\/index.php?rest_route=%2Fwp%2Fv2%2Fcategories&post=9677"},{"taxonomy":"post_tag","embeddable":true,"href":"https:\/\/focotocantinense.com.br\/index.php?rest_route=%2Fwp%2Fv2%2Ftags&post=9677"}],"curies":[{"name":"wp","href":"https:\/\/api.w.org\/{rel}","templated":true}]}}