{"id":9673,"date":"2025-03-12T09:40:13","date_gmt":"2025-03-12T12:40:13","guid":{"rendered":"https:\/\/focotocantinense.com.br\/?p=9673"},"modified":"2025-03-12T09:40:14","modified_gmt":"2025-03-12T12:40:14","slug":"professores-de-jornalismo-da-unirg-coordenam-gt-no-intercom-norte","status":"publish","type":"post","link":"https:\/\/focotocantinense.com.br\/?p=9673","title":{"rendered":"Professores de Jornalismo da UnirG coordenam GT no Intercom Norte"},"content":{"rendered":"\n<p>A coordenadora do curso de Jornalismo, Dra. Joyce Karoline Pontes e o coordenador de est\u00e1gio, Me. Clifton Morais Correia, da Universidade de Gurupi \u2013 UnirG, ir\u00e3o coordenar o Grupo de Trabalho (GT) 17, no XXII Congresso de Ci\u00eancias da Comunica\u00e7\u00e3o na Regi\u00e3o Norte (Intercom Norte). O evento ocorrer\u00e1 de forma remota, de 28 a 30 de maio e o GT abordar\u00e1 \u201cRedes Digitais, Cultura e Sustentabilidade na Amaz\u00f4nia\u201d.<\/p>\n\n\n\n<figure class=\"wp-block-image size-large is-resized\"><img loading=\"lazy\" decoding=\"async\" width=\"1024\" height=\"1024\" src=\"https:\/\/focotocantinense.com.br\/wp-content\/uploads\/2025\/03\/WhatsApp-Image-2025-03-11-at-18.52.09-1024x1024.jpeg\" alt=\"\" class=\"wp-image-9674\" style=\"width:344px;height:auto\" srcset=\"https:\/\/focotocantinense.com.br\/wp-content\/uploads\/2025\/03\/WhatsApp-Image-2025-03-11-at-18.52.09-1024x1024.jpeg 1024w, https:\/\/focotocantinense.com.br\/wp-content\/uploads\/2025\/03\/WhatsApp-Image-2025-03-11-at-18.52.09-300x300.jpeg 300w, https:\/\/focotocantinense.com.br\/wp-content\/uploads\/2025\/03\/WhatsApp-Image-2025-03-11-at-18.52.09-150x150.jpeg 150w, https:\/\/focotocantinense.com.br\/wp-content\/uploads\/2025\/03\/WhatsApp-Image-2025-03-11-at-18.52.09-768x768.jpeg 768w, https:\/\/focotocantinense.com.br\/wp-content\/uploads\/2025\/03\/WhatsApp-Image-2025-03-11-at-18.52.09.jpeg 1080w\" sizes=\"auto, (max-width: 1024px) 100vw, 1024px\" \/><\/figure>\n\n\n\n<p>De acordo com Joyce Karoline Pontes, o GT proposto pelos docentes de Jornalismo da UnirG, tem como objetivo debater a influ\u00eancia dos sites e portais digitais, com um foco especial nas plataformas voltadas para a Amaz\u00f4nia.<\/p>\n\n\n\n<p>\u201cO intuito \u00e9 debater a comunica\u00e7\u00e3o, visando a promo\u00e7\u00e3o das culturas regionais, a partir de uma proposta que explora o papel das redes digitais na dissemina\u00e7\u00e3o de informa\u00e7\u00f5es, resist\u00eancia cultural e constru\u00e7\u00e3o de uma identidade digital amaz\u00f4nica. O grupo busca ainda, aprofundar a reflex\u00e3o sobre os desafios enfrentados pelos ve\u00edculos de comunica\u00e7\u00e3o digital, especialmente nas quest\u00f5es relacionadas \u00e0 sustentabilidade da regi\u00e3o Norte\u201d, afirmou Pontes.<\/p>\n\n\n\n<p>Conforme o professor Clifton Morais, \u201c a abordagem do Grupo de Trabalho visa tamb\u00e9m, destacar como as redes sociais podem potencializar a divulga\u00e7\u00e3o de conte\u00fados que respeitem as tradi\u00e7\u00f5es culturais amaz\u00f4nicas, ao mesmo tempo em que utilizam as potencialidades da internet para ampliar o alcance das informa\u00e7\u00f5es\u201d, relatou<\/p>\n\n\n\n<figure class=\"wp-block-image size-full\"><img loading=\"lazy\" decoding=\"async\" width=\"1024\" height=\"576\" src=\"https:\/\/focotocantinense.com.br\/wp-content\/uploads\/2025\/03\/campus-I1.jpg\" alt=\"\" class=\"wp-image-9675\" srcset=\"https:\/\/focotocantinense.com.br\/wp-content\/uploads\/2025\/03\/campus-I1.jpg 1024w, https:\/\/focotocantinense.com.br\/wp-content\/uploads\/2025\/03\/campus-I1-300x169.jpg 300w, https:\/\/focotocantinense.com.br\/wp-content\/uploads\/2025\/03\/campus-I1-768x432.jpg 768w\" sizes=\"auto, (max-width: 1024px) 100vw, 1024px\" \/><\/figure>\n\n\n\n<p>O professor destacou ainda, os temas que ser\u00e3o debatidos. \u201cEntre os destaques, incluem webjornalismo, meio ambiente, fotojornalismo, fake news, economia, sa\u00fade, educa\u00e7\u00e3o, entre outros, criando um espa\u00e7o prop\u00edcio para a troca de ideias inovadoras e inclusivas no campo da comunica\u00e7\u00e3o regional\u201d, frisou.<\/p>\n\n\n\n<p>Submiss\u00e3o de trabalhos cient\u00edficos<\/p>\n\n\n\n<p>O prazo para envio do resumo expandido est\u00e1 aberto e segue at\u00e9 22 de abril. Os trabalhos aprovados para apresenta\u00e7\u00e3o, em modo s\u00edncrono, ser\u00e3o divulgados em 16 de maio.<\/p>\n\n\n\n<p>Os resumos expandidos devem ter entre 4 e 6 p\u00e1ginas. Para mais informa\u00e7\u00f5es sobre o evento e como submeter seu trabalho, acesse o site oficial do Congresso na aba Grupos de Trabalho: https:\/\/www.intercomnorte.com.br.<\/p>\n","protected":false},"excerpt":{"rendered":"<p>A coordenadora do curso de Jornalismo, Dra. Joyce Karoline Pontes e o coordenador de est\u00e1gio, Me. Clifton Morais Correia, da Universidade de Gurupi \u2013 UnirG, ir\u00e3o coordenar o Grupo de Trabalho (GT) 17, no XXII Congresso de Ci\u00eancias da Comunica\u00e7\u00e3o na Regi\u00e3o Norte (Intercom Norte). O evento ocorrer\u00e1 de forma remota, de 28 a 30 &hellip;<\/p>\n","protected":false},"author":5,"featured_media":9674,"comment_status":"open","ping_status":"open","sticky":false,"template":"","format":"standard","meta":{"footnotes":""},"categories":[1],"tags":[],"class_list":["post-9673","post","type-post","status-publish","format-standard","has-post-thumbnail","","category-sem-categoria"],"_links":{"self":[{"href":"https:\/\/focotocantinense.com.br\/index.php?rest_route=\/wp\/v2\/posts\/9673","targetHints":{"allow":["GET"]}}],"collection":[{"href":"https:\/\/focotocantinense.com.br\/index.php?rest_route=\/wp\/v2\/posts"}],"about":[{"href":"https:\/\/focotocantinense.com.br\/index.php?rest_route=\/wp\/v2\/types\/post"}],"author":[{"embeddable":true,"href":"https:\/\/focotocantinense.com.br\/index.php?rest_route=\/wp\/v2\/users\/5"}],"replies":[{"embeddable":true,"href":"https:\/\/focotocantinense.com.br\/index.php?rest_route=%2Fwp%2Fv2%2Fcomments&post=9673"}],"version-history":[{"count":1,"href":"https:\/\/focotocantinense.com.br\/index.php?rest_route=\/wp\/v2\/posts\/9673\/revisions"}],"predecessor-version":[{"id":9676,"href":"https:\/\/focotocantinense.com.br\/index.php?rest_route=\/wp\/v2\/posts\/9673\/revisions\/9676"}],"wp:featuredmedia":[{"embeddable":true,"href":"https:\/\/focotocantinense.com.br\/index.php?rest_route=\/wp\/v2\/media\/9674"}],"wp:attachment":[{"href":"https:\/\/focotocantinense.com.br\/index.php?rest_route=%2Fwp%2Fv2%2Fmedia&parent=9673"}],"wp:term":[{"taxonomy":"category","embeddable":true,"href":"https:\/\/focotocantinense.com.br\/index.php?rest_route=%2Fwp%2Fv2%2Fcategories&post=9673"},{"taxonomy":"post_tag","embeddable":true,"href":"https:\/\/focotocantinense.com.br\/index.php?rest_route=%2Fwp%2Fv2%2Ftags&post=9673"}],"curies":[{"name":"wp","href":"https:\/\/api.w.org\/{rel}","templated":true}]}}