{"id":9662,"date":"2025-03-04T20:42:51","date_gmt":"2025-03-04T23:42:51","guid":{"rendered":"https:\/\/focotocantinense.com.br\/?p=9662"},"modified":"2025-03-04T20:49:08","modified_gmt":"2025-03-04T23:49:08","slug":"gurupi-2025-desfile-de-carnaval-fecha-a-terceira-noite-em-grande-estilo","status":"publish","type":"post","link":"https:\/\/focotocantinense.com.br\/?p=9662","title":{"rendered":"Gurupi 2025: Desfile de Carnaval fecha a terceira noite em grande estilo"},"content":{"rendered":"\n<p>A folia em Gurupi n\u00e3o para! Na terceira noite de Carnaval, realizada neste domingo, a Avenida ficou lotada de foli\u00f5es \u2014 tanto dos blocos quanto da \u201cpipoca\u201d \u2014 todos prontos para curtir o circuito repleto de atra\u00e7\u00f5es musicais. A festa come\u00e7ou \u00e0s 21h com Amigos do Samba e Isaac Rodrigues, seguiu \u00e0s 22h30 com Leo Lima e o grupo Nupagodj\u00e9, e teve como grande destaque, \u00e0 meia-noite, a dupla Diego e Victor Hugo, que levantou o p\u00fablico ao som de sucessos como \u201cO Alvo\u201d, \u201cA Culpa \u00c9 do Grau\u201d e \u201cPrefiro Nem Perguntar\u201d. Paralelamente, a dupla Pedro Henrique e Eduardo tamb\u00e9m entrou em cena, seguida pela banda V\u00e9i de Bengala, pelo cantor M\u00e1rio Souzza e, por fim, pelo DJ Brunno, que encerrou a noite \u00e0s 3h30 com muita anima\u00e7\u00e3o.<\/p>\n\n\n\n<p><img decoding=\"async\" style=\"\" src=\"https:\/\/gurupi.to.gov.br\/wp-content\/uploads\/2025\/03\/6708a5c2-1b69-463a-8d3f-152c9e647636-300x200.jpeg\" alt=\"\"><\/p>\n\n\n\n<p id=\"caption-attachment-32499\"><strong><em>Grupo \u201cGlow\u201d fazendo a festa na avenida<\/em><\/strong><\/p>\n\n\n\n<p>Para quem veio de longe, a experi\u00eancia tem sido inesquec\u00edvel. A jornalista Giovana Jardim, que saiu de Palmas especialmente para o Carnaval de Gurupi, n\u00e3o se arrependeu \u201cO Carnaval de Gurupi s\u00f3 cresce. Este ano surpreendeu com as atra\u00e7\u00f5es e a estrutura; estou amando ter vindo para c\u00e1 e vou curtir demais!\u201d<\/p>\n\n\n\n<p>A nutricionista Lara de Paula tamb\u00e9m aprovou a festa, curtindo cada momento com os amigos no Bloquinho do Tio Jo\u00e3o \u201cAqui n\u00f3s tivemos toda a estrutura fornecida pela Prefeitura, um local privilegiado em frente ao t\u00fanel, e n\u00e3o perdemos nenhum instante. O Carnaval deste ano ficou para a hist\u00f3ria!\u201d<\/p>\n\n\n\n<p><strong>Desfile<\/strong><\/p>\n\n\n\n<p>O tradicional desfile dos blocos foi o grande fechamento do terceiro dia, com apresenta\u00e7\u00f5es dos grupos T\u00d4 LISO + T\u00d4 AKI, INIMIGOS DO FIM, BLOCO CARRASCA, P\u00c9 DE PORCO, PEGA PRA CAP\u00c1 e do bloco BORA. O resultado dos campe\u00f5es saiu no mesmo dia, ap\u00f3s a decis\u00e3o dos jurados \u2013 Magno Garrido, Sara Caroliny, Leonardo Alves e o presidente da comiss\u00e3o, Sebasti\u00e3o de Sales \u2013 que elegeram os grandes campe\u00f5es: o bloco PEGA PRA CAP\u00c1 em primeiro lugar com o seu 11\u00ba t\u00edtulo, premiado com 10 sal\u00e1rios m\u00ednimos; em segundo lugar, o BLOCO CARRASCA, com 5 sal\u00e1rios m\u00ednimos; e em terceiro, o BLOCO BORA, com 3 sal\u00e1rios m\u00ednimos.<\/p>\n\n\n\n<p><img loading=\"lazy\" decoding=\"async\" src=\"https:\/\/gurupi.to.gov.br\/wp-content\/uploads\/2025\/03\/7e4cf53a-0e3a-4d5d-8991-14b3acde4108-300x200.jpeg\" alt=\"\" width=\"500\" height=\"333\" srcset=\"https:\/\/gurupi.to.gov.br\/wp-content\/uploads\/2025\/03\/7e4cf53a-0e3a-4d5d-8991-14b3acde4108-300x200.jpeg 300w, https:\/\/gurupi.to.gov.br\/wp-content\/uploads\/2025\/03\/7e4cf53a-0e3a-4d5d-8991-14b3acde4108-1024x682.jpeg 1024w, https:\/\/gurupi.to.gov.br\/wp-content\/uploads\/2025\/03\/7e4cf53a-0e3a-4d5d-8991-14b3acde4108-768x512.jpeg 768w, https:\/\/gurupi.to.gov.br\/wp-content\/uploads\/2025\/03\/7e4cf53a-0e3a-4d5d-8991-14b3acde4108.jpeg 1280w\"><\/p>\n\n\n\n<p id=\"caption-attachment-32495\"><strong><em>Grande campe\u00e3o \u2013 Bloco Pega pra capa<\/em><\/strong><\/p>\n\n\n\n<p>A prefeita Josi Nunes refor\u00e7ou a import\u00e2ncia da participa\u00e7\u00e3o dos blocos no desfile, afirmando que, em Gurupi, \u201caos poucos n\u00f3s vamos fortalecendo o nosso carnaval. Este ano, fizemos um grande investimento e a resposta est\u00e1 a\u00ed: os blocos v\u00eam com tudo para a avenida\u201d, finalizou.<\/p>\n\n\n\n<figure class=\"wp-block-image is-resized\"><img decoding=\"async\" src=\"https:\/\/gurupi.to.gov.br\/wp-content\/uploads\/2025\/03\/ff211a8d-8306-4c75-805a-698f1c9011cc-300x200.jpeg\" alt=\"\" class=\"wp-image-32497\" style=\"width:840px;height:auto\"\/><\/figure>\n\n\n\n<p><strong><em>Matin\u00eas animam crian\u00e7as e adultos<\/em><\/strong><\/p>\n\n\n\n<p>Enquanto a noite \u00e9 dos shows e dos blocos, as tardes foram dedicadas \u00e0s matin\u00eas. No Parque Mutuca, a crian\u00e7ada aproveitou apresenta\u00e7\u00f5es infantis com Let\u00edcia Melo, personagens do grupo \u201cGlow\u201d e muitas guloseimas, como pipoca e algod\u00e3o-doce. J\u00e1 no circuito oficial, houve matin\u00ea para os adultos, animada por som automotivo, garantindo um esquenta perfeito para os shows noturnos.<\/p>\n\n\n\n<p>Trevo da Praia tamb\u00e9m entra na folia<\/p>\n\n\n\n<p>Quem n\u00e3o p\u00f4de comparecer ao centro de Gurupi contou com atra\u00e7\u00f5es no Trevo da Praia. O cantor Rafael Barbosa e Wagner dos Teclados se apresentaram a partir das 21h, levando um gostinho do Carnaval para outras \u00e1reas da cidade e garantindo que a folia chegasse a todos.<\/p>\n\n\n\n<p><strong>Programa\u00e7\u00e3o \u2013 3 de mar\u00e7o<\/strong><\/p>\n\n\n\n<p>16h \u2013 Matin\u00ea<br>\u2022 Som Automotivo (Circuito)<br>\u2022 Trio M2 \u2013 Deusa Pinheiro (Mutuca)<\/p>\n\n\n\n<p><strong>Circuito Oficial<\/strong><br>\u2022 20h \u2013 Trio M1: WPresley Jorge<br>\u2022 21h \u2013 Trio M2: Higor Queiroz<br>\u2022 22h30 \u2013 Trio M2: Ronysson<br>\u2022 22h30 \u2013 Trio M1: Z-Dubai<br>\u2022 23h \u2013 Trio Nacional: Patchanka<br>\u2022 00h30 \u2013 Trio M1: Projeto 1+1<br>\u2022 00h30 \u2013 Trio M2: Jefferson<br>\u2022 00h30 \u2013 Trio Nacional: Breno Major<br>\u2022 02h \u2013 Trio M1: Thayse Marques<br>\u2022 02h \u2013 Trio M2: Rick Souza<br>\u2022 02h30 \u2013 Trio Nacional: Deavele Santos<br>\u2022 03h \u2013 Trio M1: Jonatas Marques<br>\u2022 03h \u2013 Trio M2: DJ Hylis<br>\u2022 04h \u2013 Trio M1: DJ Eme<\/p>\n\n\n\n<p><strong>Programa\u00e7\u00e3o \u2013 4 de mar\u00e7o<\/strong><\/p>\n\n\n\n<p>Circuito Oficial<br>\u2022 21h \u2013 Trio M1: Pagode VIP<br>\u2022 21h \u2013 Trio M2: Gheisa<br>\u2022 22h30 \u2013 Trio M2: Vit\u00f3ria Alves<br>\u2022 22h30 \u2013 Trio M1: Sabrina Fittipaldi<br>\u2022 23h \u2013 Trio Nacional: Lim\u00e3o com Mel<br>\u2022 00h \u2013 Trio M1: Pedro Valoura<br>\u2022 01h \u2013 Trio Nacional: DJ Eme<br>\u2022 01h30 \u2013 Trio M1: Di Luca e Rafael<br>\u2022 02h \u2013 Trio M2: DJ Kaio<br>\u2022 03h \u2013 Trio Nacional: Robinho Estilizado<\/p>\n\n\n\n<p>Com tanta variedade, n\u00e3o faltam motivos para cair na folia. O Carnaval de Gurupi segue a todo vapor, prometendo muita m\u00fasica, divers\u00e3o e seguran\u00e7a para moradores e visitantes at\u00e9 o \u00faltimo acorde.<\/p>\n\n\n\n<p><a href=\"https:\/\/gurupi.to.gov.br\/2025\/03\/bloco-da-limpeza-mantem-tradicao-de-organizacao-e-manutencao-do-circuito-do-carnaval-de-gurupi-2025\/\"><\/a><\/p>\n\n\n\n<p><\/p>\n","protected":false},"excerpt":{"rendered":"<p>A folia em Gurupi n\u00e3o para! Na terceira noite de Carnaval, realizada neste domingo, a Avenida ficou lotada de foli\u00f5es \u2014 tanto dos blocos quanto da \u201cpipoca\u201d \u2014 todos prontos para curtir o circuito repleto de atra\u00e7\u00f5es musicais. A festa come\u00e7ou \u00e0s 21h com Amigos do Samba e Isaac Rodrigues, seguiu \u00e0s 22h30 com Leo &hellip;<\/p>\n","protected":false},"author":5,"featured_media":9663,"comment_status":"open","ping_status":"open","sticky":false,"template":"","format":"standard","meta":{"footnotes":""},"categories":[38],"tags":[],"class_list":["post-9662","post","type-post","status-publish","format-standard","has-post-thumbnail","","category-gurupi"],"_links":{"self":[{"href":"https:\/\/focotocantinense.com.br\/index.php?rest_route=\/wp\/v2\/posts\/9662","targetHints":{"allow":["GET"]}}],"collection":[{"href":"https:\/\/focotocantinense.com.br\/index.php?rest_route=\/wp\/v2\/posts"}],"about":[{"href":"https:\/\/focotocantinense.com.br\/index.php?rest_route=\/wp\/v2\/types\/post"}],"author":[{"embeddable":true,"href":"https:\/\/focotocantinense.com.br\/index.php?rest_route=\/wp\/v2\/users\/5"}],"replies":[{"embeddable":true,"href":"https:\/\/focotocantinense.com.br\/index.php?rest_route=%2Fwp%2Fv2%2Fcomments&post=9662"}],"version-history":[{"count":6,"href":"https:\/\/focotocantinense.com.br\/index.php?rest_route=\/wp\/v2\/posts\/9662\/revisions"}],"predecessor-version":[{"id":9670,"href":"https:\/\/focotocantinense.com.br\/index.php?rest_route=\/wp\/v2\/posts\/9662\/revisions\/9670"}],"wp:featuredmedia":[{"embeddable":true,"href":"https:\/\/focotocantinense.com.br\/index.php?rest_route=\/wp\/v2\/media\/9663"}],"wp:attachment":[{"href":"https:\/\/focotocantinense.com.br\/index.php?rest_route=%2Fwp%2Fv2%2Fmedia&parent=9662"}],"wp:term":[{"taxonomy":"category","embeddable":true,"href":"https:\/\/focotocantinense.com.br\/index.php?rest_route=%2Fwp%2Fv2%2Fcategories&post=9662"},{"taxonomy":"post_tag","embeddable":true,"href":"https:\/\/focotocantinense.com.br\/index.php?rest_route=%2Fwp%2Fv2%2Ftags&post=9662"}],"curies":[{"name":"wp","href":"https:\/\/api.w.org\/{rel}","templated":true}]}}