{"id":9656,"date":"2025-03-04T20:21:28","date_gmt":"2025-03-04T23:21:28","guid":{"rendered":"https:\/\/focotocantinense.com.br\/?p=9656"},"modified":"2025-03-04T20:31:11","modified_gmt":"2025-03-04T23:31:11","slug":"paixao-de-cristo-2025-de-gurupi-abre-selecao-de-elenco","status":"publish","type":"post","link":"https:\/\/focotocantinense.com.br\/?p=9656","title":{"rendered":"Paix\u00e3o de Cristo 2025 de Gurupi abre sele\u00e7\u00e3o de elenco"},"content":{"rendered":"\n<p><strong>Por Vinicius Martins&nbsp;<\/strong><\/p>\n\n\n\n<p>A Companhia de Teatro Paix\u00e3o de Cristo, vinculada \u00e0 Par\u00f3quia de Nossa Senhora da Concei\u00e7\u00e3o em Gurupi, est\u00e1 com as inscri\u00e7\u00f5es abertas para a sele\u00e7\u00e3o de atores, figurantes, equipe t\u00e9cnica e colaboradores para a 7\u00aa Edi\u00e7\u00e3o da Paix\u00e3o de Cristo 2025. A participa\u00e7\u00e3o \u00e9 gratuita e as inscri\u00e7\u00f5es podem ser realizadas atrav\u00e9s do seguinte link&nbsp;&nbsp;<strong><a href=\"https:\/\/forms.gle\/GRR3aJ4jR5ZZEoSg6\">Paix\u00e3o de Crito.&nbsp;<\/a>&nbsp;<\/strong><\/p>\n\n\n\n<p>A 7\u00aa Edi\u00e7\u00e3o da Paix\u00e3o de Cristo 2025 ser\u00e1 apresentada no dia 18 de abril na Par\u00f3quia de Nossa Senhora da Concei\u00e7\u00e3o. N\u00e3o \u00e9 preciso ter experi\u00eancia, e poder\u00e3o participar homens, mulheres e crian\u00e7as de todas as idades.<\/p>\n\n\n\n<p>Conforme o diretor F\u00e1bio Moreno, anualmente a equipe procura trazer novidades que aprimoram essa bela narrativa de amor. A ess\u00eancia da hist\u00f3ria continua a mesma, mas a maneira como ela emociona as pessoas \u00e9 distinta.<\/p>\n\n\n\n<p>Para obter mais detalhes, entre em contato pelo WhatsApp no n\u00famero (63) 99260-8463, falar com F\u00e1bio Moreno.<\/p>\n\n\n\n<figure class=\"wp-block-image size-large is-resized\"><img loading=\"lazy\" decoding=\"async\" width=\"1024\" height=\"1024\" src=\"https:\/\/focotocantinense.com.br\/wp-content\/uploads\/2025\/03\/1-PAIZAO-DE-CRISTO-1024x1024.jpeg\" alt=\"\" class=\"wp-image-9657\" style=\"width:395px;height:auto\" srcset=\"https:\/\/focotocantinense.com.br\/wp-content\/uploads\/2025\/03\/1-PAIZAO-DE-CRISTO-1024x1024.jpeg 1024w, https:\/\/focotocantinense.com.br\/wp-content\/uploads\/2025\/03\/1-PAIZAO-DE-CRISTO-300x300.jpeg 300w, https:\/\/focotocantinense.com.br\/wp-content\/uploads\/2025\/03\/1-PAIZAO-DE-CRISTO-150x150.jpeg 150w, https:\/\/focotocantinense.com.br\/wp-content\/uploads\/2025\/03\/1-PAIZAO-DE-CRISTO-768x767.jpeg 768w, https:\/\/focotocantinense.com.br\/wp-content\/uploads\/2025\/03\/1-PAIZAO-DE-CRISTO.jpeg 1284w\" sizes=\"auto, (max-width: 1024px) 100vw, 1024px\" \/><\/figure>\n","protected":false},"excerpt":{"rendered":"<p>Por Vinicius Martins&nbsp; A Companhia de Teatro Paix\u00e3o de Cristo, vinculada \u00e0 Par\u00f3quia de Nossa Senhora da Concei\u00e7\u00e3o em Gurupi, est\u00e1 com as inscri\u00e7\u00f5es abertas para a sele\u00e7\u00e3o de atores, figurantes, equipe t\u00e9cnica e colaboradores para a 7\u00aa Edi\u00e7\u00e3o da Paix\u00e3o de Cristo 2025. A participa\u00e7\u00e3o \u00e9 gratuita e as inscri\u00e7\u00f5es podem ser realizadas atrav\u00e9s &hellip;<\/p>\n","protected":false},"author":5,"featured_media":9657,"comment_status":"open","ping_status":"open","sticky":false,"template":"","format":"standard","meta":{"footnotes":""},"categories":[38,1],"tags":[],"class_list":["post-9656","post","type-post","status-publish","format-standard","has-post-thumbnail","","category-gurupi","category-sem-categoria"],"_links":{"self":[{"href":"https:\/\/focotocantinense.com.br\/index.php?rest_route=\/wp\/v2\/posts\/9656","targetHints":{"allow":["GET"]}}],"collection":[{"href":"https:\/\/focotocantinense.com.br\/index.php?rest_route=\/wp\/v2\/posts"}],"about":[{"href":"https:\/\/focotocantinense.com.br\/index.php?rest_route=\/wp\/v2\/types\/post"}],"author":[{"embeddable":true,"href":"https:\/\/focotocantinense.com.br\/index.php?rest_route=\/wp\/v2\/users\/5"}],"replies":[{"embeddable":true,"href":"https:\/\/focotocantinense.com.br\/index.php?rest_route=%2Fwp%2Fv2%2Fcomments&post=9656"}],"version-history":[{"count":3,"href":"https:\/\/focotocantinense.com.br\/index.php?rest_route=\/wp\/v2\/posts\/9656\/revisions"}],"predecessor-version":[{"id":9661,"href":"https:\/\/focotocantinense.com.br\/index.php?rest_route=\/wp\/v2\/posts\/9656\/revisions\/9661"}],"wp:featuredmedia":[{"embeddable":true,"href":"https:\/\/focotocantinense.com.br\/index.php?rest_route=\/wp\/v2\/media\/9657"}],"wp:attachment":[{"href":"https:\/\/focotocantinense.com.br\/index.php?rest_route=%2Fwp%2Fv2%2Fmedia&parent=9656"}],"wp:term":[{"taxonomy":"category","embeddable":true,"href":"https:\/\/focotocantinense.com.br\/index.php?rest_route=%2Fwp%2Fv2%2Fcategories&post=9656"},{"taxonomy":"post_tag","embeddable":true,"href":"https:\/\/focotocantinense.com.br\/index.php?rest_route=%2Fwp%2Fv2%2Ftags&post=9656"}],"curies":[{"name":"wp","href":"https:\/\/api.w.org\/{rel}","templated":true}]}}