{"id":9647,"date":"2025-03-01T19:55:39","date_gmt":"2025-03-01T22:55:39","guid":{"rendered":"https:\/\/focotocantinense.com.br\/?p=9647"},"modified":"2025-03-01T19:57:36","modified_gmt":"2025-03-01T22:57:36","slug":"pequenos-folioes-animam-matine-carnavalesca-no-parque-mutuca-em-gurupi","status":"publish","type":"post","link":"https:\/\/focotocantinense.com.br\/?p=9647","title":{"rendered":"Pequenos foli\u00f5es animam matin\u00ea carnavalesca no Parque Mutuca em Gurupi"},"content":{"rendered":"\n<p>O Carnaval de Gurupi tamb\u00e9m \u00e9 para os pequenos! As matin\u00eas infantis foram iniciadas neste s\u00e1bado, 1\u00ba, no Parque Mutuca, reunindo crian\u00e7as fantasiadas e cheias de energia para aproveitar a festa. O evento foi comandado pela Banda V\u00e9i de Bengala, que garantiu a divers\u00e3o com ritmos carnavalescos, fazendo com que crian\u00e7as e seus respons\u00e1veis n\u00e3o ficassem parados.<\/p>\n\n\n\n<p>A matin\u00ea contou ainda com a participa\u00e7\u00e3o especial da Glow Produ\u00e7\u00f5es, que levou personagens queridos do p\u00fablico infantil, como Patrulha Canina, Mickey, Minnie, Pluto e Pato Donald. Al\u00e9m disso, as palha\u00e7as Peteca e Potoca entraram na folia. Para complementar a divers\u00e3o, brinquedos infl\u00e1veis foram espalhados pelo gramado do Parque, garantindo muita divers\u00e3o.<\/p>\n\n\n\n<figure class=\"wp-block-image size-large is-resized\"><img loading=\"lazy\" decoding=\"async\" width=\"1024\" height=\"682\" src=\"https:\/\/focotocantinense.com.br\/wp-content\/uploads\/2025\/03\/aaaaaaaaaaaaaaa-1024x682.jpg\" alt=\"\" class=\"wp-image-9648\" style=\"width:414px;height:auto\" srcset=\"https:\/\/focotocantinense.com.br\/wp-content\/uploads\/2025\/03\/aaaaaaaaaaaaaaa-1024x682.jpg 1024w, https:\/\/focotocantinense.com.br\/wp-content\/uploads\/2025\/03\/aaaaaaaaaaaaaaa-300x200.jpg 300w, https:\/\/focotocantinense.com.br\/wp-content\/uploads\/2025\/03\/aaaaaaaaaaaaaaa-768x512.jpg 768w, https:\/\/focotocantinense.com.br\/wp-content\/uploads\/2025\/03\/aaaaaaaaaaaaaaa-1536x1023.jpg 1536w, https:\/\/focotocantinense.com.br\/wp-content\/uploads\/2025\/03\/aaaaaaaaaaaaaaa-310x205.jpg 310w, https:\/\/focotocantinense.com.br\/wp-content\/uploads\/2025\/03\/aaaaaaaaaaaaaaa.jpg 1600w\" sizes=\"auto, (max-width: 1024px) 100vw, 1024px\" \/><\/figure>\n\n\n\n<p><\/p>\n\n\n\n<p>O pequeno Ryan Henrique Farias, de sete anos, vestido de Super-Homem, mostrou que tem energia de sobra. &#8220;Gostei muito e quero vir amanh\u00e3&#8221;, disse animado. Sua m\u00e3e, Diana Farias, destacou a import\u00e2ncia de envolver os filhos nas festividades. &#8220;Gosto de Carnaval e sempre dou um jeitinho de traz\u00ea-lo \u00e0s matin\u00eas. \u00c9 um momento de folia em fam\u00edlia&#8221;, afirmou.<\/p>\n\n\n\n<p>Fantasiada de fadinha, Valentina Ara\u00fajo, de quatro anos, brilhou na festa ao lado da tia, Jennerfer Pereira. &#8220;\u00c9 a segunda vez que ela vem e est\u00e1 amando. N\u00f3s adultos tamb\u00e9m aproveitamos bastante&#8221;, contou. J\u00e1 Maria Caroline Pereira levou pela primeira vez seus filhos Laura, Isadora e Gael. &#8220;Eles est\u00e3o adorando, brincando no parquinho e estou registrando tudo pelo celular&#8221;, relatou.<\/p>\n\n\n\n<p>A prefeita Josi Nunes, acompanhada pelo vice-prefeito Adailton Fonseca e pelo deputado federal Carlos Gaguim, tamb\u00e9m marcou presen\u00e7a na matin\u00ea. \u201cAs crian\u00e7as amam essa festa, e fazemos quest\u00e3o de preparar algo especial para elas. Criamos esse espet\u00e1culo m\u00e1gico com personagens, coreografias e muita intera\u00e7\u00e3o. Os pais tamb\u00e9m entram na folia sadia e familiar&#8221;, destacou.<\/p>\n\n\n\n<p>A secret\u00e1ria municipal de Cultura e Turismo, Liliane Pagliarini, ressaltou que a programa\u00e7\u00e3o especial busca atender todas as idades ao longo do dia.<\/p>\n\n\n\n<figure class=\"wp-block-image size-large\"><img loading=\"lazy\" decoding=\"async\" width=\"1024\" height=\"682\" src=\"https:\/\/focotocantinense.com.br\/wp-content\/uploads\/2025\/03\/BBB-1024x682.jpeg\" alt=\"\" class=\"wp-image-9653\" srcset=\"https:\/\/focotocantinense.com.br\/wp-content\/uploads\/2025\/03\/BBB-1024x682.jpeg 1024w, https:\/\/focotocantinense.com.br\/wp-content\/uploads\/2025\/03\/BBB-300x200.jpeg 300w, https:\/\/focotocantinense.com.br\/wp-content\/uploads\/2025\/03\/BBB-768x512.jpeg 768w, https:\/\/focotocantinense.com.br\/wp-content\/uploads\/2025\/03\/BBB-1536x1023.jpeg 1536w, https:\/\/focotocantinense.com.br\/wp-content\/uploads\/2025\/03\/BBB-310x205.jpeg 310w, https:\/\/focotocantinense.com.br\/wp-content\/uploads\/2025\/03\/BBB.jpeg 1600w\" sizes=\"auto, (max-width: 1024px) 100vw, 1024px\" \/><\/figure>\n\n\n\n<p><\/p>\n\n\n\n<p><strong>Matin\u00ea para os adultos<\/strong><\/p>\n\n\n\n<p>Paralelo \u00e0 matin\u00ea infantil, os adultos tamb\u00e9m entraram no clima do Carnaval com muito som automotivo no circuito oficial da folia. Assim como no ano anterior, foli\u00f5es se reuniram para o esquenta da segunda noite de festa no T\u00fanel da Folia.<\/p>\n\n\n\n<p>As matin\u00eas, tanto infantis quanto adultas, seguem no domingo, 02, e na segunda-feira, 03, sempre a partir das 16h. No domingo, a crian\u00e7ada ser\u00e1 animada por Let\u00edcia Melo e, na segunda-feira, por Deus Pinheiro. No T\u00fanel da Folia, a programa\u00e7\u00e3o segue com muito som automotivo.<\/p>\n\n\n\n<p><strong>Programa\u00e7\u00e3o deste s\u00e1bado \u00e0 noite:<\/strong><\/p>\n\n\n\n<p><strong>Trevo da Praia<\/strong><\/p>\n\n\n\n<p>21h \u2013 Banda Regional \u2013 Eddy Bonfim<\/p>\n\n\n\n<p>23h \u2013 Banda Regional \u2013 Alan dos Teclados<\/p>\n\n\n\n<p><strong>Circuito Oficial<\/strong><\/p>\n\n\n\n<p>21h \u2013 Trio M1 \u2013 Nailson Lima<\/p>\n\n\n\n<p>21h \u2013 Trio M2 \u2013 Mistura Nativa<\/p>\n\n\n\n<p>22h \u2013 Trio M1 \u2013 Chico Chokolate<\/p>\n\n\n\n<p>23h \u2013 Trio Nacional \u2013 Olodum<\/p>\n\n\n\n<p>23h \u2013 Trio M1 \u2013 Ka\u00e7ula<\/p>\n\n\n\n<p>23h30 \u2013 Trio M2 \u2013 Will Oliveira<\/p>\n\n\n\n<p>00h \u2013 Trio M1 \u2013 Kethy<\/p>\n\n\n\n<p>02h \u2013 Trio Nacional \u2013 Vingadora<\/p>\n\n\n\n<p>02h \u2013 Trio M2 \u2013 DJ N\u00e9lio<\/p>\n\n\n\n<p>02h \u2013 Trio M1 \u2013 Marco e Diovani<\/p>\n\n\n\n<figure class=\"wp-block-image size-full\"><img loading=\"lazy\" decoding=\"async\" width=\"843\" height=\"251\" src=\"https:\/\/focotocantinense.com.br\/wp-content\/uploads\/2025\/03\/midia-vinicius.jpg\" alt=\"\" class=\"wp-image-9649\" srcset=\"https:\/\/focotocantinense.com.br\/wp-content\/uploads\/2025\/03\/midia-vinicius.jpg 843w, https:\/\/focotocantinense.com.br\/wp-content\/uploads\/2025\/03\/midia-vinicius-300x89.jpg 300w, https:\/\/focotocantinense.com.br\/wp-content\/uploads\/2025\/03\/midia-vinicius-768x229.jpg 768w\" sizes=\"auto, (max-width: 843px) 100vw, 843px\" \/><\/figure>\n","protected":false},"excerpt":{"rendered":"<p>O Carnaval de Gurupi tamb\u00e9m \u00e9 para os pequenos! As matin\u00eas infantis foram iniciadas neste s\u00e1bado, 1\u00ba, no Parque Mutuca, reunindo crian\u00e7as fantasiadas e cheias de energia para aproveitar a festa. O evento foi comandado pela Banda V\u00e9i de Bengala, que garantiu a divers\u00e3o com ritmos carnavalescos, fazendo com que crian\u00e7as e seus respons\u00e1veis n\u00e3o &hellip;<\/p>\n","protected":false},"author":5,"featured_media":9648,"comment_status":"open","ping_status":"open","sticky":false,"template":"","format":"standard","meta":{"footnotes":""},"categories":[79,1],"tags":[],"class_list":["post-9647","post","type-post","status-publish","format-standard","has-post-thumbnail","","category-guarai","category-sem-categoria"],"_links":{"self":[{"href":"https:\/\/focotocantinense.com.br\/index.php?rest_route=\/wp\/v2\/posts\/9647","targetHints":{"allow":["GET"]}}],"collection":[{"href":"https:\/\/focotocantinense.com.br\/index.php?rest_route=\/wp\/v2\/posts"}],"about":[{"href":"https:\/\/focotocantinense.com.br\/index.php?rest_route=\/wp\/v2\/types\/post"}],"author":[{"embeddable":true,"href":"https:\/\/focotocantinense.com.br\/index.php?rest_route=\/wp\/v2\/users\/5"}],"replies":[{"embeddable":true,"href":"https:\/\/focotocantinense.com.br\/index.php?rest_route=%2Fwp%2Fv2%2Fcomments&post=9647"}],"version-history":[{"count":4,"href":"https:\/\/focotocantinense.com.br\/index.php?rest_route=\/wp\/v2\/posts\/9647\/revisions"}],"predecessor-version":[{"id":9655,"href":"https:\/\/focotocantinense.com.br\/index.php?rest_route=\/wp\/v2\/posts\/9647\/revisions\/9655"}],"wp:featuredmedia":[{"embeddable":true,"href":"https:\/\/focotocantinense.com.br\/index.php?rest_route=\/wp\/v2\/media\/9648"}],"wp:attachment":[{"href":"https:\/\/focotocantinense.com.br\/index.php?rest_route=%2Fwp%2Fv2%2Fmedia&parent=9647"}],"wp:term":[{"taxonomy":"category","embeddable":true,"href":"https:\/\/focotocantinense.com.br\/index.php?rest_route=%2Fwp%2Fv2%2Fcategories&post=9647"},{"taxonomy":"post_tag","embeddable":true,"href":"https:\/\/focotocantinense.com.br\/index.php?rest_route=%2Fwp%2Fv2%2Ftags&post=9647"}],"curies":[{"name":"wp","href":"https:\/\/api.w.org\/{rel}","templated":true}]}}