{"id":9639,"date":"2025-03-01T13:13:05","date_gmt":"2025-03-01T16:13:05","guid":{"rendered":"https:\/\/focotocantinense.com.br\/?p=9639"},"modified":"2025-03-01T13:15:05","modified_gmt":"2025-03-01T16:15:05","slug":"com-grande-publico-no-novo-circuito-carnaval-de-gurupi-2025-e-aberto-com-shows-de-hugo-e-guilherme-e-bandas-regionais","status":"publish","type":"post","link":"https:\/\/focotocantinense.com.br\/?p=9639","title":{"rendered":"Com grande p\u00fablico no novo circuito, Carnaval de Gurupi 2025 \u00e9 aberto com shows de Hugo e Guilherme e bandas regionais"},"content":{"rendered":"\n<p><\/p>\n\n\n\n<p>Os foli\u00f5es que aguardavam ansiosos pelo Maior Carnaval do Norte do Brasil finalmente puderam cair na folia na noite desta sexta-feira, 28, com a abertura oficial do Carnaval de Gurupi 2025. O novo circuito da folia, na Avenida C do Setor Nova Fronteira, ficou tomado por uma multid\u00e3o animada, que mostrou energia de sobra para os cinco dias de festa. O evento come\u00e7ou com muita dan\u00e7a, coreografias, fantasias e empolga\u00e7\u00e3o, ao som da dupla sertaneja Hugo e Guilherme e de v\u00e1rias atra\u00e7\u00f5es regionais que aqueceram o p\u00fablico para a grande noite.<\/p>\n\n\n\n<p>O pontap\u00e9 inicial do Carnaval de Gurupi 2025 foi dado com shows das bandas regionais Meninas do Piseiro, Kaio Fonseca, Skema do Brasil, Balan\u00e7a-\u00ed do Brasil e Johnnie Marinho. O grupo Glow Produ\u00e7\u00f5es tamb\u00e9m levou muita anima\u00e7\u00e3o ao p\u00fablico, com apresenta\u00e7\u00f5es cheias de personagens futuristas, tecnologia, inova\u00e7\u00e3o, malabarismo e pirotecnia, com o show \u201cCyber Glow\u201d. Logo depois, a primeira atra\u00e7\u00e3o nacional, Rony Sert\u00e3o, animou os foli\u00f5es com um repert\u00f3rio repleto de sucessos, preparando o p\u00fablico para o show mais aguardado da noite.<\/p>\n\n\n\n<figure class=\"wp-block-image size-large is-resized\"><img loading=\"lazy\" decoding=\"async\" width=\"1024\" height=\"677\" src=\"https:\/\/focotocantinense.com.br\/wp-content\/uploads\/2025\/03\/zzzzzzzzzzzzzzzzzz-1024x677.jpg\" alt=\"\" class=\"wp-image-9640\" style=\"width:357px;height:auto\" srcset=\"https:\/\/focotocantinense.com.br\/wp-content\/uploads\/2025\/03\/zzzzzzzzzzzzzzzzzz-1024x677.jpg 1024w, https:\/\/focotocantinense.com.br\/wp-content\/uploads\/2025\/03\/zzzzzzzzzzzzzzzzzz-300x198.jpg 300w, https:\/\/focotocantinense.com.br\/wp-content\/uploads\/2025\/03\/zzzzzzzzzzzzzzzzzz-768x508.jpg 768w, https:\/\/focotocantinense.com.br\/wp-content\/uploads\/2025\/03\/zzzzzzzzzzzzzzzzzz-310x205.jpg 310w, https:\/\/focotocantinense.com.br\/wp-content\/uploads\/2025\/03\/zzzzzzzzzzzzzzzzzz.jpg 1220w\" sizes=\"auto, (max-width: 1024px) 100vw, 1024px\" \/><\/figure>\n\n\n\n<p>A dupla sertaneja Hugo e Guilherme subiu no trio el\u00e9trico e fez o circuito ferver, trazendo um mix de sucessos do estilo sertanejo, mas tamb\u00e9m no ritmo do ax\u00e9. O p\u00fablico cantou junto hits como \u201cMentirosa\u201d, \u201cMal feito\u201d, \u201cMorena de Goi\u00e2nia\u201d e \u201cAlgu\u00e9m me Chama pra Beber\u201d. De cima do trio, os cantores ficaram impressionados com a energia dos foli\u00f5es, elogiaram a estrutura do evento e parabenizaram a prefeita Josi Nunes pela organiza\u00e7\u00e3o.<\/p>\n\n\n\n<p>Ap\u00f3s a apresenta\u00e7\u00e3o de Hugo e Guilherme, os foli\u00f5es continuaram a festa com as atra\u00e7\u00f5es Deusa Pinheiro, Luciana Lucena, Bonf\u00e1 e DJ L\u00e9lis, que encerraram a primeira noite em grande estilo.<\/p>\n\n\n\n<figure class=\"wp-block-image size-large\"><img loading=\"lazy\" decoding=\"async\" width=\"1024\" height=\"572\" src=\"https:\/\/focotocantinense.com.br\/wp-content\/uploads\/2025\/03\/ccccccccccccccc-1024x572.jpg\" alt=\"\" class=\"wp-image-9643\" srcset=\"https:\/\/focotocantinense.com.br\/wp-content\/uploads\/2025\/03\/ccccccccccccccc-1024x572.jpg 1024w, https:\/\/focotocantinense.com.br\/wp-content\/uploads\/2025\/03\/ccccccccccccccc-300x168.jpg 300w, https:\/\/focotocantinense.com.br\/wp-content\/uploads\/2025\/03\/ccccccccccccccc-768x429.jpg 768w, https:\/\/focotocantinense.com.br\/wp-content\/uploads\/2025\/03\/ccccccccccccccc.jpg 1220w\" sizes=\"auto, (max-width: 1024px) 100vw, 1024px\" \/><\/figure>\n\n\n\n<p><\/p>\n\n\n\n<p><strong>Prefeita Josi Nunes comemora sucesso da primeira noite<br><\/strong><br>Presente no meio dos foli\u00f5es, a prefeita Josi Nunes desfilou pela Avenida com muita empolga\u00e7\u00e3o, celebrando o in\u00edcio da festa e destacando a grandiosidade do evento. &#8220;Estou muito feliz com essa primeira noite do nosso Carnaval! O novo espa\u00e7o \u00e9 maior, tem mais estrutura e toda seguran\u00e7a necess\u00e1ria para que os foli\u00f5es aproveitem ao m\u00e1ximo. Pensamos em tudo: muita m\u00fasica, alegria, gera\u00e7\u00e3o de empregos e renda para a cidade. Esperamos que a popula\u00e7\u00e3o de Gurupi e os visitantes amem essa festa, porque foi tudo preparado com muito carinho&#8221;, ressaltou a prefeita.<\/p>\n\n\n\n<p>O vice-prefeito Adailton Fonseca tamb\u00e9m esteve presente no circuito e falou sobre a import\u00e2ncia de equilibrar a gest\u00e3o p\u00fablica com a promo\u00e7\u00e3o da cultura e do lazer. &#8220;Uma gest\u00e3o eficiente atende a cidade em todas as \u00e1reas. As obras n\u00e3o pararam, o desenvolvimento econ\u00f4mico segue a todo vapor e ainda conseguimos proporcionar um Carnaval inesquec\u00edvel para a popula\u00e7\u00e3o. Sem d\u00favidas, este ser\u00e1 o maior Carnaval de todos os tempos em Gurupi&#8221;, afirmou.<\/p>\n\n\n\n<figure class=\"wp-block-image size-large\"><img loading=\"lazy\" decoding=\"async\" width=\"1024\" height=\"684\" src=\"https:\/\/focotocantinense.com.br\/wp-content\/uploads\/2025\/03\/sssssssssssssssssss-1024x684.jpg\" alt=\"\" class=\"wp-image-9644\" srcset=\"https:\/\/focotocantinense.com.br\/wp-content\/uploads\/2025\/03\/sssssssssssssssssss-1024x684.jpg 1024w, https:\/\/focotocantinense.com.br\/wp-content\/uploads\/2025\/03\/sssssssssssssssssss-300x200.jpg 300w, https:\/\/focotocantinense.com.br\/wp-content\/uploads\/2025\/03\/sssssssssssssssssss-768x513.jpg 768w, https:\/\/focotocantinense.com.br\/wp-content\/uploads\/2025\/03\/sssssssssssssssssss.jpg 1280w\" sizes=\"auto, (max-width: 1024px) 100vw, 1024px\" \/><\/figure>\n\n\n\n<p><\/p>\n\n\n\n<p>A secret\u00e1ria Municipal de Cultura e Turismo, Liliane Pagliarini, celebrou o sucesso da primeira noite e destacou o empenho de toda a equipe envolvida. &#8220;Cada detalhe foi pensado com muito carinho. Nossa equipe e as demais secretarias trabalharam muito para proporcionar uma festa animada, organizada e segura para todos. O resultado da primeira noite foi incr\u00edvel e tenho certeza de que os pr\u00f3ximos dias ser\u00e3o ainda melhores&#8221;, disse.<\/p>\n\n\n\n<p><strong>Foli\u00f5es elogiam a festa<br><\/strong><br>O Carnaval de Gurupi \u00e9 conhecido por atrair visitantes de diversas regi\u00f5es, e este ano n\u00e3o foi diferente. Quem veio curtir a folia n\u00e3o poupou elogios. O enfermeiro Kelvin Alex Santana, de Goi\u00e2nia (GO), participou pela primeira vez \u00e0 convite de familiares e ficou impressionado com a grandiosidade do evento. &#8220;Eu j\u00e1 tinha ouvido falar que o Carnaval de Gurupi era animado, mas viver essa experi\u00eancia \u00e9 algo muito bom! A estrutura, a seguran\u00e7a e a energia do p\u00fablico s\u00e3o impressionantes&#8221;, comentou.<\/p>\n\n\n\n<p>O aut\u00f4nomo Fl\u00e1vio Ara\u00fajo, que veio de Alvorada (TO), tamb\u00e9m elogiou a festa. &#8220;\u00c9 um Carnaval bem organizado, com atra\u00e7\u00f5es de peso. Valeu muito a pena ter vindo, estou aproveitando cada momento&#8221;, disse.<\/p>\n\n\n\n<p>Os foli\u00f5es de Gurupi tamb\u00e9m est\u00e3o animados com o evento. O repositor comercial Eliton Nunes, destacou que o sucesso do Carnaval de Gurupi \u00e9 garantido independentemente do local. &#8220;O Carnaval de Gurupi sempre ser\u00e1 um sucesso! A mudan\u00e7a de espa\u00e7o foi positiva, deu mais conforto para os foli\u00f5es. O importante \u00e9 que a anima\u00e7\u00e3o continua e a cidade segue brilhando nesse evento maravilhoso&#8221;, afirmou.<\/p>\n\n\n\n<p><strong>Autoridades pol\u00edticas prestigiam o evento<br><\/strong><br>A primeira noite do Carnaval de Gurupi 2025 tamb\u00e9m contou com a presen\u00e7a de diversas lideran\u00e7as pol\u00edticas, que fizeram quest\u00e3o de prestigiar a festa. Entre os presentes estavam o senador Eduardo Gomes, o deputado federal Carlos Gaguim, o vice-governador Laurez Moreira, a deputada estadual Luana Ribeiro, o prefeito de Para\u00edso do Tocantins, Celso Morais, o prefeito de Brejinho de Nazar\u00e9, Dr. Murilo, entre outras lideran\u00e7as da regi\u00e3o.<\/p>\n\n\n\n<p>O senador Eduardo Gomes elogiou a prefeita Josi Nunes pela organiza\u00e7\u00e3o do evento e destacou a import\u00e2ncia do Carnaval para o turismo e a economia local. &#8220;Josi faz a maior festa do Tocantins! A organiza\u00e7\u00e3o e o zelo que ela tem com tudo que se prop\u00f5e a fazer s\u00e3o impressionantes. O Carnaval de Gurupi \u00e9 um exemplo de como cultura e desenvolvimento caminham juntos. A alegria do p\u00fablico \u00e9 a maior prova de que o evento est\u00e1 sendo um grande sucesso&#8221;, afirmou o senador.<\/p>\n\n\n\n<p><strong>Programa\u00e7\u00e3o do dia 1\u00ba de mar\u00e7o:<\/strong><\/p>\n\n\n\n<p>16h \u2013 Matin\u00ea<\/p>\n\n\n\n<p>Som Automotivo (Circuito)<\/p>\n\n\n\n<p>Trio M2 \u2013 Vei de Bengala (Mutuca)<\/p>\n\n\n\n<p>Trevo da Praia<\/p>\n\n\n\n<p>21h \u2013 Banda Regional \u2013 Eddy Bonfim<\/p>\n\n\n\n<p>23h \u2013 Banda Regional \u2013 Alan dos Teclados<\/p>\n\n\n\n<p>Circuito Oficial<\/p>\n\n\n\n<p>21h \u2013 Trio M1 \u2013 Nailson Lima<\/p>\n\n\n\n<p>21h \u2013 Trio M2 \u2013 Mistura Nativa<\/p>\n\n\n\n<p>22h \u2013 Trio M1 \u2013 Chico Chokolate<\/p>\n\n\n\n<p>23h \u2013 Trio Nacional \u2013 Olodum<\/p>\n\n\n\n<p>23h \u2013 Trio M1 \u2013 Ka\u00e7ula<\/p>\n\n\n\n<p>23h30 \u2013 Trio M2 \u2013 Will Oliveira<\/p>\n\n\n\n<p>00h \u2013 Trio M1 \u2013 Kethy<\/p>\n\n\n\n<p>02h \u2013 Trio Nacional \u2013 Vingadora<\/p>\n\n\n\n<p>02h \u2013 Trio M2 \u2013 DJ N\u00e9lio<\/p>\n\n\n\n<p>02h \u2013 Trio M1 \u2013 Marco e Diovani<\/p>\n\n\n\n<p><strong>Programa\u00e7\u00e3o do dia 2 de mar\u00e7o:<br><\/strong><br>16h \u2013 Matin\u00ea<\/p>\n\n\n\n<p>Som Automotivo (Circuito)<\/p>\n\n\n\n<p>Trio M2 \u2013 Let\u00edcia Melo (Mutuca)<\/p>\n\n\n\n<p>Trevo da Praia<\/p>\n\n\n\n<p>21h \u2013 Banda Regional \u2013 Rafael Barbosa<\/p>\n\n\n\n<p>23h \u2013 Banda Regional \u2013 Wagner dos Teclados<\/p>\n\n\n\n<p>Circuito Oficial<\/p>\n\n\n\n<p>21h \u2013 Trio M2 \u2013 Amigos do Samba<\/p>\n\n\n\n<p>21h \u2013 Trio M1 \u2013 Isaac Rodrigues<\/p>\n\n\n\n<p>22h30 \u2013 Trio M2 \u2013 Leo Lima<\/p>\n\n\n\n<p>22h30 \u2013 Trio M1 \u2013 Nupagodj\u00e9<\/p>\n\n\n\n<p>00h \u2013 Trio Nacional \u2013 Diego e Victor Hugo<\/p>\n\n\n\n<p>00h30 \u2013 Trio M1 \u2013 Pedro Henrique e Eduardo<\/p>\n\n\n\n<p>01h \u2013 Trio M2 \u2013 Vei de Bengala<\/p>\n\n\n\n<p>02h \u2013 Trio M1 \u2013 M\u00e1rio Souzza<\/p>\n\n\n\n<p>03h30 \u2013 Trio M1 \u2013 DJ Brunno<\/p>\n\n\n\n<p><strong>Programa\u00e7\u00e3o do dia 3 de mar\u00e7o:<br><\/strong><br>16h \u2013 Matin\u00ea<\/p>\n\n\n\n<p>Som Automotivo (Circuito)<\/p>\n\n\n\n<p>Trio M2 \u2013 Deusa Pinheiro (Mutuca)<\/p>\n\n\n\n<p>Circuito Oficial<\/p>\n\n\n\n<p>20h \u2013 Trio M1 \u2013 WPresley Jorge<\/p>\n\n\n\n<p>21h \u2013 Trio M2 \u2013 Higor Queiroz<\/p>\n\n\n\n<p>22h30 \u2013 Trio M2 \u2013 Ronysson<\/p>\n\n\n\n<p>22h30 \u2013 Trio M1 \u2013 Z-Dubai<\/p>\n\n\n\n<p>23h \u2013 Trio Nacional \u2013 Patchanka<\/p>\n\n\n\n<p>00h30 \u2013 Trio M1 \u2013 Projeto 1+1<\/p>\n\n\n\n<p>00h30 \u2013 Trio M2 \u2013 Jefferson<\/p>\n\n\n\n<p>00h30 \u2013 Trio Nacional \u2013 Breno Major<\/p>\n\n\n\n<p>02h \u2013 Trio M1 \u2013 Thayse Marques<\/p>\n\n\n\n<p>02h \u2013 Trio M2 \u2013 Rick Souza<\/p>\n\n\n\n<p>02h30 \u2013 Trio Nacional \u2013 Deavele Santos<\/p>\n\n\n\n<p>03h \u2013 Trio M1 \u2013 Jonatas Marques<\/p>\n\n\n\n<p>03h \u2013 Trio M2 \u2013 DJ Hylis<\/p>\n\n\n\n<p>04h \u2013 Trio M1 \u2013 DJ Eme<\/p>\n\n\n\n<p><strong>Programa\u00e7\u00e3o do dia 4 de mar\u00e7o:<br><\/strong><br>Circuito Oficial<\/p>\n\n\n\n<p>21h \u2013 Trio M1 \u2013 Pagode VIP<\/p>\n\n\n\n<p>21h \u2013 Trio M2 \u2013 Gheisa<\/p>\n\n\n\n<p>22h30 \u2013 Trio M2 \u2013 Vit\u00f3ria Alves<\/p>\n\n\n\n<p>22h30 \u2013 Trio M1 \u2013 Sabrina Fittipaldi<\/p>\n\n\n\n<p>23h \u2013 Trio Nacional \u2013 Lim\u00e3o com Mel<\/p>\n\n\n\n<p>00h \u2013 Trio M1 \u2013 Pedro Valoura<\/p>\n\n\n\n<p>01h \u2013 Trio Nacional \u2013 DJ Eme<\/p>\n\n\n\n<p>01h30 \u2013 Trio M1 \u2013 Di Luca e Rafael<\/p>\n\n\n\n<p>02h \u2013 Trio M2 \u2013 DJ Kaio<\/p>\n\n\n\n<p>03h \u2013 Trio Nacional \u2013 Robinho Estilizado<\/p>\n\n\n\n<figure class=\"wp-block-image size-full\"><img loading=\"lazy\" decoding=\"async\" width=\"843\" height=\"251\" src=\"https:\/\/focotocantinense.com.br\/wp-content\/uploads\/2025\/02\/midia-vinicius-8.jpg\" alt=\"\" class=\"wp-image-9625\" srcset=\"https:\/\/focotocantinense.com.br\/wp-content\/uploads\/2025\/02\/midia-vinicius-8.jpg 843w, https:\/\/focotocantinense.com.br\/wp-content\/uploads\/2025\/02\/midia-vinicius-8-300x89.jpg 300w, https:\/\/focotocantinense.com.br\/wp-content\/uploads\/2025\/02\/midia-vinicius-8-768x229.jpg 768w\" sizes=\"auto, (max-width: 843px) 100vw, 843px\" \/><\/figure>\n","protected":false},"excerpt":{"rendered":"<p>Os foli\u00f5es que aguardavam ansiosos pelo Maior Carnaval do Norte do Brasil finalmente puderam cair na folia na noite desta sexta-feira, 28, com a abertura oficial do Carnaval de Gurupi 2025. O novo circuito da folia, na Avenida C do Setor Nova Fronteira, ficou tomado por uma multid\u00e3o animada, que mostrou energia de sobra para &hellip;<\/p>\n","protected":false},"author":5,"featured_media":9640,"comment_status":"open","ping_status":"open","sticky":false,"template":"","format":"standard","meta":{"footnotes":""},"categories":[1],"tags":[],"class_list":["post-9639","post","type-post","status-publish","format-standard","has-post-thumbnail","","category-sem-categoria"],"_links":{"self":[{"href":"https:\/\/focotocantinense.com.br\/index.php?rest_route=\/wp\/v2\/posts\/9639","targetHints":{"allow":["GET"]}}],"collection":[{"href":"https:\/\/focotocantinense.com.br\/index.php?rest_route=\/wp\/v2\/posts"}],"about":[{"href":"https:\/\/focotocantinense.com.br\/index.php?rest_route=\/wp\/v2\/types\/post"}],"author":[{"embeddable":true,"href":"https:\/\/focotocantinense.com.br\/index.php?rest_route=\/wp\/v2\/users\/5"}],"replies":[{"embeddable":true,"href":"https:\/\/focotocantinense.com.br\/index.php?rest_route=%2Fwp%2Fv2%2Fcomments&post=9639"}],"version-history":[{"count":3,"href":"https:\/\/focotocantinense.com.br\/index.php?rest_route=\/wp\/v2\/posts\/9639\/revisions"}],"predecessor-version":[{"id":9646,"href":"https:\/\/focotocantinense.com.br\/index.php?rest_route=\/wp\/v2\/posts\/9639\/revisions\/9646"}],"wp:featuredmedia":[{"embeddable":true,"href":"https:\/\/focotocantinense.com.br\/index.php?rest_route=\/wp\/v2\/media\/9640"}],"wp:attachment":[{"href":"https:\/\/focotocantinense.com.br\/index.php?rest_route=%2Fwp%2Fv2%2Fmedia&parent=9639"}],"wp:term":[{"taxonomy":"category","embeddable":true,"href":"https:\/\/focotocantinense.com.br\/index.php?rest_route=%2Fwp%2Fv2%2Fcategories&post=9639"},{"taxonomy":"post_tag","embeddable":true,"href":"https:\/\/focotocantinense.com.br\/index.php?rest_route=%2Fwp%2Fv2%2Ftags&post=9639"}],"curies":[{"name":"wp","href":"https:\/\/api.w.org\/{rel}","templated":true}]}}