{"id":9635,"date":"2025-02-28T20:56:37","date_gmt":"2025-02-28T23:56:37","guid":{"rendered":"https:\/\/focotocantinense.com.br\/?p=9635"},"modified":"2025-02-28T20:57:18","modified_gmt":"2025-02-28T23:57:18","slug":"carnaval-2025-brs-153-414-e-080-devem-registrar-volume-de-mais-de-330-mil-veiculos","status":"publish","type":"post","link":"https:\/\/focotocantinense.com.br\/?p=9635","title":{"rendered":"Carnaval 2025: BRs-153, 414 e 080 devem registrar volume de mais de 330 mil ve\u00edculos"},"content":{"rendered":"\n<p>O Carnaval deste ano deve registrar um aumento de 8% em rela\u00e7\u00e3o a 2024 nas rodovias sob concess\u00e3o da Ecovias do Araguaia \u2013 BRs 153, 414 e 080. Ao todo, mais de 330 mil ve\u00edculos devem percorrer o trecho, entre An\u00e1polis (GO) e Alian\u00e7a do Tocantins.<\/p>\n\n\n\n<p>Os dados levam em conta o per\u00edodo entre sexta-feira (28) e quarta-feira (5). Os dias com maiores movimentos ser\u00e3o sexta (28), com mais de 66 mil ve\u00edculos em todo o trecho administrado pela concession\u00e1ria, e s\u00e1bado (1\u00ba), com volume estimado de quase 60 mil ve\u00edculos.<\/p>\n\n\n\n<p>Em Goi\u00e1s, nas BRs 153, 414 e 080, entre An\u00e1polis e Porangatu, no comparativo com os demais dias do ano, o aumento deve chegar a 80%. No estado, mais de 266 mil ve\u00edculos devem percorrer o trecho.<\/p>\n\n\n\n<p>No Tocantins, entre Talism\u00e3 e Alian\u00e7a, mais de 66 mil ve\u00edculos devem percorrer a BR-153, um aumento de 20% em rela\u00e7\u00e3o aos demais dias do ano.<\/p>\n\n\n\n<p><strong>Recursos Operacionais<\/strong><br>Em todo o trecho, a Ecovias do Araguaia mant\u00e9m sua equipe operacional de prontid\u00e3o para atendimento ao usu\u00e1rio, 24h. Todos os viajantes podem contar com os nossos atendimentos, que podem ser acionados por meio do telefone 0800 153 0 153 (liga\u00e7\u00e3o ou WhatsApp).Nosso trabalho, diuturnamente, \u00e9 garantir que a viagem de todos seja a mais segura poss\u00edvel\u201d, destaca Luan Pavide, gerente de Atendimento ao Usu\u00e1rio.<\/p>\n\n\n\n<p>A concession\u00e1ria tamb\u00e9m disp\u00f5e de 19 Bases de Servi\u00e7os Operacionais (BSOs), nove delas tamb\u00e9m contam com servi\u00e7os exclusivos e funcionam 24 horas, com sanit\u00e1rios, frald\u00e1rios, estacionamento e servi\u00e7o de autoatendimento.<\/p>\n\n\n\n<p>As assist\u00eancias aos usu\u00e1rios s\u00e3o disponibilizadas por 408 profissionais e uma frota de 55 ve\u00edculos, sendo 20 ambul\u00e2ncias \u2013 4 delas Unidades de Terapia Intensiva (UTIs) m\u00f3veis; quatro caminh\u00f5es de resgate de animais; quatro caminh\u00f5es de combate a inc\u00eandio; 11 viaturas de inspe\u00e7\u00e3o e dez guinchos leves e seis guinchos pesados.<\/p>\n\n\n\n<figure class=\"wp-block-image size-large\"><img loading=\"lazy\" decoding=\"async\" width=\"1024\" height=\"495\" src=\"https:\/\/focotocantinense.com.br\/wp-content\/uploads\/2025\/02\/ECOVIAS-DO-ARAGUAIA-1024x495.jpeg\" alt=\"\" class=\"wp-image-9636\" srcset=\"https:\/\/focotocantinense.com.br\/wp-content\/uploads\/2025\/02\/ECOVIAS-DO-ARAGUAIA-1024x495.jpeg 1024w, https:\/\/focotocantinense.com.br\/wp-content\/uploads\/2025\/02\/ECOVIAS-DO-ARAGUAIA-300x145.jpeg 300w, https:\/\/focotocantinense.com.br\/wp-content\/uploads\/2025\/02\/ECOVIAS-DO-ARAGUAIA-768x371.jpeg 768w, https:\/\/focotocantinense.com.br\/wp-content\/uploads\/2025\/02\/ECOVIAS-DO-ARAGUAIA.jpeg 1039w\" sizes=\"auto, (max-width: 1024px) 100vw, 1024px\" \/><\/figure>\n\n\n\n<p><\/p>\n\n\n\n<p><strong>Cuidados antes de pegar a rodovia<\/strong><br>Para garantir que o feriado seja uma experi\u00eancia segura e tranquila, \u00e9 necess\u00e1rio que motoristas e passageiros sigam regras b\u00e1sicas de seguran\u00e7a. Entre elas: sempre usar o cinto de seguran\u00e7a, n\u00e3o utilizar o telefone enquanto dirige e jamais misturar \u00e1lcool e dire\u00e7\u00e3o.<\/p>\n\n\n\n<p>Al\u00e9m disso, \u00e9 importante garantir a revis\u00e3o preventiva de seu ve\u00edculo. Para isso, verifique todos os sistemas do carro, como freios, motor e dire\u00e7\u00e3o, e todos os itens b\u00e1sicos e de seguran\u00e7a, como lanternas, pneus e n\u00edvel de \u00f3leo. Caso perceba algum defeito, leve o ve\u00edculo a um mec\u00e2nico de confian\u00e7a.<\/p>\n\n\n\n<p>O uso de cadeirinhas infantis adequadas tamb\u00e9m \u00e9 indispens\u00e1vel. Crian\u00e7as de at\u00e9 10 anos devem andar no banco traseiro do ve\u00edculo com cinto de seguran\u00e7a e na cadeirinha indicada para a faixa et\u00e1ria \u2013 para beb\u00eas de at\u00e9 um ano, deve ser usado o beb\u00ea conforto; de um ano at\u00e9 4 anos, deve ser utilizada a cadeira de auto; e, para crian\u00e7as de 4 a 10 anos, o assento de eleva\u00e7\u00e3o \u00e9 obrigat\u00f3rio.<br>Para quem percorre as rodovias no centro-norte brasileiro, este per\u00edodo requer aten\u00e7\u00e3o redobrada. Isso porque, com o per\u00edodo de chuvas, os motoristas devem tomar precau\u00e7\u00f5es adicionais que garantir\u00e3o a seguran\u00e7a ao longo do trajeto.<\/p>\n\n\n\n<p>Ao longo do trecho, as rodovias est\u00e3o em perfeito estado de conserva\u00e7\u00e3o. Ainda assim, n\u00e3o d\u00e1 para arriscar, principalmente, caso o condutor se depare com chuva ou neblina nas rodovias.<\/p>\n\n\n\n<p>Por isso, antes de pegar a estrada, \u00e9 fundamental seguir algumas dicas. A primeira delas \u00e9 verificar sempre a qualidade de pneus, limpadores de para-brisa e n\u00edveis de \u00e1gua e \u00f3leo. Fundamental tamb\u00e9m verificar a qualidade dos freios.<\/p>\n\n\n\n<p>Em caso de chuva forte ou neblina, o motorista deve parar no acostamento somente em caso de emerg\u00eancia ou impossibilidade de continuidade da viagem at\u00e9 um ponto de apoio seguro que permita a respectiva parada. Caso seja indispens\u00e1vel seguir viagem nessas condi\u00e7\u00f5es, recomenda-se a utiliza\u00e7\u00e3o de far\u00f3is de neblina ou farol baixo. Tamb\u00e9m \u00e9 importante assegurar o perfeito funcionamento do ar-condicionado, pois pode facilitar para desemba\u00e7ar os vidros.<\/p>\n\n\n\n<p><strong>Ass\u00e9dio, Pare<\/strong><br>Durante o carnaval, a concession\u00e1ria realiza a\u00e7\u00f5es de conscientiza\u00e7\u00e3o, em eventos em cidades do trecho e nas redes sociais, sobre seguran\u00e7a vi\u00e1ria e combate ao ass\u00e9dio, dentro da campanha \u201cAss\u00e9dio, pare\u201d. O objetivo \u00e9 coibir e combater casos de ass\u00e9dio sexual, moral, inj\u00faria e agress\u00e3o contra operadores de pra\u00e7as de ped\u00e1gio e na empresa como um todo.<\/p>\n\n\n\n<p>A iniciativa visa conscientizar a todos, impactando eventuais agressores e, principalmente, desenvolvendo a autopercep\u00e7\u00e3o e o acolhimento a quem est\u00e1 sendo violado, concedendo o apoio necess\u00e1rio para a realiza\u00e7\u00e3o de den\u00fancias.<\/p>\n\n\n\n<figure class=\"wp-block-image size-full\"><img loading=\"lazy\" decoding=\"async\" width=\"843\" height=\"251\" src=\"https:\/\/focotocantinense.com.br\/wp-content\/uploads\/2025\/02\/midia-vinicius-8.jpg\" alt=\"\" class=\"wp-image-9625\" srcset=\"https:\/\/focotocantinense.com.br\/wp-content\/uploads\/2025\/02\/midia-vinicius-8.jpg 843w, https:\/\/focotocantinense.com.br\/wp-content\/uploads\/2025\/02\/midia-vinicius-8-300x89.jpg 300w, https:\/\/focotocantinense.com.br\/wp-content\/uploads\/2025\/02\/midia-vinicius-8-768x229.jpg 768w\" sizes=\"auto, (max-width: 843px) 100vw, 843px\" \/><\/figure>\n","protected":false},"excerpt":{"rendered":"<p>O Carnaval deste ano deve registrar um aumento de 8% em rela\u00e7\u00e3o a 2024 nas rodovias sob concess\u00e3o da Ecovias do Araguaia \u2013 BRs 153, 414 e 080. Ao todo, mais de 330 mil ve\u00edculos devem percorrer o trecho, entre An\u00e1polis (GO) e Alian\u00e7a do Tocantins. Os dados levam em conta o per\u00edodo entre sexta-feira &hellip;<\/p>\n","protected":false},"author":5,"featured_media":9636,"comment_status":"open","ping_status":"open","sticky":false,"template":"","format":"standard","meta":{"footnotes":""},"categories":[38],"tags":[],"class_list":["post-9635","post","type-post","status-publish","format-standard","has-post-thumbnail","","category-gurupi"],"_links":{"self":[{"href":"https:\/\/focotocantinense.com.br\/index.php?rest_route=\/wp\/v2\/posts\/9635","targetHints":{"allow":["GET"]}}],"collection":[{"href":"https:\/\/focotocantinense.com.br\/index.php?rest_route=\/wp\/v2\/posts"}],"about":[{"href":"https:\/\/focotocantinense.com.br\/index.php?rest_route=\/wp\/v2\/types\/post"}],"author":[{"embeddable":true,"href":"https:\/\/focotocantinense.com.br\/index.php?rest_route=\/wp\/v2\/users\/5"}],"replies":[{"embeddable":true,"href":"https:\/\/focotocantinense.com.br\/index.php?rest_route=%2Fwp%2Fv2%2Fcomments&post=9635"}],"version-history":[{"count":2,"href":"https:\/\/focotocantinense.com.br\/index.php?rest_route=\/wp\/v2\/posts\/9635\/revisions"}],"predecessor-version":[{"id":9638,"href":"https:\/\/focotocantinense.com.br\/index.php?rest_route=\/wp\/v2\/posts\/9635\/revisions\/9638"}],"wp:featuredmedia":[{"embeddable":true,"href":"https:\/\/focotocantinense.com.br\/index.php?rest_route=\/wp\/v2\/media\/9636"}],"wp:attachment":[{"href":"https:\/\/focotocantinense.com.br\/index.php?rest_route=%2Fwp%2Fv2%2Fmedia&parent=9635"}],"wp:term":[{"taxonomy":"category","embeddable":true,"href":"https:\/\/focotocantinense.com.br\/index.php?rest_route=%2Fwp%2Fv2%2Fcategories&post=9635"},{"taxonomy":"post_tag","embeddable":true,"href":"https:\/\/focotocantinense.com.br\/index.php?rest_route=%2Fwp%2Fv2%2Ftags&post=9635"}],"curies":[{"name":"wp","href":"https:\/\/api.w.org\/{rel}","templated":true}]}}