{"id":9617,"date":"2025-02-28T16:00:17","date_gmt":"2025-02-28T19:00:17","guid":{"rendered":"https:\/\/focotocantinense.com.br\/?p=9617"},"modified":"2025-02-28T16:02:32","modified_gmt":"2025-02-28T19:02:32","slug":"carnaval-de-gurupi-contara-com-postos-de-atendimento-no-circuito-da-folia-em-gurupi-e-trevo-da-praia","status":"publish","type":"post","link":"https:\/\/focotocantinense.com.br\/?p=9617","title":{"rendered":"Carnaval de Gurupi contar\u00e1 com postos de atendimento no circuito da folia em Gurupi e Trevo da Praia"},"content":{"rendered":"\n<p><\/p>\n\n\n\n<p>Os foli\u00f5es que forem curtir o Carnaval 2025 em Gurupi e no Trevo da Praia contar\u00e3o com uma estrutura especial de atendimento \u00e0 sa\u00fade. A Prefeitura de Gurupi, por meio da Secretaria Municipal de Sa\u00fade (Semus), disponibilizar\u00e1 postos de atendimento para garantir um suporte r\u00e1pido e seguro em caso de necessidade.<\/p>\n\n\n\n<p>No circuito da folia, haver\u00e1 um Posto de atendimento de Sa\u00fade com uma equipe para prestar primeiros socorros que estar\u00e1 dispon\u00edvel das 19h at\u00e9 \u00e0s 4 horas da manh\u00e3 ou enquanto estiver tendo shows e foli\u00f5es na avenida. O espa\u00e7o contar\u00e1 com um enfermeiro, um t\u00e9cnico de enfermagem, &nbsp;equipamentos necess\u00e1rios para atendimento emergencial, al\u00e9m de um ambul\u00e2ncia com motorista para casos em que for necess\u00e1rio levar pacientes para a Unidade de Pronto Atendimento (UPA) de Gurupi.<\/p>\n\n\n\n<figure class=\"wp-block-image size-large is-resized\"><img loading=\"lazy\" decoding=\"async\" width=\"1024\" height=\"578\" src=\"https:\/\/focotocantinense.com.br\/wp-content\/uploads\/2025\/02\/IMG_20250228_142713-1024x578.jpg\" alt=\"\" class=\"wp-image-9620\" style=\"width:386px;height:auto\" srcset=\"https:\/\/focotocantinense.com.br\/wp-content\/uploads\/2025\/02\/IMG_20250228_142713-1024x578.jpg 1024w, https:\/\/focotocantinense.com.br\/wp-content\/uploads\/2025\/02\/IMG_20250228_142713-300x169.jpg 300w, https:\/\/focotocantinense.com.br\/wp-content\/uploads\/2025\/02\/IMG_20250228_142713-768x433.jpg 768w, https:\/\/focotocantinense.com.br\/wp-content\/uploads\/2025\/02\/IMG_20250228_142713-1536x866.jpg 1536w, https:\/\/focotocantinense.com.br\/wp-content\/uploads\/2025\/02\/IMG_20250228_142713-2048x1155.jpg 2048w\" sizes=\"auto, (max-width: 1024px) 100vw, 1024px\" \/><\/figure>\n\n\n\n<p><\/p>\n\n\n\n<p>No Trevo da Praia, onde tamb\u00e9m haver\u00e1 programa\u00e7\u00e3o festiva organizada pela Prefeitura, a Semus tamb\u00e9m garantir\u00e1 suporte com uma ambul\u00e2ncia, enfermeiro e t\u00e9cnico de enfermagem, refor\u00e7ando a seguran\u00e7a dos foli\u00f5es na regi\u00e3o.<\/p>\n\n\n\n<p>A secret\u00e1ria de Sa\u00fade Luana Nunes ressaltou que a estrutura \u00e9 equipada para fazer os primeiros socorros. \u201c Teremos todo o suporte tanto para esses primeiros atendimentos, quanto para avaliar, diagnosticar, fazer os primeiros socorros e se necess\u00e1rio, a ambul\u00e2ncia estar\u00e1 ali de plant\u00e3o para fazer o transporte r\u00e1pido e seguro do foli\u00e3o para a UPA\u201d, afirmou.<\/p>\n\n\n\n<p><strong>Bloco da sa\u00fade<\/strong><\/p>\n\n\n\n<p>Como j\u00e1 \u00e9 tradi\u00e7\u00e3o, o Bloco da Sa\u00fade abrir\u00e1 as festividades ao lado dos blocos das Secretarias de Cultura, Esporte e Juventude e da Mulher. Neste ano, a Secretaria Municipal de Sa\u00fade (Semus) levar\u00e1 para a avenida mensagens de preven\u00e7\u00e3o \u00e0s Infec\u00e7\u00f5es Sexualmente Transmiss\u00edveis (ISTs) e combate \u00e0 dengue, refor\u00e7ando a import\u00e2ncia dos cuidados durante a folia.<\/p>\n\n\n\n<p>O bloco contar\u00e1 com a participa\u00e7\u00e3o das Unidades de Sa\u00fade da Fam\u00edlia de Gurupi, do povoado Trevo da Praia, do assentamento Vale Verde, al\u00e9m das equipes do CCZ, Cl\u00ednica da Mulher e Policl\u00ednica.<\/p>\n\n\n\n<figure class=\"wp-block-image size-full\"><img loading=\"lazy\" decoding=\"async\" width=\"843\" height=\"251\" src=\"https:\/\/focotocantinense.com.br\/wp-content\/uploads\/2025\/02\/midia-vinicius-7.jpg\" alt=\"\" class=\"wp-image-9593\" srcset=\"https:\/\/focotocantinense.com.br\/wp-content\/uploads\/2025\/02\/midia-vinicius-7.jpg 843w, https:\/\/focotocantinense.com.br\/wp-content\/uploads\/2025\/02\/midia-vinicius-7-300x89.jpg 300w, https:\/\/focotocantinense.com.br\/wp-content\/uploads\/2025\/02\/midia-vinicius-7-768x229.jpg 768w\" sizes=\"auto, (max-width: 843px) 100vw, 843px\" \/><\/figure>\n\n\n\n<p><\/p>\n","protected":false},"excerpt":{"rendered":"<p>Os foli\u00f5es que forem curtir o Carnaval 2025 em Gurupi e no Trevo da Praia contar\u00e3o com uma estrutura especial de atendimento \u00e0 sa\u00fade. A Prefeitura de Gurupi, por meio da Secretaria Municipal de Sa\u00fade (Semus), disponibilizar\u00e1 postos de atendimento para garantir um suporte r\u00e1pido e seguro em caso de necessidade. No circuito da folia, &hellip;<\/p>\n","protected":false},"author":5,"featured_media":9618,"comment_status":"open","ping_status":"open","sticky":false,"template":"","format":"standard","meta":{"footnotes":""},"categories":[1],"tags":[],"class_list":["post-9617","post","type-post","status-publish","format-standard","has-post-thumbnail","","category-sem-categoria"],"_links":{"self":[{"href":"https:\/\/focotocantinense.com.br\/index.php?rest_route=\/wp\/v2\/posts\/9617","targetHints":{"allow":["GET"]}}],"collection":[{"href":"https:\/\/focotocantinense.com.br\/index.php?rest_route=\/wp\/v2\/posts"}],"about":[{"href":"https:\/\/focotocantinense.com.br\/index.php?rest_route=\/wp\/v2\/types\/post"}],"author":[{"embeddable":true,"href":"https:\/\/focotocantinense.com.br\/index.php?rest_route=\/wp\/v2\/users\/5"}],"replies":[{"embeddable":true,"href":"https:\/\/focotocantinense.com.br\/index.php?rest_route=%2Fwp%2Fv2%2Fcomments&post=9617"}],"version-history":[{"count":2,"href":"https:\/\/focotocantinense.com.br\/index.php?rest_route=\/wp\/v2\/posts\/9617\/revisions"}],"predecessor-version":[{"id":9621,"href":"https:\/\/focotocantinense.com.br\/index.php?rest_route=\/wp\/v2\/posts\/9617\/revisions\/9621"}],"wp:featuredmedia":[{"embeddable":true,"href":"https:\/\/focotocantinense.com.br\/index.php?rest_route=\/wp\/v2\/media\/9618"}],"wp:attachment":[{"href":"https:\/\/focotocantinense.com.br\/index.php?rest_route=%2Fwp%2Fv2%2Fmedia&parent=9617"}],"wp:term":[{"taxonomy":"category","embeddable":true,"href":"https:\/\/focotocantinense.com.br\/index.php?rest_route=%2Fwp%2Fv2%2Fcategories&post=9617"},{"taxonomy":"post_tag","embeddable":true,"href":"https:\/\/focotocantinense.com.br\/index.php?rest_route=%2Fwp%2Fv2%2Ftags&post=9617"}],"curies":[{"name":"wp","href":"https:\/\/api.w.org\/{rel}","templated":true}]}}