{"id":9612,"date":"2025-02-28T15:36:50","date_gmt":"2025-02-28T18:36:50","guid":{"rendered":"https:\/\/focotocantinense.com.br\/?p=9612"},"modified":"2025-02-28T15:38:11","modified_gmt":"2025-02-28T18:38:11","slug":"nota-sobre-mudanca-na-secretaria-de-relacoes-institucionais","status":"publish","type":"post","link":"https:\/\/focotocantinense.com.br\/?p=9612","title":{"rendered":"Nota sobre mudan\u00e7a na Secretaria de Rela\u00e7\u00f5es Institucionais"},"content":{"rendered":"\n<figure class=\"wp-block-image size-full is-resized\"><img loading=\"lazy\" decoding=\"async\" width=\"768\" height=\"511\" src=\"https:\/\/focotocantinense.com.br\/wp-content\/uploads\/2025\/02\/unnamed.jpg\" alt=\"\" class=\"wp-image-9613\" style=\"width:187px;height:auto\" srcset=\"https:\/\/focotocantinense.com.br\/wp-content\/uploads\/2025\/02\/unnamed.jpg 768w, https:\/\/focotocantinense.com.br\/wp-content\/uploads\/2025\/02\/unnamed-300x200.jpg 300w, https:\/\/focotocantinense.com.br\/wp-content\/uploads\/2025\/02\/unnamed-310x205.jpg 310w\" sizes=\"auto, (max-width: 768px) 100vw, 768px\" \/><\/figure>\n\n\n\n<p>O&nbsp;presidente Luiz In\u00e1cio Lula da Silva se reuniu na manh\u00e3 desta sexta-feira, 28 de fevereiro, com a deputada federal e presidenta do PT, Gleisi Hoffmann, e a convidou para assumir a Secretaria de Rela\u00e7\u00f5es Institucionais da Presid\u00eancia da Rep\u00fablica. Gleisi vai substituir o atual ministro da SRI, Alexandre Padilha, que foi rec\u00e9m indicado para o Minist\u00e9rio da Sa\u00fade. A posse da nova ministra est\u00e1 marcada para o dia 10 de mar\u00e7o.<\/p>\n\n\n\n<p><em><strong>Fonte:<\/strong>&nbsp;Secretaria de Comunica\u00e7\u00e3o Social da Presid\u00eancia da Rep\u00fablica<\/em><\/p>\n\n\n\n<figure class=\"wp-block-image size-full\"><img loading=\"lazy\" decoding=\"async\" width=\"768\" height=\"511\" src=\"https:\/\/focotocantinense.com.br\/wp-content\/uploads\/2025\/02\/unnamed.jpg\" alt=\"\" class=\"wp-image-9613\" srcset=\"https:\/\/focotocantinense.com.br\/wp-content\/uploads\/2025\/02\/unnamed.jpg 768w, https:\/\/focotocantinense.com.br\/wp-content\/uploads\/2025\/02\/unnamed-300x200.jpg 300w, https:\/\/focotocantinense.com.br\/wp-content\/uploads\/2025\/02\/unnamed-310x205.jpg 310w\" sizes=\"auto, (max-width: 768px) 100vw, 768px\" \/><\/figure>\n","protected":false},"excerpt":{"rendered":"<p>O&nbsp;presidente Luiz In\u00e1cio Lula da Silva se reuniu na manh\u00e3 desta sexta-feira, 28 de fevereiro, com a deputada federal e presidenta do PT, Gleisi Hoffmann, e a convidou para assumir a Secretaria de Rela\u00e7\u00f5es Institucionais da Presid\u00eancia da Rep\u00fablica. Gleisi vai substituir o atual ministro da SRI, Alexandre Padilha, que foi rec\u00e9m indicado para o &hellip;<\/p>\n","protected":false},"author":5,"featured_media":9613,"comment_status":"open","ping_status":"open","sticky":false,"template":"","format":"standard","meta":{"footnotes":""},"categories":[1],"tags":[],"class_list":["post-9612","post","type-post","status-publish","format-standard","has-post-thumbnail","","category-sem-categoria"],"_links":{"self":[{"href":"https:\/\/focotocantinense.com.br\/index.php?rest_route=\/wp\/v2\/posts\/9612","targetHints":{"allow":["GET"]}}],"collection":[{"href":"https:\/\/focotocantinense.com.br\/index.php?rest_route=\/wp\/v2\/posts"}],"about":[{"href":"https:\/\/focotocantinense.com.br\/index.php?rest_route=\/wp\/v2\/types\/post"}],"author":[{"embeddable":true,"href":"https:\/\/focotocantinense.com.br\/index.php?rest_route=\/wp\/v2\/users\/5"}],"replies":[{"embeddable":true,"href":"https:\/\/focotocantinense.com.br\/index.php?rest_route=%2Fwp%2Fv2%2Fcomments&post=9612"}],"version-history":[{"count":3,"href":"https:\/\/focotocantinense.com.br\/index.php?rest_route=\/wp\/v2\/posts\/9612\/revisions"}],"predecessor-version":[{"id":9616,"href":"https:\/\/focotocantinense.com.br\/index.php?rest_route=\/wp\/v2\/posts\/9612\/revisions\/9616"}],"wp:featuredmedia":[{"embeddable":true,"href":"https:\/\/focotocantinense.com.br\/index.php?rest_route=\/wp\/v2\/media\/9613"}],"wp:attachment":[{"href":"https:\/\/focotocantinense.com.br\/index.php?rest_route=%2Fwp%2Fv2%2Fmedia&parent=9612"}],"wp:term":[{"taxonomy":"category","embeddable":true,"href":"https:\/\/focotocantinense.com.br\/index.php?rest_route=%2Fwp%2Fv2%2Fcategories&post=9612"},{"taxonomy":"post_tag","embeddable":true,"href":"https:\/\/focotocantinense.com.br\/index.php?rest_route=%2Fwp%2Fv2%2Ftags&post=9612"}],"curies":[{"name":"wp","href":"https:\/\/api.w.org\/{rel}","templated":true}]}}