{"id":9607,"date":"2025-02-28T14:19:59","date_gmt":"2025-02-28T17:19:59","guid":{"rendered":"https:\/\/focotocantinense.com.br\/?p=9607"},"modified":"2025-02-28T14:19:59","modified_gmt":"2025-02-28T17:19:59","slug":"covernation-festival-de-covers-promete-sacudir-o-carnarock-no-tocantins","status":"publish","type":"post","link":"https:\/\/focotocantinense.com.br\/?p=9607","title":{"rendered":"CoverNation: Festival de covers promete sacudir o CarnaRock no Tocantins"},"content":{"rendered":"\n<p>Palmas vai tremer ao som do rock nesta sexta-feira, 28, com a primeira edi\u00e7\u00e3o do CarnaRock do CoverNation. In\u00e9dito na capital, o evento promete unir a energia da folia com a pot\u00eancia do rock &#8216;n&#8217; roll no lend\u00e1rio Tendencies Rock, o palco oficial da cena do rock tocantinense.<\/p>\n\n\n\n<figure class=\"wp-block-image size-full is-resized\"><img loading=\"lazy\" decoding=\"async\" width=\"1000\" height=\"708\" src=\"https:\/\/focotocantinense.com.br\/wp-content\/uploads\/2025\/02\/f36dee47f38be86f41269caa687ee344.webp\" alt=\"\" class=\"wp-image-9608\" style=\"width:379px;height:auto\" srcset=\"https:\/\/focotocantinense.com.br\/wp-content\/uploads\/2025\/02\/f36dee47f38be86f41269caa687ee344.webp 1000w, https:\/\/focotocantinense.com.br\/wp-content\/uploads\/2025\/02\/f36dee47f38be86f41269caa687ee344-300x212.webp 300w, https:\/\/focotocantinense.com.br\/wp-content\/uploads\/2025\/02\/f36dee47f38be86f41269caa687ee344-768x544.webp 768w\" sizes=\"auto, (max-width: 1000px) 100vw, 1000px\" \/><\/figure>\n\n\n\n<p>A ideia, segundo os organizadores do I CarnaRock do CoverNation, \u00e9 oferecer uma alternativa para quem quer fugir das tradicionais marchinhas e ax\u00e9s do carnaval e curtir uma festa com muito rock e adrenalina.<\/p>\n\n\n\n<p>\u201c\u00c9 um evento para quem n\u00e3o curte muito o carnaval tradicional e quer aproveitar o clima de festa para curtir um show com muito rock &#8216;n&#8217; roll, com m\u00fasicas de bandas nacionais e internacionais, atuais e flashbacks\u201d, explica o baterista Rojas Greg\u00f3rio.<\/p>\n\n\n\n<p>Evento: CarnaRock CoverNation<br>Data: 28 de fevereiro<br>Local: Tendencies Rock Bar, Palmas-TO<br>Ingressos: Casa S\u00e3o Paulo e Sympla<\/p>\n\n\n\n<figure class=\"wp-block-image size-large\"><img loading=\"lazy\" decoding=\"async\" width=\"819\" height=\"1024\" src=\"https:\/\/focotocantinense.com.br\/wp-content\/uploads\/2025\/02\/WhatsApp-Image-2025-02-27-at-16.13.58-1-819x1024.jpeg\" alt=\"\" class=\"wp-image-9610\" srcset=\"https:\/\/focotocantinense.com.br\/wp-content\/uploads\/2025\/02\/WhatsApp-Image-2025-02-27-at-16.13.58-1-819x1024.jpeg 819w, https:\/\/focotocantinense.com.br\/wp-content\/uploads\/2025\/02\/WhatsApp-Image-2025-02-27-at-16.13.58-1-240x300.jpeg 240w, https:\/\/focotocantinense.com.br\/wp-content\/uploads\/2025\/02\/WhatsApp-Image-2025-02-27-at-16.13.58-1-768x960.jpeg 768w, https:\/\/focotocantinense.com.br\/wp-content\/uploads\/2025\/02\/WhatsApp-Image-2025-02-27-at-16.13.58-1.jpeg 1024w\" sizes=\"auto, (max-width: 819px) 100vw, 819px\" \/><\/figure>\n","protected":false},"excerpt":{"rendered":"<p>Palmas vai tremer ao som do rock nesta sexta-feira, 28, com a primeira edi\u00e7\u00e3o do CarnaRock do CoverNation. In\u00e9dito na capital, o evento promete unir a energia da folia com a pot\u00eancia do rock &#8216;n&#8217; roll no lend\u00e1rio Tendencies Rock, o palco oficial da cena do rock tocantinense. A ideia, segundo os organizadores do I &hellip;<\/p>\n","protected":false},"author":5,"featured_media":9609,"comment_status":"open","ping_status":"open","sticky":false,"template":"","format":"standard","meta":{"footnotes":""},"categories":[1],"tags":[],"class_list":["post-9607","post","type-post","status-publish","format-standard","has-post-thumbnail","","category-sem-categoria"],"_links":{"self":[{"href":"https:\/\/focotocantinense.com.br\/index.php?rest_route=\/wp\/v2\/posts\/9607","targetHints":{"allow":["GET"]}}],"collection":[{"href":"https:\/\/focotocantinense.com.br\/index.php?rest_route=\/wp\/v2\/posts"}],"about":[{"href":"https:\/\/focotocantinense.com.br\/index.php?rest_route=\/wp\/v2\/types\/post"}],"author":[{"embeddable":true,"href":"https:\/\/focotocantinense.com.br\/index.php?rest_route=\/wp\/v2\/users\/5"}],"replies":[{"embeddable":true,"href":"https:\/\/focotocantinense.com.br\/index.php?rest_route=%2Fwp%2Fv2%2Fcomments&post=9607"}],"version-history":[{"count":1,"href":"https:\/\/focotocantinense.com.br\/index.php?rest_route=\/wp\/v2\/posts\/9607\/revisions"}],"predecessor-version":[{"id":9611,"href":"https:\/\/focotocantinense.com.br\/index.php?rest_route=\/wp\/v2\/posts\/9607\/revisions\/9611"}],"wp:featuredmedia":[{"embeddable":true,"href":"https:\/\/focotocantinense.com.br\/index.php?rest_route=\/wp\/v2\/media\/9609"}],"wp:attachment":[{"href":"https:\/\/focotocantinense.com.br\/index.php?rest_route=%2Fwp%2Fv2%2Fmedia&parent=9607"}],"wp:term":[{"taxonomy":"category","embeddable":true,"href":"https:\/\/focotocantinense.com.br\/index.php?rest_route=%2Fwp%2Fv2%2Fcategories&post=9607"},{"taxonomy":"post_tag","embeddable":true,"href":"https:\/\/focotocantinense.com.br\/index.php?rest_route=%2Fwp%2Fv2%2Ftags&post=9607"}],"curies":[{"name":"wp","href":"https:\/\/api.w.org\/{rel}","templated":true}]}}