{"id":9599,"date":"2025-02-28T14:00:29","date_gmt":"2025-02-28T17:00:29","guid":{"rendered":"https:\/\/focotocantinense.com.br\/?p=9599"},"modified":"2025-02-28T14:03:59","modified_gmt":"2025-02-28T17:03:59","slug":"programacao-de-carnaval-do-governo-do-tocantins-comeca-com-show-de-aline-barros-nesta-sexta-feira-28-e-segue-ate-4-de-marco-2","status":"publish","type":"post","link":"https:\/\/focotocantinense.com.br\/?p=9599","title":{"rendered":"Programa\u00e7\u00e3o de Carnaval do Governo do Tocantins come\u00e7a com show de Aline Barros nesta sexta-feira, 28, e segue at\u00e9 4 de mar\u00e7o"},"content":{"rendered":"\n<p><em>Ser\u00e3o cinco dias de festividade na Pra\u00e7a dos Girass\u00f3is, em Palmas, com atra\u00e7\u00f5es que v\u00e3o do ax\u00e9 ao sertanejo<\/em><\/p>\n\n\n\n<p><strong>Guilherme Lima\/Governo do Tocantins<\/strong><\/p>\n\n\n\n<p>A programa\u00e7\u00e3o de Carnaval promovida pelo Governo do Tocantins, por meio da Secretaria de Estado do Turismo (Setur), inicia oficialmente nesta sexta-feira, 28, na ala norte da Pra\u00e7a dos Girass\u00f3is, em Palmas, com atra\u00e7\u00f5es do segmento gospel regional e nacional. O primeiro dia do evento ser\u00e1 marcado pelos shows dos cantores Sandro Nazireu e Aline Barros. As apresenta\u00e7\u00f5es gratuitas seguem at\u00e9 a ter\u00e7a-feira, 4 de mar\u00e7o.<\/p>\n\n\n\n<p>A primeira noite come\u00e7a com o show do cantor Charleis, \u00e0s 20 horas; em seguida, sobe ao palco o cantor Moyses di Carvalho; e depois, Sandro Nasireu. A programa\u00e7\u00e3o de sexta-feira ser\u00e1 finalizada com o show de Aline Barros, com previs\u00e3o de in\u00edcio \u00e0s 23 horas.<\/p>\n\n\n\n<figure class=\"wp-block-image size-large is-resized\"><img loading=\"lazy\" decoding=\"async\" width=\"1024\" height=\"585\" src=\"https:\/\/focotocantinense.com.br\/wp-content\/uploads\/2025\/02\/F3-Sec-de-turismo-Hercy-Filho-foto-Marcio-Vieira-Governo-do-Tocantins-1024x585.jpg\" alt=\"\" class=\"wp-image-9600\" style=\"width:382px;height:auto\" srcset=\"https:\/\/focotocantinense.com.br\/wp-content\/uploads\/2025\/02\/F3-Sec-de-turismo-Hercy-Filho-foto-Marcio-Vieira-Governo-do-Tocantins-1024x585.jpg 1024w, https:\/\/focotocantinense.com.br\/wp-content\/uploads\/2025\/02\/F3-Sec-de-turismo-Hercy-Filho-foto-Marcio-Vieira-Governo-do-Tocantins-300x171.jpg 300w, https:\/\/focotocantinense.com.br\/wp-content\/uploads\/2025\/02\/F3-Sec-de-turismo-Hercy-Filho-foto-Marcio-Vieira-Governo-do-Tocantins-768x439.jpg 768w, https:\/\/focotocantinense.com.br\/wp-content\/uploads\/2025\/02\/F3-Sec-de-turismo-Hercy-Filho-foto-Marcio-Vieira-Governo-do-Tocantins.jpg 1400w\" sizes=\"auto, (max-width: 1024px) 100vw, 1024px\" \/><\/figure>\n\n\n\n<p><strong>O titular da Setur, Hercy Filho, ressalta a import\u00e2ncia de promover um Carnaval democr\u00e1tico e acess\u00edvel para toda a popula\u00e7\u00e3o &#8211; M\u00e1rcio Vieira\/Governo do Tocantins<\/strong>&nbsp;<\/p>\n\n\n\n<p>O titular da Setur, Hercy Filho, ressalta a import\u00e2ncia de promover um Carnaval democr\u00e1tico e acess\u00edvel para toda a popula\u00e7\u00e3o. \u201cEste ano, planejamos uma programa\u00e7\u00e3o diversificada, voltada para todos os p\u00fablicos, al\u00e9m de um esquema de seguran\u00e7a refor\u00e7ado, garantindo que todos possam curtir a festa com tranquilidade. Nosso objetivo \u00e9 proporcionar uma experi\u00eancia positiva, permitindo que os tocantinenses e os turistas aproveitem a folia, enquanto conhecem de perto a hospitalidade e as belezas do nosso estado\u201d, enfatiza o secret\u00e1rio.<\/p>\n\n\n\n<figure class=\"wp-block-image size-large\"><img loading=\"lazy\" decoding=\"async\" width=\"1024\" height=\"585\" src=\"https:\/\/focotocantinense.com.br\/wp-content\/uploads\/2025\/02\/F5-Montagem-estrutura-Carnaval-Praca-dos-Girassois-Fotos-Ademir-dos-Anjos-12-1024x585.jpg\" alt=\"\" class=\"wp-image-9601\" srcset=\"https:\/\/focotocantinense.com.br\/wp-content\/uploads\/2025\/02\/F5-Montagem-estrutura-Carnaval-Praca-dos-Girassois-Fotos-Ademir-dos-Anjos-12-1024x585.jpg 1024w, https:\/\/focotocantinense.com.br\/wp-content\/uploads\/2025\/02\/F5-Montagem-estrutura-Carnaval-Praca-dos-Girassois-Fotos-Ademir-dos-Anjos-12-300x171.jpg 300w, https:\/\/focotocantinense.com.br\/wp-content\/uploads\/2025\/02\/F5-Montagem-estrutura-Carnaval-Praca-dos-Girassois-Fotos-Ademir-dos-Anjos-12-768x439.jpg 768w, https:\/\/focotocantinense.com.br\/wp-content\/uploads\/2025\/02\/F5-Montagem-estrutura-Carnaval-Praca-dos-Girassois-Fotos-Ademir-dos-Anjos-12-1536x878.jpg 1536w, https:\/\/focotocantinense.com.br\/wp-content\/uploads\/2025\/02\/F5-Montagem-estrutura-Carnaval-Praca-dos-Girassois-Fotos-Ademir-dos-Anjos-12-2048x1171.jpg 2048w\" sizes=\"auto, (max-width: 1024px) 100vw, 1024px\" \/><\/figure>\n\n\n\n<p><strong>Estrutura foi montada na \u00e1rea norte da Pra\u00e7a dos Girass\u00f3is, em frente \u00e0 entrada principal do Pal\u00e1cio Araguaia &#8211; Ademir dos Anjos\/Governo do Tocantins<\/strong>\u00a0<\/p>\n\n\n\n<p><strong>Programa\u00e7\u00e3o<\/strong><\/p>\n\n\n\n<p>Ser\u00e3o cinco dias de festividade na Pra\u00e7a dos Girass\u00f3is, com atra\u00e7\u00f5es que v\u00e3o do ax\u00e9 ao sertanejo. No s\u00e1bado, 1\u00ba de mar\u00e7o, a programa\u00e7\u00e3o continua com shows de m\u00fasica crist\u00e3, come\u00e7ando \u00e0s 20 horas, com a Turma do Padre Dudu, seguida por Adriana Arydes, \u00e0s 21 horas, e encerrando a noite com o padre F\u00e1bio de Melo, \u00e0s 23 horas.<\/p>\n\n\n\n<figure class=\"wp-block-image size-large\"><img loading=\"lazy\" decoding=\"async\" width=\"1024\" height=\"585\" src=\"https:\/\/focotocantinense.com.br\/wp-content\/uploads\/2025\/02\/F1-Montagem-estrutura-Carnaval-Praca-dos-Girassois-Fotos-Ademir-dos-Anjos-2-1024x585.jpg\" alt=\"\" class=\"wp-image-9605\" srcset=\"https:\/\/focotocantinense.com.br\/wp-content\/uploads\/2025\/02\/F1-Montagem-estrutura-Carnaval-Praca-dos-Girassois-Fotos-Ademir-dos-Anjos-2-1024x585.jpg 1024w, https:\/\/focotocantinense.com.br\/wp-content\/uploads\/2025\/02\/F1-Montagem-estrutura-Carnaval-Praca-dos-Girassois-Fotos-Ademir-dos-Anjos-2-300x171.jpg 300w, https:\/\/focotocantinense.com.br\/wp-content\/uploads\/2025\/02\/F1-Montagem-estrutura-Carnaval-Praca-dos-Girassois-Fotos-Ademir-dos-Anjos-2-768x439.jpg 768w, https:\/\/focotocantinense.com.br\/wp-content\/uploads\/2025\/02\/F1-Montagem-estrutura-Carnaval-Praca-dos-Girassois-Fotos-Ademir-dos-Anjos-2-1536x878.jpg 1536w, https:\/\/focotocantinense.com.br\/wp-content\/uploads\/2025\/02\/F1-Montagem-estrutura-Carnaval-Praca-dos-Girassois-Fotos-Ademir-dos-Anjos-2-2048x1171.jpg 2048w\" sizes=\"auto, (max-width: 1024px) 100vw, 1024px\" \/><\/figure>\n\n\n\n<p><strong>Programa\u00e7\u00e3o de Carnaval promovida pelo Governo do Tocantins inicia oficialmente nesta sexta-feira, 28 &#8211; Ademir dos Anjos\/Governo do Tocantins\u00a0<\/strong><\/p>\n\n\n\n<p>No domingo, 2, o ritmo muda para o forr\u00f3 e o sertanejo, com atra\u00e7\u00f5es a partir das 20h30. A festa ser\u00e1 animada por Rafa do Piseiro, Paulinho Braga, Z\u00e9 Ot\u00e1vio, Breno Major e Gasparzinho, al\u00e9m do show de Israel Novaes \u00e0 1 hora da madrugada. J\u00e1 na segunda-feira, 3, Kris Fran\u00e7a abre a noite \u00e0s 21 horas, e nomes como Adu\u00edlio Mendes, Wglemerson Lima e a dupla Diego e Victor Hugo garantem a anima\u00e7\u00e3o at\u00e9 de madrugada.<\/p>\n\n\n\n<p>O encerramento do Carnaval do Governo do Tocantins, na ter\u00e7a-feira, 4, ter\u00e1 in\u00edcio \u00e0s 20h30 com Theo Santana, Juarez Falc\u00e3o, Pedro e Vini, F Play; e finaliza com Washington Brasileiro e a dupla sertaneja Hugo e Guilherme.<\/p>\n\n\n\n<p><strong>Estrutura e seguran\u00e7a<\/strong><\/p>\n\n\n\n<figure class=\"wp-block-image size-large\"><img loading=\"lazy\" decoding=\"async\" width=\"1024\" height=\"585\" src=\"https:\/\/focotocantinense.com.br\/wp-content\/uploads\/2025\/02\/F6-O-policiamento-nos-locais-das-programacoes-de-carnaval-PMTO-Governo-do-Tocantins-1024x585.jpg\" alt=\"\" class=\"wp-image-9603\" srcset=\"https:\/\/focotocantinense.com.br\/wp-content\/uploads\/2025\/02\/F6-O-policiamento-nos-locais-das-programacoes-de-carnaval-PMTO-Governo-do-Tocantins-1024x585.jpg 1024w, https:\/\/focotocantinense.com.br\/wp-content\/uploads\/2025\/02\/F6-O-policiamento-nos-locais-das-programacoes-de-carnaval-PMTO-Governo-do-Tocantins-300x171.jpg 300w, https:\/\/focotocantinense.com.br\/wp-content\/uploads\/2025\/02\/F6-O-policiamento-nos-locais-das-programacoes-de-carnaval-PMTO-Governo-do-Tocantins-768x439.jpg 768w, https:\/\/focotocantinense.com.br\/wp-content\/uploads\/2025\/02\/F6-O-policiamento-nos-locais-das-programacoes-de-carnaval-PMTO-Governo-do-Tocantins.jpg 1400w\" sizes=\"auto, (max-width: 1024px) 100vw, 1024px\" \/><\/figure>\n\n\n\n<p><strong>Espa\u00e7o est\u00e1 equipado com ilumina\u00e7\u00e3o especial e \u00e1rea de alimenta\u00e7\u00e3o &#8211; Ademir dos Anjos\/Governo do Tocantins\u00a0<\/strong><\/p>\n\n\n\n<p>O palco foi montado na \u00e1rea norte da Pra\u00e7a dos Girass\u00f3is, em frente \u00e0 entrada principal do Pal\u00e1cio Araguaia Governador Jos\u00e9 Wilson Siqueira Campos. O espa\u00e7o est\u00e1 equipado com ilumina\u00e7\u00e3o especial e \u00e1rea de alimenta\u00e7\u00e3o.<\/p>\n\n\n\n<p>Para garantir a seguran\u00e7a, o evento conta com um esquema refor\u00e7ado de policiamento e estrutura preparada para receber o p\u00fablico. Equipes da Pol\u00edcia Militar do Tocantins (PMTO) e do Corpo de Bombeiros Militar do Tocantins (CBMTO) atuar\u00e3o em toda a \u00e1rea da festa. Durante as festividades com shows do segmento gospel, cerca de 90 policiais refor\u00e7ar\u00e3o a seguran\u00e7a. Nos demais shows, o esquema de seguran\u00e7a contar\u00e1 com 150 militares.<\/p>\n","protected":false},"excerpt":{"rendered":"<p>Ser\u00e3o cinco dias de festividade na Pra\u00e7a dos Girass\u00f3is, em Palmas, com atra\u00e7\u00f5es que v\u00e3o do ax\u00e9 ao sertanejo Guilherme Lima\/Governo do Tocantins A programa\u00e7\u00e3o de Carnaval promovida pelo Governo do Tocantins, por meio da Secretaria de Estado do Turismo (Setur), inicia oficialmente nesta sexta-feira, 28, na ala norte da Pra\u00e7a dos Girass\u00f3is, em Palmas, &hellip;<\/p>\n","protected":false},"author":5,"featured_media":9601,"comment_status":"open","ping_status":"open","sticky":false,"template":"","format":"standard","meta":{"footnotes":""},"categories":[1],"tags":[],"class_list":["post-9599","post","type-post","status-publish","format-standard","has-post-thumbnail","","category-sem-categoria"],"_links":{"self":[{"href":"https:\/\/focotocantinense.com.br\/index.php?rest_route=\/wp\/v2\/posts\/9599","targetHints":{"allow":["GET"]}}],"collection":[{"href":"https:\/\/focotocantinense.com.br\/index.php?rest_route=\/wp\/v2\/posts"}],"about":[{"href":"https:\/\/focotocantinense.com.br\/index.php?rest_route=\/wp\/v2\/types\/post"}],"author":[{"embeddable":true,"href":"https:\/\/focotocantinense.com.br\/index.php?rest_route=\/wp\/v2\/users\/5"}],"replies":[{"embeddable":true,"href":"https:\/\/focotocantinense.com.br\/index.php?rest_route=%2Fwp%2Fv2%2Fcomments&post=9599"}],"version-history":[{"count":2,"href":"https:\/\/focotocantinense.com.br\/index.php?rest_route=\/wp\/v2\/posts\/9599\/revisions"}],"predecessor-version":[{"id":9606,"href":"https:\/\/focotocantinense.com.br\/index.php?rest_route=\/wp\/v2\/posts\/9599\/revisions\/9606"}],"wp:featuredmedia":[{"embeddable":true,"href":"https:\/\/focotocantinense.com.br\/index.php?rest_route=\/wp\/v2\/media\/9601"}],"wp:attachment":[{"href":"https:\/\/focotocantinense.com.br\/index.php?rest_route=%2Fwp%2Fv2%2Fmedia&parent=9599"}],"wp:term":[{"taxonomy":"category","embeddable":true,"href":"https:\/\/focotocantinense.com.br\/index.php?rest_route=%2Fwp%2Fv2%2Fcategories&post=9599"},{"taxonomy":"post_tag","embeddable":true,"href":"https:\/\/focotocantinense.com.br\/index.php?rest_route=%2Fwp%2Fv2%2Ftags&post=9599"}],"curies":[{"name":"wp","href":"https:\/\/api.w.org\/{rel}","templated":true}]}}