{"id":9575,"date":"2025-02-28T12:25:05","date_gmt":"2025-02-28T15:25:05","guid":{"rendered":"https:\/\/focotocantinense.com.br\/?p=9575"},"modified":"2025-02-28T12:26:38","modified_gmt":"2025-02-28T15:26:38","slug":"prefeitura-de-gurupi-confirma-apresentacoes-da-glow-producoes-no-carnaval-de-2025eeee","status":"publish","type":"post","link":"https:\/\/focotocantinense.com.br\/?p=9575","title":{"rendered":"Prefeitura de Gurupi confirma apresenta\u00e7\u00f5es da Glow Produ\u00e7\u00f5es no Carnaval de 2025"},"content":{"rendered":"\n<p><\/p>\n\n\n\n<p>O grande sucesso do Carnaval de Gurupi de 2023 e 2024 retoma com for\u00e7a total em 2025! Nesta que ser\u00e1 a maior edi\u00e7\u00e3o do evento, est\u00e1 confirmada a participa\u00e7\u00e3o da Glow Produ\u00e7\u00f5es, que promete um verdadeiro show \u00e0 parte na festa de momo.<\/p>\n\n\n\n<p>Neste ano, o grupo estar\u00e1 na avenida as cinco noites, apresentando espet\u00e1culos distintos no maior Carnaval do Norte do Brasil.<\/p>\n\n\n\n<figure class=\"wp-block-image size-full is-resized\"><img loading=\"lazy\" decoding=\"async\" width=\"1024\" height=\"682\" src=\"https:\/\/focotocantinense.com.br\/wp-content\/uploads\/2025\/02\/image-1.jpeg\" alt=\"O atributo alt desta imagem est\u00e1 vazio. O nome do arquivo \u00e9 Prefeitura-de-Gurupi-confirma-apresentacoes-da-Glow-Producoes-no-Carnaval-de-2025-1-1024x682.jpeg\" class=\"wp-image-9579\" style=\"width:373px;height:auto\" srcset=\"https:\/\/focotocantinense.com.br\/wp-content\/uploads\/2025\/02\/image-1.jpeg 1024w, https:\/\/focotocantinense.com.br\/wp-content\/uploads\/2025\/02\/image-1-300x200.jpeg 300w, https:\/\/focotocantinense.com.br\/wp-content\/uploads\/2025\/02\/image-1-768x512.jpeg 768w, https:\/\/focotocantinense.com.br\/wp-content\/uploads\/2025\/02\/image-1-310x205.jpeg 310w\" sizes=\"auto, (max-width: 1024px) 100vw, 1024px\" \/><\/figure>\n\n\n\n<p>Na primeira noite, o p\u00fablico vai curtir o \u201cCyber Glow\u201d, um show com personagens futuristas que levar\u00e3o os foli\u00f5es a uma viagem pelo tempo, trazendo um Carnaval tecnol\u00f3gico e cheio de inova\u00e7\u00e3o.<\/p>\n\n\n\n<p>Na segunda noite, o espet\u00e1culo \u201cEncantos da Natureza\u201d trar\u00e1 a magia dos elementos naturais para a avenida. Criaturas encantadas, seres m\u00edsticos e for\u00e7as da natureza se unir\u00e3o em uma apresenta\u00e7\u00e3o repleta de cores, dan\u00e7as e performances que celebrar\u00e3o a conex\u00e3o entre o homem e o planeta.<\/p>\n\n\n\n<p>A terceira noite ser\u00e1 marcada pelo show &#8220;Reflexos da Folia &#8211; Os Espelhados&#8221;, onde o brilho do Carnaval nunca foi t\u00e3o fascinante. Com figurinos espelhados que refletem a energia da festa, esta noite promete um espet\u00e1culo fascinante, em que cada movimento ilumina a alegria do p\u00fablico.<\/p>\n\n\n\n<p>Na pen\u00faltima noite, o espet\u00e1culo &#8220;Neon Vibes&#8221; ser\u00e1 uma explos\u00e3o de cores. O neon ilumina o show em uma experi\u00eancia sensorial \u00fanica, repleta de performances cheias de energia, dan\u00e7a e muita vibra\u00e7\u00e3o.<\/p>\n\n\n\n<p>Para fechar com chave de ouro, a \u00faltima noite trar\u00e1 a &#8220;Apoteose Glow&#8221;, uma celebra\u00e7\u00e3o \u00e9pica que reunir\u00e1 os melhores momentos das noites anteriores. Um verdadeiro encontro de brilho, emo\u00e7\u00e3o e surpresas para um espet\u00e1culo final inesquec\u00edvel.<\/p>\n\n\n\n<p>E a crian\u00e7ada tamb\u00e9m ter\u00e1 um espa\u00e7o especial na programa\u00e7\u00e3o. Durante tr\u00eas dias \u2013 s\u00e1bado, domingo e segunda-feira \u2013 o grupo apresentar\u00e1 espet\u00e1culos voltados para o p\u00fablico infantil, com personagens l\u00fadicos, super-her\u00f3is, seres do universo candy e artistas circenses. As matin\u00eas acontecer\u00e3o a partir das 15h, no Parque Mutuca, garantindo muita fantasia, alegria e divers\u00e3o para os pequenos foli\u00f5es.<\/p>\n\n\n\n<p>A secret\u00e1ria municipal de Cultura e Turismo, Liliane Pagliarini, destacou a empolga\u00e7\u00e3o em torno do evento e a import\u00e2ncia da participa\u00e7\u00e3o da Glow Produ\u00e7\u00f5es no Carnaval de Gurupi. \u201cO p\u00fablico aprovou a presen\u00e7a da Glow nas edi\u00e7\u00f5es passadas e neste ano n\u00e3o poderia ser diferente. Eles trazem uma magia especial para a festa e prometem um show ainda mais encantador para 2025\u201d, concluiu a secret\u00e1ria.<\/p>\n\n\n\n<figure class=\"wp-block-image size-full\"><img loading=\"lazy\" decoding=\"async\" width=\"843\" height=\"251\" src=\"https:\/\/focotocantinense.com.br\/wp-content\/uploads\/2025\/02\/midia-vinicius-6.jpg\" alt=\"\" class=\"wp-image-9560\" srcset=\"https:\/\/focotocantinense.com.br\/wp-content\/uploads\/2025\/02\/midia-vinicius-6.jpg 843w, https:\/\/focotocantinense.com.br\/wp-content\/uploads\/2025\/02\/midia-vinicius-6-300x89.jpg 300w, https:\/\/focotocantinense.com.br\/wp-content\/uploads\/2025\/02\/midia-vinicius-6-768x229.jpg 768w\" sizes=\"auto, (max-width: 843px) 100vw, 843px\" \/><\/figure>\n\n\n\n<p><\/p>\n","protected":false},"excerpt":{"rendered":"<p>O grande sucesso do Carnaval de Gurupi de 2023 e 2024 retoma com for\u00e7a total em 2025! Nesta que ser\u00e1 a maior edi\u00e7\u00e3o do evento, est\u00e1 confirmada a participa\u00e7\u00e3o da Glow Produ\u00e7\u00f5es, que promete um verdadeiro show \u00e0 parte na festa de momo. Neste ano, o grupo estar\u00e1 na avenida as cinco noites, apresentando espet\u00e1culos &hellip;<\/p>\n","protected":false},"author":5,"featured_media":9576,"comment_status":"open","ping_status":"open","sticky":false,"template":"","format":"standard","meta":{"footnotes":""},"categories":[38],"tags":[],"class_list":["post-9575","post","type-post","status-publish","format-standard","has-post-thumbnail","","category-gurupi"],"_links":{"self":[{"href":"https:\/\/focotocantinense.com.br\/index.php?rest_route=\/wp\/v2\/posts\/9575","targetHints":{"allow":["GET"]}}],"collection":[{"href":"https:\/\/focotocantinense.com.br\/index.php?rest_route=\/wp\/v2\/posts"}],"about":[{"href":"https:\/\/focotocantinense.com.br\/index.php?rest_route=\/wp\/v2\/types\/post"}],"author":[{"embeddable":true,"href":"https:\/\/focotocantinense.com.br\/index.php?rest_route=\/wp\/v2\/users\/5"}],"replies":[{"embeddable":true,"href":"https:\/\/focotocantinense.com.br\/index.php?rest_route=%2Fwp%2Fv2%2Fcomments&post=9575"}],"version-history":[{"count":5,"href":"https:\/\/focotocantinense.com.br\/index.php?rest_route=\/wp\/v2\/posts\/9575\/revisions"}],"predecessor-version":[{"id":9583,"href":"https:\/\/focotocantinense.com.br\/index.php?rest_route=\/wp\/v2\/posts\/9575\/revisions\/9583"}],"wp:featuredmedia":[{"embeddable":true,"href":"https:\/\/focotocantinense.com.br\/index.php?rest_route=\/wp\/v2\/media\/9576"}],"wp:attachment":[{"href":"https:\/\/focotocantinense.com.br\/index.php?rest_route=%2Fwp%2Fv2%2Fmedia&parent=9575"}],"wp:term":[{"taxonomy":"category","embeddable":true,"href":"https:\/\/focotocantinense.com.br\/index.php?rest_route=%2Fwp%2Fv2%2Fcategories&post=9575"},{"taxonomy":"post_tag","embeddable":true,"href":"https:\/\/focotocantinense.com.br\/index.php?rest_route=%2Fwp%2Fv2%2Ftags&post=9575"}],"curies":[{"name":"wp","href":"https:\/\/api.w.org\/{rel}","templated":true}]}}