{"id":9568,"date":"2025-02-28T11:30:12","date_gmt":"2025-02-28T14:30:12","guid":{"rendered":"https:\/\/focotocantinense.com.br\/?p=9568"},"modified":"2025-02-28T11:32:19","modified_gmt":"2025-02-28T14:32:19","slug":"prefeitura-e-policia-militar-garantem-seguranca-no-carnaval-de-gurupi","status":"publish","type":"post","link":"https:\/\/focotocantinense.com.br\/?p=9568","title":{"rendered":"Prefeitura e Pol\u00edcia Militar garantem seguran\u00e7a no Carnaval de Gurupi"},"content":{"rendered":"\n<p>O Carnaval \u00e9 festa, \u00e9 alegria, e melhor ainda quando \u00e9 em seguran\u00e7a! Esse \u00e9 um fator determinante para o maior evento do norte do pa\u00eds, organizado pela Prefeitura de Gurupi, por meio da Secretaria de Cultura e Turismo. Para garantir que os foli\u00f5es se divirtam com tranquilidade, a festa conta com o total apoio da Pol\u00edcia Militar, que atuar\u00e1 de forma refor\u00e7ada no circuito e em toda a cidade.<\/p>\n\n\n\n<p>O Comandante do 4\u00ba Batalh\u00e3o da Pol\u00edcia Militar, Ten. Cel. Wesley Costa, destacou o refor\u00e7o no efetivo para garantir a seguran\u00e7a do foli\u00e3o no circuito, assim como no restante da cidade. Enfatizou que a Pol\u00edcia Militar trabalha com uma estrutura planejada e estrat\u00e9gica para garantir a tranquilidade dos foli\u00f5es dentro e fora do circuito.<\/p>\n\n\n\n<p><strong>Videomonitoramento<\/strong><\/p>\n\n\n\n<p>Como nos anos anteriores, o circuito contar\u00e1 com monitoramento completo por c\u00e2meras de alta resolu\u00e7\u00e3o, por meio do sistema \u201cOlho Vivo\u201d. C\u00e2meras estrat\u00e9gicas ser\u00e3o posicionadas em pontos-chave da estrutura do evento, permitindo o monitoramento em tempo real tanto na central do 4\u00ba BPM quanto na base de apoio da Pol\u00edcia Militar montada no circuito.<\/p>\n\n\n\n<p><strong>Estrutura e Seguran\u00e7a Particular<\/strong><\/p>\n\n\n\n<p>A Prefeitura de Gurupi est\u00e1 trabalhando de forma integrada com os \u00f3rg\u00e3os de seguran\u00e7a para garantir a tranquilidade da festa. Para isso, est\u00e1 viabilizando estrutura e suporte ao trabalho da Pol\u00edcia Militar e do Corpo de Bombeiros.<\/p>\n\n\n\n<p>Na estrutura do evento, est\u00e3o montados quatro pontos elevados para facilitar a observa\u00e7\u00e3o do ambiente pelos policiais. Al\u00e9m disso, ser\u00e1 disponibilizado um efetivo de 100 seguran\u00e7as particulares por dia para contribuir com a seguran\u00e7a do evento. O Munic\u00edpio tamb\u00e9m contar\u00e1 com estandes de apoio da Pol\u00edcia Militar, do Corpo de Bombeiros e da Secretaria Municipal de Sa\u00fade.<\/p>\n\n\n\n<figure class=\"wp-block-image size-large\"><img loading=\"lazy\" decoding=\"async\" width=\"1024\" height=\"1010\" src=\"https:\/\/focotocantinense.com.br\/wp-content\/uploads\/2025\/02\/Prefeitura-e-Policia-Militar-garantem-seguranca-no-Carnaval-de-Gurupi-2-1024x1010.jpeg\" alt=\"\" class=\"wp-image-9570\" srcset=\"https:\/\/focotocantinense.com.br\/wp-content\/uploads\/2025\/02\/Prefeitura-e-Policia-Militar-garantem-seguranca-no-Carnaval-de-Gurupi-2-1024x1010.jpeg 1024w, https:\/\/focotocantinense.com.br\/wp-content\/uploads\/2025\/02\/Prefeitura-e-Policia-Militar-garantem-seguranca-no-Carnaval-de-Gurupi-2-300x296.jpeg 300w, https:\/\/focotocantinense.com.br\/wp-content\/uploads\/2025\/02\/Prefeitura-e-Policia-Militar-garantem-seguranca-no-Carnaval-de-Gurupi-2-768x758.jpeg 768w, https:\/\/focotocantinense.com.br\/wp-content\/uploads\/2025\/02\/Prefeitura-e-Policia-Militar-garantem-seguranca-no-Carnaval-de-Gurupi-2.jpeg 1098w\" sizes=\"auto, (max-width: 1024px) 100vw, 1024px\" \/><\/figure>\n\n\n\n<p><\/p>\n\n\n\n<p><strong>Espa\u00e7o \u201cUma por Todas e Todas por Uma\u201d<\/strong><\/p>\n\n\n\n<p>Uma das grandes novidades deste ano \u00e9 a implementa\u00e7\u00e3o do espa\u00e7o \u201cUma por Todas e Todas por Uma\u201d, um ambiente exclusivo para acolhimento, suporte e encaminhamento de ocorr\u00eancias relacionadas \u00e0 viol\u00eancia contra a mulher, com foco especial na preven\u00e7\u00e3o da importuna\u00e7\u00e3o sexual, uma das principais viola\u00e7\u00f5es durante eventos festivos.<\/p>\n\n\n\n<p>O projeto \u00e9 uma iniciativa da Secretaria da Mulher e Cidadania, com apoio do Minist\u00e9rio P\u00fablico do Tocantins, da Defensoria P\u00fablica, da Delegacia Especializada de Atendimento \u00e0 Mulher e Vulner\u00e1veis (DEAMV) e da Patrulha Maria da Penha do 4\u00ba BPM.<\/p>\n\n\n\n<p>A secret\u00e1ria de Cultura e Turismo, Liliane Pagliarini, refor\u00e7ou o compromisso da gest\u00e3o municipal em garantir um evento seguro para todos. &#8220;Nossa equipe tem trabalhado incansavelmente para que o Carnaval de Gurupi seja inesquec\u00edvel, com toda a estrutura necess\u00e1ria para garantir a seguran\u00e7a e o bem-estar dos foli\u00f5es. Estamos preparados para receber todos com responsabilidade e alegria&#8221;, destacou.<\/p>\n\n\n\n<p>&nbsp;A prefeita de Gurupi, Josi Nunes, tamb\u00e9m ressaltou a import\u00e2ncia da seguran\u00e7a para o sucesso do evento. \u201cNosso Carnaval \u00e9 refer\u00eancia e, mais uma vez, estamos garantindo toda a estrutura necess\u00e1ria para que os foli\u00f5es aproveitem com tranquilidade. Queremos que todos curtam essa grande festa com alegria e seguran\u00e7a. Venham participar e fazer parte dessa celebra\u00e7\u00e3o maravilhosa que preparamos\u201d, convidou a prefeita.<\/p>\n\n\n\n<figure class=\"wp-block-image size-full\"><img loading=\"lazy\" decoding=\"async\" width=\"843\" height=\"251\" src=\"https:\/\/focotocantinense.com.br\/wp-content\/uploads\/2025\/02\/midia-vinicius-6.jpg\" alt=\"\" class=\"wp-image-9560\" srcset=\"https:\/\/focotocantinense.com.br\/wp-content\/uploads\/2025\/02\/midia-vinicius-6.jpg 843w, https:\/\/focotocantinense.com.br\/wp-content\/uploads\/2025\/02\/midia-vinicius-6-300x89.jpg 300w, https:\/\/focotocantinense.com.br\/wp-content\/uploads\/2025\/02\/midia-vinicius-6-768x229.jpg 768w\" sizes=\"auto, (max-width: 843px) 100vw, 843px\" \/><\/figure>\n","protected":false},"excerpt":{"rendered":"<p>O Carnaval \u00e9 festa, \u00e9 alegria, e melhor ainda quando \u00e9 em seguran\u00e7a! Esse \u00e9 um fator determinante para o maior evento do norte do pa\u00eds, organizado pela Prefeitura de Gurupi, por meio da Secretaria de Cultura e Turismo. Para garantir que os foli\u00f5es se divirtam com tranquilidade, a festa conta com o total apoio &hellip;<\/p>\n","protected":false},"author":5,"featured_media":9570,"comment_status":"open","ping_status":"open","sticky":false,"template":"","format":"standard","meta":{"footnotes":""},"categories":[38],"tags":[],"class_list":["post-9568","post","type-post","status-publish","format-standard","has-post-thumbnail","","category-gurupi"],"_links":{"self":[{"href":"https:\/\/focotocantinense.com.br\/index.php?rest_route=\/wp\/v2\/posts\/9568","targetHints":{"allow":["GET"]}}],"collection":[{"href":"https:\/\/focotocantinense.com.br\/index.php?rest_route=\/wp\/v2\/posts"}],"about":[{"href":"https:\/\/focotocantinense.com.br\/index.php?rest_route=\/wp\/v2\/types\/post"}],"author":[{"embeddable":true,"href":"https:\/\/focotocantinense.com.br\/index.php?rest_route=\/wp\/v2\/users\/5"}],"replies":[{"embeddable":true,"href":"https:\/\/focotocantinense.com.br\/index.php?rest_route=%2Fwp%2Fv2%2Fcomments&post=9568"}],"version-history":[{"count":3,"href":"https:\/\/focotocantinense.com.br\/index.php?rest_route=\/wp\/v2\/posts\/9568\/revisions"}],"predecessor-version":[{"id":9574,"href":"https:\/\/focotocantinense.com.br\/index.php?rest_route=\/wp\/v2\/posts\/9568\/revisions\/9574"}],"wp:featuredmedia":[{"embeddable":true,"href":"https:\/\/focotocantinense.com.br\/index.php?rest_route=\/wp\/v2\/media\/9570"}],"wp:attachment":[{"href":"https:\/\/focotocantinense.com.br\/index.php?rest_route=%2Fwp%2Fv2%2Fmedia&parent=9568"}],"wp:term":[{"taxonomy":"category","embeddable":true,"href":"https:\/\/focotocantinense.com.br\/index.php?rest_route=%2Fwp%2Fv2%2Fcategories&post=9568"},{"taxonomy":"post_tag","embeddable":true,"href":"https:\/\/focotocantinense.com.br\/index.php?rest_route=%2Fwp%2Fv2%2Ftags&post=9568"}],"curies":[{"name":"wp","href":"https:\/\/api.w.org\/{rel}","templated":true}]}}