{"id":9562,"date":"2025-02-26T21:19:43","date_gmt":"2025-02-27T00:19:43","guid":{"rendered":"https:\/\/focotocantinense.com.br\/?p=9562"},"modified":"2025-02-26T21:21:04","modified_gmt":"2025-02-27T00:21:04","slug":"tocantinopolis-vai-sediar-acao-do-comite-de-cultura-no-tocantins-nesta-sexta-feira","status":"publish","type":"post","link":"https:\/\/focotocantinense.com.br\/?p=9562","title":{"rendered":"Tocantin\u00f3polis vai sediar a\u00e7\u00e3o do Comit\u00ea de Cultura no Tocantins nesta sexta-feira"},"content":{"rendered":"\n<p><strong>Por Rodrigo Martins<\/strong><\/p>\n\n\n\n<p>A cidade de Tocantin\u00f3polis vai receber nesta sexta-feira, 28, a a\u00e7\u00e3o Rotas Culturais Tocantins, que ter\u00e1 como tema central: Comunidade LGBTQIA+ &#8211; Inclus\u00e3o e Pol\u00edticas Socioculturais. Promovido pelo Comit\u00ea de Cultura no Tocantins, por meio da Federa\u00e7\u00e3o Tocantinense de Artes C\u00eanicas (FETAC), o evento inicia \u00e0s 12h, na Universidade Federal do Norte do Tocantins (UFNT).<\/p>\n\n\n\n<p>O evento faz parte de uma s\u00e9rie de semin\u00e1rios que t\u00eam proporcionado encontros valiosos entre o Minist\u00e9rio da Cultura (MinC) e representantes culturais locais. Este \u00e9 o segundo evento que o Comit\u00ea de Cultura no Tocantins realiza na cidade. Kak\u00e1 Nogueira, coordenador geral do comit\u00ea, destaca a import\u00e2ncia da a\u00e7\u00e3o.<\/p>\n\n\n\n<figure class=\"wp-block-image size-large is-resized\"><img loading=\"lazy\" decoding=\"async\" width=\"1024\" height=\"654\" src=\"https:\/\/focotocantinense.com.br\/wp-content\/uploads\/2025\/02\/Seminario-Tocantinopolis-Foto-Augusto-Rocha-1024x654.jpeg\" alt=\"\" class=\"wp-image-9563\" style=\"width:352px;height:auto\" srcset=\"https:\/\/focotocantinense.com.br\/wp-content\/uploads\/2025\/02\/Seminario-Tocantinopolis-Foto-Augusto-Rocha-1024x654.jpeg 1024w, https:\/\/focotocantinense.com.br\/wp-content\/uploads\/2025\/02\/Seminario-Tocantinopolis-Foto-Augusto-Rocha-300x192.jpeg 300w, https:\/\/focotocantinense.com.br\/wp-content\/uploads\/2025\/02\/Seminario-Tocantinopolis-Foto-Augusto-Rocha-768x490.jpeg 768w, https:\/\/focotocantinense.com.br\/wp-content\/uploads\/2025\/02\/Seminario-Tocantinopolis-Foto-Augusto-Rocha.jpeg 1419w\" sizes=\"auto, (max-width: 1024px) 100vw, 1024px\" \/><\/figure>\n\n\n\n<p><\/p>\n\n\n\n<p>\u201cEstamos fazendo um trabalho muito intenso de promo\u00e7\u00e3o e valoriza\u00e7\u00e3o da cultura por todo o Tocantins. De Sul a Norte do Estado est\u00e3o sendo realizados eventos como este, que promovem a discuss\u00e3o com a comunidade local, com os agentes culturais, dando espa\u00e7o e voz para as minorias debaterem suas lutas e compartilharem suas conquistas\u201d, frisou o coordenador.<\/p>\n\n\n\n<p>A FETAC, que lidera o Comit\u00ea de Cultura no Tocantins, atua em parceria com o Minist\u00e9rio da Cultura (MinC) por meio de um termo de colabora\u00e7\u00e3o firmado com o objetivo de desenvolver o&nbsp; Programa Nacional dos Comit\u00eas de Cultura (PNCC) em todo o estado. O trabalho conta com a coordena\u00e7\u00e3o regional da Associa\u00e7\u00e3o Gurupiense de Artes\u00e3os (AGA) e do Instituto Social e Cultural Araguaia (ISCA).<\/p>\n\n\n\n<figure class=\"wp-block-image size-full\"><img loading=\"lazy\" decoding=\"async\" width=\"843\" height=\"251\" src=\"https:\/\/focotocantinense.com.br\/wp-content\/uploads\/2025\/02\/midia-vinicius-6.jpg\" alt=\"\" class=\"wp-image-9560\" srcset=\"https:\/\/focotocantinense.com.br\/wp-content\/uploads\/2025\/02\/midia-vinicius-6.jpg 843w, https:\/\/focotocantinense.com.br\/wp-content\/uploads\/2025\/02\/midia-vinicius-6-300x89.jpg 300w, https:\/\/focotocantinense.com.br\/wp-content\/uploads\/2025\/02\/midia-vinicius-6-768x229.jpg 768w\" sizes=\"auto, (max-width: 843px) 100vw, 843px\" \/><\/figure>\n","protected":false},"excerpt":{"rendered":"<p>Por Rodrigo Martins A cidade de Tocantin\u00f3polis vai receber nesta sexta-feira, 28, a a\u00e7\u00e3o Rotas Culturais Tocantins, que ter\u00e1 como tema central: Comunidade LGBTQIA+ &#8211; Inclus\u00e3o e Pol\u00edticas Socioculturais. Promovido pelo Comit\u00ea de Cultura no Tocantins, por meio da Federa\u00e7\u00e3o Tocantinense de Artes C\u00eanicas (FETAC), o evento inicia \u00e0s 12h, na Universidade Federal do Norte &hellip;<\/p>\n","protected":false},"author":5,"featured_media":9563,"comment_status":"open","ping_status":"open","sticky":false,"template":"","format":"standard","meta":{"footnotes":""},"categories":[1],"tags":[],"class_list":["post-9562","post","type-post","status-publish","format-standard","has-post-thumbnail","","category-sem-categoria"],"_links":{"self":[{"href":"https:\/\/focotocantinense.com.br\/index.php?rest_route=\/wp\/v2\/posts\/9562","targetHints":{"allow":["GET"]}}],"collection":[{"href":"https:\/\/focotocantinense.com.br\/index.php?rest_route=\/wp\/v2\/posts"}],"about":[{"href":"https:\/\/focotocantinense.com.br\/index.php?rest_route=\/wp\/v2\/types\/post"}],"author":[{"embeddable":true,"href":"https:\/\/focotocantinense.com.br\/index.php?rest_route=\/wp\/v2\/users\/5"}],"replies":[{"embeddable":true,"href":"https:\/\/focotocantinense.com.br\/index.php?rest_route=%2Fwp%2Fv2%2Fcomments&post=9562"}],"version-history":[{"count":3,"href":"https:\/\/focotocantinense.com.br\/index.php?rest_route=\/wp\/v2\/posts\/9562\/revisions"}],"predecessor-version":[{"id":9566,"href":"https:\/\/focotocantinense.com.br\/index.php?rest_route=\/wp\/v2\/posts\/9562\/revisions\/9566"}],"wp:featuredmedia":[{"embeddable":true,"href":"https:\/\/focotocantinense.com.br\/index.php?rest_route=\/wp\/v2\/media\/9563"}],"wp:attachment":[{"href":"https:\/\/focotocantinense.com.br\/index.php?rest_route=%2Fwp%2Fv2%2Fmedia&parent=9562"}],"wp:term":[{"taxonomy":"category","embeddable":true,"href":"https:\/\/focotocantinense.com.br\/index.php?rest_route=%2Fwp%2Fv2%2Fcategories&post=9562"},{"taxonomy":"post_tag","embeddable":true,"href":"https:\/\/focotocantinense.com.br\/index.php?rest_route=%2Fwp%2Fv2%2Ftags&post=9562"}],"curies":[{"name":"wp","href":"https:\/\/api.w.org\/{rel}","templated":true}]}}