{"id":9551,"date":"2025-02-24T13:34:56","date_gmt":"2025-02-24T16:34:56","guid":{"rendered":"https:\/\/focotocantinense.com.br\/?p=9551"},"modified":"2025-02-24T13:42:54","modified_gmt":"2025-02-24T16:42:54","slug":"gabi-amaral-estreia-shampoo-no-spotify-com-ronny-martins-e-celebra-crescimento-na-musica","status":"publish","type":"post","link":"https:\/\/focotocantinense.com.br\/?p=9551","title":{"rendered":"Gabi Amaral estreia \u201cShampoo\u201d no Spotify com Ronny Martins e celebra crescimento na m\u00fasica"},"content":{"rendered":"\n<p><strong>Por Jonas Amaral<\/strong><\/p>\n\n\n\n<p>&#8220;<em><strong>Sonhar \u00e9 o primeiro passo para realizar. Desde pequena, sempre acreditei que a m\u00fasica poderia me levar a lugares incr\u00edveis, e hoje estou vivendo isso<\/strong><\/em>\u201d. Com essas palavras, a cantora Gabi Amaral traduz a emo\u00e7\u00e3o de um momento marcante em sua trajet\u00f3ria. Natural de S\u00e3o Geraldo do Araguaia (PA), mas de cora\u00e7\u00e3o gurupiense, Gabi tem conquistado espa\u00e7o no meio musical e agora celebra o lan\u00e7amento de <strong>\u201cShampoo\u201d<\/strong> no Spotify.<\/p>\n\n\n\n<p><strong>Ra\u00edzes e inspira\u00e7\u00e3o musical<\/strong><br>Crescida na Capital da Amizade, Gurupi (TO), Gabi Amaral iniciou sua rela\u00e7\u00e3o com a m\u00fasica ainda na inf\u00e2ncia, cantando em igrejas e escolas, incluindo o Col\u00e9gio da Pol\u00edcia Militar do Tocantins Presidente Costa e Silva. Seu talento logo chamou aten\u00e7\u00e3o, tornando-se refer\u00eancia musical na regi\u00e3o Sul do Estado.<\/p>\n\n\n\n<p><strong>Mudan\u00e7as e novos desafios<\/strong><br>Em busca de crescimento e reconhecimento, a artista decidiu deixar sua m\u00e3e e familiares para morar em Goi\u00e2nia, centro da m\u00fasica sertaneja e palco de oportunidades. A mudan\u00e7a tem sido recompensada com espa\u00e7o na cena musical, diversas agendas em Goi\u00e1s e proje\u00e7\u00e3o para outros estados. \u201cAs portas est\u00e3o se abrindo, tenho tido muitas agendas em Goi\u00e1s e proje\u00e7\u00f5es para outros estados. A caminhada \u00e9 longa, mas cada conquista faz tudo valer a pena!\u201d, destaca.<\/p>\n\n\n\n<p><strong>O lan\u00e7amento de \u201cShampoo\u201d<\/strong><br>Na sexta-feira, 21 de fevereiro, Gabi Amaral lan\u00e7ou \u201cShampoo\u201d, sua primeira m\u00fasica no Spotify, com participa\u00e7\u00e3o de Ronny Martins. A can\u00e7\u00e3o fala sobre saudade, amor e a luta interna para superar um t\u00e9rmino. Apesar dos esfor\u00e7os para esquecer, tudo ao redor traz lembran\u00e7as de um amor verdadeiro.<\/p>\n\n\n\n<figure class=\"wp-block-image size-full\"><img loading=\"lazy\" decoding=\"async\" width=\"900\" height=\"530\" src=\"https:\/\/focotocantinense.com.br\/wp-content\/uploads\/2025\/02\/xxxxxxxxxx.jpg\" alt=\"\" class=\"wp-image-9556\" srcset=\"https:\/\/focotocantinense.com.br\/wp-content\/uploads\/2025\/02\/xxxxxxxxxx.jpg 900w, https:\/\/focotocantinense.com.br\/wp-content\/uploads\/2025\/02\/xxxxxxxxxx-300x177.jpg 300w, https:\/\/focotocantinense.com.br\/wp-content\/uploads\/2025\/02\/xxxxxxxxxx-768x452.jpg 768w\" sizes=\"auto, (max-width: 900px) 100vw, 900px\" \/><\/figure>\n\n\n\n<p><\/p>\n\n\n\n<p><strong>A inspira\u00e7\u00e3o para a can\u00e7\u00e3o<\/strong><br>A composi\u00e7\u00e3o de \u201cShampoo\u201d surgiu em 2021, quando Gabi buscava escrever algo especial que tocasse o p\u00fablico. \u201cSentada no ch\u00e3o do meu quarto com um viol\u00e3o, l\u00e1pis e uma folha sem verso, descrevi relatos de um sentimento, usando como inspira\u00e7\u00e3o mem\u00f3rias e objetos pr\u00f3ximos a mim\u201d, relembra a artista.<\/p>\n\n\n\n<figure class=\"wp-block-image size-full\"><img loading=\"lazy\" decoding=\"async\" width=\"900\" height=\"530\" src=\"https:\/\/focotocantinense.com.br\/wp-content\/uploads\/2025\/02\/Gabi-Amaral-Shampoo-1.jpg\" alt=\"\" class=\"wp-image-9558\" srcset=\"https:\/\/focotocantinense.com.br\/wp-content\/uploads\/2025\/02\/Gabi-Amaral-Shampoo-1.jpg 900w, https:\/\/focotocantinense.com.br\/wp-content\/uploads\/2025\/02\/Gabi-Amaral-Shampoo-1-300x177.jpg 300w, https:\/\/focotocantinense.com.br\/wp-content\/uploads\/2025\/02\/Gabi-Amaral-Shampoo-1-768x452.jpg 768w\" sizes=\"auto, (max-width: 900px) 100vw, 900px\" \/><\/figure>\n\n\n\n<p><\/p>\n\n\n\n<p><strong>Produ\u00e7\u00e3o e perspectivas<\/strong><br>A prepara\u00e7\u00e3o para o lan\u00e7amento incluiu a grava\u00e7\u00e3o no Celeiro Studio 360, em Goi\u00e2nia, na quinta-feira, 20 de fevereiro, ao lado de Mavih Ara\u00fajo. Com um caminho promissor pela frente, Gabi Amaral segue conquistando espa\u00e7o no meio musical, inspirando quem a acompanha e mostrando que persist\u00eancia e paix\u00e3o pela m\u00fasica fazem toda a diferen\u00e7a.<\/p>\n\n\n\n<figure class=\"wp-block-image size-full\"><img loading=\"lazy\" decoding=\"async\" width=\"843\" height=\"251\" src=\"https:\/\/focotocantinense.com.br\/wp-content\/uploads\/2025\/02\/midia-vinicius-6.jpg\" alt=\"\" class=\"wp-image-9560\" srcset=\"https:\/\/focotocantinense.com.br\/wp-content\/uploads\/2025\/02\/midia-vinicius-6.jpg 843w, https:\/\/focotocantinense.com.br\/wp-content\/uploads\/2025\/02\/midia-vinicius-6-300x89.jpg 300w, https:\/\/focotocantinense.com.br\/wp-content\/uploads\/2025\/02\/midia-vinicius-6-768x229.jpg 768w\" sizes=\"auto, (max-width: 843px) 100vw, 843px\" \/><\/figure>\n","protected":false},"excerpt":{"rendered":"<p>Por Jonas Amaral &#8220;Sonhar \u00e9 o primeiro passo para realizar. Desde pequena, sempre acreditei que a m\u00fasica poderia me levar a lugares incr\u00edveis, e hoje estou vivendo isso\u201d. Com essas palavras, a cantora Gabi Amaral traduz a emo\u00e7\u00e3o de um momento marcante em sua trajet\u00f3ria. Natural de S\u00e3o Geraldo do Araguaia (PA), mas de cora\u00e7\u00e3o &hellip;<\/p>\n","protected":false},"author":5,"featured_media":9552,"comment_status":"open","ping_status":"open","sticky":false,"template":"","format":"standard","meta":{"footnotes":""},"categories":[1],"tags":[],"class_list":["post-9551","post","type-post","status-publish","format-standard","has-post-thumbnail","","category-sem-categoria"],"_links":{"self":[{"href":"https:\/\/focotocantinense.com.br\/index.php?rest_route=\/wp\/v2\/posts\/9551","targetHints":{"allow":["GET"]}}],"collection":[{"href":"https:\/\/focotocantinense.com.br\/index.php?rest_route=\/wp\/v2\/posts"}],"about":[{"href":"https:\/\/focotocantinense.com.br\/index.php?rest_route=\/wp\/v2\/types\/post"}],"author":[{"embeddable":true,"href":"https:\/\/focotocantinense.com.br\/index.php?rest_route=\/wp\/v2\/users\/5"}],"replies":[{"embeddable":true,"href":"https:\/\/focotocantinense.com.br\/index.php?rest_route=%2Fwp%2Fv2%2Fcomments&post=9551"}],"version-history":[{"count":6,"href":"https:\/\/focotocantinense.com.br\/index.php?rest_route=\/wp\/v2\/posts\/9551\/revisions"}],"predecessor-version":[{"id":9561,"href":"https:\/\/focotocantinense.com.br\/index.php?rest_route=\/wp\/v2\/posts\/9551\/revisions\/9561"}],"wp:featuredmedia":[{"embeddable":true,"href":"https:\/\/focotocantinense.com.br\/index.php?rest_route=\/wp\/v2\/media\/9552"}],"wp:attachment":[{"href":"https:\/\/focotocantinense.com.br\/index.php?rest_route=%2Fwp%2Fv2%2Fmedia&parent=9551"}],"wp:term":[{"taxonomy":"category","embeddable":true,"href":"https:\/\/focotocantinense.com.br\/index.php?rest_route=%2Fwp%2Fv2%2Fcategories&post=9551"},{"taxonomy":"post_tag","embeddable":true,"href":"https:\/\/focotocantinense.com.br\/index.php?rest_route=%2Fwp%2Fv2%2Ftags&post=9551"}],"curies":[{"name":"wp","href":"https:\/\/api.w.org\/{rel}","templated":true}]}}