{"id":9544,"date":"2025-02-24T11:20:47","date_gmt":"2025-02-24T14:20:47","guid":{"rendered":"https:\/\/focotocantinense.com.br\/?p=9544"},"modified":"2025-02-24T11:22:19","modified_gmt":"2025-02-24T14:22:19","slug":"com-apoio-da-prefeitura-distribuidora-de-produtos-para-panificacao-vai-ampliar-negocios-em-gurupi","status":"publish","type":"post","link":"https:\/\/focotocantinense.com.br\/?p=9544","title":{"rendered":"Com apoio da Prefeitura, distribuidora de produtos para panifica\u00e7\u00e3o vai ampliar neg\u00f3cios em Gurupi"},"content":{"rendered":"\n<p><\/p>\n\n\n\n<p>Em raz\u00e3o da pol\u00edtica de incentivo aos empres\u00e1rios exercida pela gest\u00e3o municipal, Gurupi tem recebido muitos empres\u00e1rios que desejam se instalar no munic\u00edpio ou ampliar seus neg\u00f3cios.&nbsp;Na \u00faltima sexta-feira, 21, o secret\u00e1rio de Desenvolvimento Econ\u00f4mico e Meio Ambiente, Wilson de Souza, recebeu os diretores da S\/A Alimentos, empresa do Estado de Goi\u00e1s, para alinhar demandas referentes \u00e0 amplia\u00e7\u00e3o da empresa na cidade.<\/p>\n\n\n\n<p>A S\/A Alimentos, que atua na distribui\u00e7\u00e3o de ingredientes para panifica\u00e7\u00e3o, confeitaria e sorveteria, est\u00e1 presente em Gurupi desde 2018, operando em um pr\u00e9dio no centro da cidade. Agora, a empresa busca expandir suas atividades para uma nova \u00e1rea no Parque Agroindustrial de Gurupi (PAIG), o que possibilitar\u00e1 maior capacidade produtiva e melhor log\u00edstica para atender seus clientes.<\/p>\n\n\n\n<p>Participaram da reuni\u00e3o o diretor comercial da S\/A Alimentos, Jo\u00e3o Carlos, o gerente comercial Eduardo Barbacena, Gleyson Alves e a servidora da diretoria de Ind\u00fastria e Com\u00e9rcio, Daniela Prudente.<\/p>\n\n\n\n<p>O secret\u00e1rio Wilson de Souza destacou que a gest\u00e3o municipal tem como determina\u00e7\u00e3o da prefeita Josi Nunes fortalecer a economia local por meio da atra\u00e7\u00e3o de empres\u00e1rios e amplia\u00e7\u00e3o de neg\u00f3cios j\u00e1 instalados. \u201cNosso trabalho tem sido voltado para criar um ambiente prop\u00edcio para os investimentos, pois sabemos que a chegada de novas empresas resulta na gera\u00e7\u00e3o de empregos e renda para a popula\u00e7\u00e3o gurupiense\u201d, afirmou.<\/p>\n\n\n\n<p>O diretor comercial da empresa, Jo\u00e3o Carlos Feliciano, refor\u00e7ou que a decis\u00e3o de se instalar, e agora, expandir as atividades em Gurupi se deu pela localiza\u00e7\u00e3o estrat\u00e9gica e pelo potencial de crescimento da cidade. &#8220;Fomos muito bem recebidos pelo poder p\u00fablico local, em especial pela prefeita Josi Nunes e pelo secret\u00e1rio Wilson Souza. Acreditamos que essa amplia\u00e7\u00e3o ser\u00e1 um passo fundamental no nosso processo de expans\u00e3o para a regi\u00e3o Norte do pa\u00eds&#8221;, ressaltou.<\/p>\n\n\n\n<figure class=\"wp-block-image size-large\"><img loading=\"lazy\" decoding=\"async\" width=\"1024\" height=\"768\" src=\"https:\/\/focotocantinense.com.br\/wp-content\/uploads\/2025\/02\/xxxxxxxxxxxxxx-1024x768.jpeg\" alt=\"\" class=\"wp-image-9545\" srcset=\"https:\/\/focotocantinense.com.br\/wp-content\/uploads\/2025\/02\/xxxxxxxxxxxxxx-1024x768.jpeg 1024w, https:\/\/focotocantinense.com.br\/wp-content\/uploads\/2025\/02\/xxxxxxxxxxxxxx-300x225.jpeg 300w, https:\/\/focotocantinense.com.br\/wp-content\/uploads\/2025\/02\/xxxxxxxxxxxxxx-768x576.jpeg 768w, https:\/\/focotocantinense.com.br\/wp-content\/uploads\/2025\/02\/xxxxxxxxxxxxxx.jpeg 1280w\" sizes=\"auto, (max-width: 1024px) 100vw, 1024px\" \/><\/figure>\n\n\n\n<p><\/p>\n\n\n\n<figure class=\"wp-block-image size-full\"><img loading=\"lazy\" decoding=\"async\" width=\"843\" height=\"251\" src=\"https:\/\/focotocantinense.com.br\/wp-content\/uploads\/2025\/02\/midia-vinicius-5.jpg\" alt=\"\" class=\"wp-image-9549\" srcset=\"https:\/\/focotocantinense.com.br\/wp-content\/uploads\/2025\/02\/midia-vinicius-5.jpg 843w, https:\/\/focotocantinense.com.br\/wp-content\/uploads\/2025\/02\/midia-vinicius-5-300x89.jpg 300w, https:\/\/focotocantinense.com.br\/wp-content\/uploads\/2025\/02\/midia-vinicius-5-768x229.jpg 768w\" sizes=\"auto, (max-width: 843px) 100vw, 843px\" \/><\/figure>\n","protected":false},"excerpt":{"rendered":"<p>Em raz\u00e3o da pol\u00edtica de incentivo aos empres\u00e1rios exercida pela gest\u00e3o municipal, Gurupi tem recebido muitos empres\u00e1rios que desejam se instalar no munic\u00edpio ou ampliar seus neg\u00f3cios.&nbsp;Na \u00faltima sexta-feira, 21, o secret\u00e1rio de Desenvolvimento Econ\u00f4mico e Meio Ambiente, Wilson de Souza, recebeu os diretores da S\/A Alimentos, empresa do Estado de Goi\u00e1s, para alinhar demandas &hellip;<\/p>\n","protected":false},"author":5,"featured_media":9545,"comment_status":"open","ping_status":"open","sticky":false,"template":"","format":"standard","meta":{"footnotes":""},"categories":[38,1],"tags":[],"class_list":["post-9544","post","type-post","status-publish","format-standard","has-post-thumbnail","","category-gurupi","category-sem-categoria"],"_links":{"self":[{"href":"https:\/\/focotocantinense.com.br\/index.php?rest_route=\/wp\/v2\/posts\/9544","targetHints":{"allow":["GET"]}}],"collection":[{"href":"https:\/\/focotocantinense.com.br\/index.php?rest_route=\/wp\/v2\/posts"}],"about":[{"href":"https:\/\/focotocantinense.com.br\/index.php?rest_route=\/wp\/v2\/types\/post"}],"author":[{"embeddable":true,"href":"https:\/\/focotocantinense.com.br\/index.php?rest_route=\/wp\/v2\/users\/5"}],"replies":[{"embeddable":true,"href":"https:\/\/focotocantinense.com.br\/index.php?rest_route=%2Fwp%2Fv2%2Fcomments&post=9544"}],"version-history":[{"count":3,"href":"https:\/\/focotocantinense.com.br\/index.php?rest_route=\/wp\/v2\/posts\/9544\/revisions"}],"predecessor-version":[{"id":9550,"href":"https:\/\/focotocantinense.com.br\/index.php?rest_route=\/wp\/v2\/posts\/9544\/revisions\/9550"}],"wp:featuredmedia":[{"embeddable":true,"href":"https:\/\/focotocantinense.com.br\/index.php?rest_route=\/wp\/v2\/media\/9545"}],"wp:attachment":[{"href":"https:\/\/focotocantinense.com.br\/index.php?rest_route=%2Fwp%2Fv2%2Fmedia&parent=9544"}],"wp:term":[{"taxonomy":"category","embeddable":true,"href":"https:\/\/focotocantinense.com.br\/index.php?rest_route=%2Fwp%2Fv2%2Fcategories&post=9544"},{"taxonomy":"post_tag","embeddable":true,"href":"https:\/\/focotocantinense.com.br\/index.php?rest_route=%2Fwp%2Fv2%2Ftags&post=9544"}],"curies":[{"name":"wp","href":"https:\/\/api.w.org\/{rel}","templated":true}]}}